{"id":1774,"date":"2026-02-02T04:55:07","date_gmt":"2026-02-02T04:55:07","guid":{"rendered":"https:\/\/lifevery.biz.ua\/?p=1774"},"modified":"2026-02-02T04:55:07","modified_gmt":"2026-02-02T04:55:07","slug":"smolasty-w-koncu-zabral-glos-w-sprawie-relacji-z-doda-jego-slowa-o-rozstaniu-i-rozejsciu-sie-drog-zostawiaja-wiecej-pytan-niz-odpowiedzi","status":"publish","type":"post","link":"https:\/\/lifevery.biz.ua\/?p=1774","title":{"rendered":"Smolasty w ko\u0144cu zabra\u0142 g\u0142os w sprawie relacji z Dod\u0105. Jego s\u0142owa o rozstaniu i \u201erozej\u015bciu si\u0119 dr\u00f3g\u201d zostawiaj\u0105 wi\u0119cej pyta\u0144 ni\u017c odpowiedzi."},"content":{"rendered":"\n<p>Podczas tegorocznej \u201eSylwestrowej Mocy Przeboj\u00f3w\u201d organizowanej przez Polsat Smolasty by\u0142 jedn\u0105 z najbardziej wyczekiwanych gwiazd wieczoru. Artysta zaprezentowa\u0142 na scenie swoje najwi\u0119ksze przeboje, w tym utw\u00f3r \u201eNim zajdzie s\u0142o\u0144ce\u201d, kt\u00f3ry dwa lata temu przez d\u0142ugi czas dominowa\u0142 na polskich listach przeboj\u00f3w. Wielu fan\u00f3w zwr\u00f3ci\u0142o jednak uwag\u0119 na jedn\u0105, znacz\u0105c\u0105 nieobecno\u015b\u0107. U boku wokalisty zabrak\u0142o Dody, z kt\u00f3r\u0105 piosenka by\u0142a pierwotnie nagrana i kt\u00f3ra przez d\u0142ugi czas kojarzona by\u0142a z tym projektem.<\/p>\n\n\n\n<p>Zamiast Dody na scenie pojawi\u0142a si\u0119 Klaudia J\u00f3\u017awiak, znana publiczno\u015bci pod pseudonimem Imi. Jej obecno\u015b\u0107 natychmiast wzbudzi\u0142a ogromne zainteresowanie medi\u00f3w i internaut\u00f3w, poniewa\u017c w przesz\u0142o\u015bci \u0142\u0105czy\u0142a j\u0105 ze Smolastym nie tylko wsp\u00f3\u0142praca muzyczna, ale r\u00f3wnie\u017c relacja prywatna. Wyst\u0119p duetu by\u0142 szeroko komentowany, a widzowie szybko zacz\u0119li spekulowa\u0107, czy taki wyb\u00f3r wokalistki by\u0142 jedynie decyzj\u0105 artystyczn\u0105, czy te\u017c mia\u0142 g\u0142\u0119bsze znaczenie.<\/p>\n\n\n<div class=\"wp-block-image\">\n<figure class=\"aligncenter\"><img decoding=\"async\" src=\"https:\/\/images.immediate.co.uk\/production\/volatile\/sites\/49\/2024\/05\/GLOWNE-f9167eb.jpg?quality=90&amp;resize=980,654\" alt=\"Rozp\u0142ywaj\u0105 si\u0119 nad nowymi zdj\u0119ciami Dody i Smolastego. \u00abOni razem s\u0105 genialni\u00bb | Party.pl\"\/><\/figure>\n<\/div>\n\n\n<p>Dodatkowym kontekstem ca\u0142ej sytuacji by\u0142 fakt, \u017ce Doda w tym samym czasie wyst\u0119powa\u0142a na sylwestrze organizowanym przez konkurencyjn\u0105 stacj\u0119. Jej plany na zako\u0144czenie roku by\u0142y zupe\u0142nie inne, co definitywnie wykluczy\u0142o mo\u017cliwo\u015b\u0107 wsp\u00f3lnego wyst\u0119pu z Smolastym. Mimo to brak artystki u boku rapera sta\u0142 si\u0119 jednym z najcz\u0119\u015bciej poruszanych temat\u00f3w po koncercie.<\/p>\n\n\n\n<p>Wed\u0142ug os\u00f3b z otoczenia produkcji, wyst\u0119p z udzia\u0142em Imi by\u0142 starannie przygotowany i dopracowany w ka\u017cdym detalu. Podkre\u015blano, \u017ce mimo osobistej historii \u0142\u0105cz\u0105cej artyst\u00f3w, na scenie zachowali pe\u0142en profesjonalizm. Pr\u00f3by mia\u0142y przebiega\u0107 w dobrej atmosferze, a sama Klaudia mia\u0142a bez problemu odnale\u017a\u0107 si\u0119 w roli, kt\u00f3r\u0105 wcze\u015bniej pe\u0142ni\u0142a Doda. Widzowie mogli zobaczy\u0107 emocjonalny wyst\u0119p po\u0142\u0105czony z dynamiczn\u0105 choreografi\u0105, co tylko podsyci\u0142o zainteresowanie ca\u0142ym wydarzeniem.<\/p>\n\n\n\n<p>Po sylwestrze Smolasty postanowi\u0142 w ko\u0144cu odnie\u015b\u0107 si\u0119 do licznych pyta\u0144 dotycz\u0105cych jego relacji z Dod\u0105. W jednym z wywiad\u00f3w artysta otwarcie przyzna\u0142, \u017ce ich kontakt od dawna ogranicza si\u0119 wy\u0142\u0105cznie do sfery zawodowej, a w zasadzie \u2013 do wspomnie\u0144 wsp\u00f3lnych projekt\u00f3w. Podkre\u015bli\u0142, \u017ce nigdy nie \u0142\u0105czy\u0142a ich relacja romantyczna, a fundamentem ich znajomo\u015bci by\u0142a wy\u0142\u0105cznie muzyka.<\/p>\n\n\n<div class=\"wp-block-image\">\n<figure class=\"aligncenter\"><img decoding=\"async\" src=\"https:\/\/glamrap.pl\/wp-content\/uploads\/2024\/05\/smolasty.jpg\" alt=\"Nie \u017ca\u0142uj\u0119\u00bb - Smolasty i Doda kontynuuj\u0105 wsp\u00f3\u0142prac\u0119\"\/><\/figure>\n<\/div>\n\n\n<p>Wokalista wyja\u015bni\u0142, \u017ce przez intensywny okres wsp\u00f3\u0142pracy, kiedy powstawa\u0142y dwa wsp\u00f3lne utwory, mieli ze sob\u0105 cz\u0119sty kontakt i dobrze si\u0119 rozumieli artystycznie. Jednak w momencie, gdy przestali pracowa\u0107 razem, ich drogi naturalnie si\u0119 rozesz\u0142y. Smolasty zaznaczy\u0142, \u017ce nie towarzysz\u0105 temu \u017cadne negatywne emocje, a mi\u0119dzy nim a Dod\u0105 nie ma konfliktu ani z\u0142ej krwi.<\/p>\n\n\n\n<p>Artysta doda\u0142 r\u00f3wnie\u017c, \u017ce podczas sylwestrowego koncertu publiczno\u015b\u0107 domaga\u0142a si\u0119 wykonania ca\u0142ego utworu, co wymaga\u0142o obecno\u015bci kobiecego wokalu. Sam nie chcia\u0142 wykonywa\u0107 dw\u00f3ch m\u0119skich zwrotek, dlatego zdecydowa\u0142 si\u0119 zaprosi\u0107 do wsp\u00f3\u0142pracy wokalistk\u0119, kt\u00f3ra sprosta\u0142aby temu zadaniu. Jak podkre\u015bli\u0142, potrzebowa\u0142 silnego, kobiecego g\u0142osu i znalaz\u0142 go w\u0142a\u015bnie w Imi.<\/p>\n\n\n\n<p>Na zako\u0144czenie Smolasty zaznaczy\u0142, \u017ce \u017cyczy Dodzie jak najlepiej i z szacunkiem odnosi si\u0119 do ich wsp\u00f3lnej przesz\u0142o\u015bci artystycznej. Jednocze\u015bnie jasno da\u0142 do zrozumienia, \u017ce dzi\u015b ka\u017cde z nich pod\u0105\u017ca w\u0142asn\u0105 drog\u0105, a to, co ich kiedy\u015b \u0142\u0105czy\u0142o, pozostaje zamkni\u0119tym rozdzia\u0142em.<\/p>\n","protected":false},"excerpt":{"rendered":"Podczas tegorocznej \u201eSylwestrowej Mocy Przeboj\u00f3w\u201d organizowanej przez Polsat Smolasty by\u0142 jedn\u0105 z najbardziej wyczekiwanych gwiazd wieczoru. Artysta zaprezentowa\u0142 na scenie swoje najwi\u0119ksze przeboje, \n<a class=\"moretag\" href=\"https:\/\/lifevery.biz.ua\/?p=1774\"> [...]<\/a>","protected":false},"author":1,"featured_media":1775,"comment_status":"open","ping_status":"open","sticky":false,"template":"","format":"standard","meta":{"footnotes":""},"categories":[1],"tags":[],"class_list":["post-1774","post","type-post","status-publish","format-standard","has-post-thumbnail","hentry","category-blog"],"_links":{"self":[{"href":"https:\/\/lifevery.biz.ua\/index.php?rest_route=\/wp\/v2\/posts\/1774","targetHints":{"allow":["GET"]}}],"collection":[{"href":"https:\/\/lifevery.biz.ua\/index.php?rest_route=\/wp\/v2\/posts"}],"about":[{"href":"https:\/\/lifevery.biz.ua\/index.php?rest_route=\/wp\/v2\/types\/post"}],"author":[{"embeddable":true,"href":"https:\/\/lifevery.biz.ua\/index.php?rest_route=\/wp\/v2\/users\/1"}],"replies":[{"embeddable":true,"href":"https:\/\/lifevery.biz.ua\/index.php?rest_route=%2Fwp%2Fv2%2Fcomments&post=1774"}],"version-history":[{"count":1,"href":"https:\/\/lifevery.biz.ua\/index.php?rest_route=\/wp\/v2\/posts\/1774\/revisions"}],"predecessor-version":[{"id":1776,"href":"https:\/\/lifevery.biz.ua\/index.php?rest_route=\/wp\/v2\/posts\/1774\/revisions\/1776"}],"wp:featuredmedia":[{"embeddable":true,"href":"https:\/\/lifevery.biz.ua\/index.php?rest_route=\/wp\/v2\/media\/1775"}],"wp:attachment":[{"href":"https:\/\/lifevery.biz.ua\/index.php?rest_route=%2Fwp%2Fv2%2Fmedia&parent=1774"}],"wp:term":[{"taxonomy":"category","embeddable":true,"href":"https:\/\/lifevery.biz.ua\/index.php?rest_route=%2Fwp%2Fv2%2Fcategories&post=1774"},{"taxonomy":"post_tag","embeddable":true,"href":"https:\/\/lifevery.biz.ua\/index.php?rest_route=%2Fwp%2Fv2%2Ftags&post=1774"}],"curies":[{"name":"wp","href":"https:\/\/api.w.org\/{rel}","templated":true}]}}