{"id":1771,"date":"2026-02-02T04:53:47","date_gmt":"2026-02-02T04:53:47","guid":{"rendered":"https:\/\/lifevery.biz.ua\/?p=1771"},"modified":"2026-02-02T04:53:47","modified_gmt":"2026-02-02T04:53:47","slug":"smolasty-w-koncu-zabral-glos-skomentowal-fale-krytyki-jaka-spadla-na-niego-po-sylwestrze","status":"publish","type":"post","link":"https:\/\/lifevery.biz.ua\/?p=1771","title":{"rendered":"Smolasty w ko\u0144cu zabra\u0142 g\u0142os. Skomentowa\u0142 fal\u0119 krytyki, jaka spad\u0142a na niego po sylwestrze."},"content":{"rendered":"\n<p>Kilka tygodni po burzliwych wydarzeniach, kt\u00f3re rozegra\u0142y si\u0119 podczas sylwestrowego koncertu, Smolasty zdecydowa\u0142 si\u0119 po raz pierwszy ustosunkowa\u0107 do fali komentarzy i krytyki, jaka pojawi\u0142a si\u0119 w mediach i w\u015br\u00f3d internaut\u00f3w. Wydarzenia te mia\u0142y miejsce po jego wykonaniu utworu \u201eNim zajdzie s\u0142o\u0144ce\u201d podczas koncertu telewizyjnego w Toruniu. Wielu widz\u00f3w i fan\u00f3w by\u0142o zaskoczonych faktem, \u017ce artysta wyst\u0105pi\u0142 bez Dody, wsp\u00f3\u0142autorki i pierwotnej wykonawczyni tej piosenki. Brak gwiazdy u boku Smolastego wywo\u0142a\u0142 szerok\u0105 dyskusj\u0119 w mediach i w \u015brodowisku show-biznesowym, a management Dody apelowa\u0142, aby muzyk zrezygnowa\u0142 z takiego planu. Decyzje podj\u0119te podczas sylwestrowej nocy odbi\u0142y si\u0119 g\u0142o\u015bnym echem, wywo\u0142uj\u0105c zar\u00f3wno fal\u0119 krytyki, jak i liczne komentarze fan\u00f3w.<\/p>\n\n\n\n<p>Artysta po raz pierwszy odni\u00f3s\u0142 si\u0119 do ca\u0142ej sytuacji w rozmowie na antenie RMF FM, gdzie premierowo zaprezentowano wsp\u00f3lny numer Smolastego i IMI, czyli Klaudii J\u00f3\u017awiak. Wywiad poprowadzi\u0142a dziennikarka Ola Filipek, a w trakcie rozmowy muzycy opowiedzieli nie tylko o kulisach powstawania piosenki, ale r\u00f3wnie\u017c o kontrowersjach, kt\u00f3re narodzi\u0142y si\u0119 po sylwestrowym wyst\u0119pie. Smolasty podkre\u015bli\u0142, \u017ce jest autorem wszystkich utwor\u00f3w, kt\u00f3re wykonuje, w tym tak\u017ce \u201eNim zajdzie s\u0142o\u0144ce\u201d, i \u017ce powstaj\u0105 one w ramach jego projekt\u00f3w wydawniczych. Wyja\u015bni\u0142, \u017ce najpierw pracuje nad kompozycj\u0105 samodzielnie, a dopiero potem zaprasza go\u015bcia, kt\u00f3ry nagrywa refren lub dodatkowe partie.<\/p>\n\n\n<div class=\"wp-block-image\">\n<figure class=\"aligncenter\"><img decoding=\"async\" src=\"https:\/\/glamrap.pl\/wp-content\/uploads\/2026\/01\/smolasty-imi.jpg\" alt=\"Smolasty &amp; IMI - w romantycznym \u00abP\u00f3ki mam Ciebie\u00bb\"\/><\/figure>\n<\/div>\n\n\n<p>W przypadku wersji nagranej z Dod\u0105 Smolasty zaznaczy\u0142, \u017ce by\u0142 to pe\u0142noprawny duet i dlatego nie czu\u0142 mo\u017cliwo\u015bci wykonywania ca\u0142ego utworu w pojedynk\u0119. Podczas sylwestra w Toruniu zdecydowa\u0142 si\u0119 zaprosi\u0107 na scen\u0119 IMI, co wed\u0142ug niego by\u0142o naturalnym i logicznym rozwi\u0105zaniem. Jak t\u0142umaczy\u0142, nie chcia\u0142 wykonywa\u0107 dw\u00f3ch m\u0119skich zwrotek ani po\u0142owy utworu, poniewa\u017c to nie oddawa\u0142oby w pe\u0142ni charakteru utworu i oczekiwa\u0144 publiczno\u015bci. Publiczno\u015b\u0107 w Toruniu domaga\u0142a si\u0119 pe\u0142nego wykonania utworu, a Smolasty podkre\u015bli\u0142, \u017ce w takiej sytuacji jego decyzja by\u0142a s\u0142uszna i zgodna z artystycznym zamys\u0142em.<\/p>\n\n\n\n<p>Zamieszanie wok\u00f3\u0142 wyst\u0119pu sylwestrowego nie tylko przyci\u0105gn\u0119\u0142o uwag\u0119 medi\u00f3w, ale r\u00f3wnie\u017c zacie\u015bni\u0142o relacj\u0119 Smolastego z IMI. Efektem tej wsp\u00f3\u0142pracy jest wsp\u00f3lny singiel \u201eP\u00f3ki mam ciebie\u201d, kt\u00f3ry zosta\u0142 zaprezentowany premierowo na antenie RMF FM. Arty\u015bci przyznaj\u0105, \u017ce to dopiero pocz\u0105tek ich muzycznej wsp\u00f3\u0142pracy \u2013 w szufladzie czeka jeszcze wiele wsp\u00f3lnych kompozycji, kt\u00f3re powsta\u0142y w wyniku d\u0142ugich rozm\u00f3w i cz\u0119stych spotka\u0144. Cho\u0107 wi\u0119\u017a mi\u0119dzy muzykami wyra\u017anie si\u0119 rozwija, na razie nie okre\u015blaj\u0105 si\u0119 mianem pary.<\/p>\n\n\n\n<p>Smolasty podkre\u015bli\u0142 r\u00f3wnie\u017c, \u017ce ca\u0142a sytuacja nauczy\u0142a go, jak wa\u017cne jest podejmowanie \u015bwiadomych decyzji artystycznych i jak \u0142atwo mog\u0105 powsta\u0107 kontrowersje, je\u015bli oczekiwania publiczno\u015bci i realia sceniczne nie s\u0105 zgodne. Wsp\u00f3lny projekt z IMI jest dla niego okazj\u0105 do eksplorowania nowych brzmie\u0144 i poszerzania muzycznych horyzont\u00f3w. Artysta zaznaczy\u0142 r\u00f3wnie\u017c, \u017ce nie ma \u017cadnej z\u0142ej krwi wobec Dody, a jego wybory sceniczne wynikaj\u0105 wy\u0142\u0105cznie z potrzeby realizacji artystycznej, a nie z osobistych ambicji czy konflikt\u00f3w.<\/p>\n\n\n<div class=\"wp-block-image\">\n<figure class=\"aligncenter\"><img decoding=\"async\" src=\"https:\/\/v.wpimg.pl\/OGJjNjY0YCYrCDhZdkttM2hQbAMwEmNlP0h0SHYJe3cyRSgDNVU9IjoFYA0rRT8mPRpgGjUfLjcjRThbdlQmNDoGLxN2VSIlLw5hU2lTKSR5WHpHbAJ7I2deLFNqHXclcwljXDgHfX8oCXhcbQApZTc\" alt=\"Smolasty &amp; IMI \u2013 \u00abP\u00f3ki mam Ciebie\u00bb: Duet, o kt\u00f3rym m\u00f3wi si\u0119 od Sylwestra - \u0532\u0561\u0581 FM\"\/><\/figure>\n<\/div>\n\n\n<p>Pytanie, jak zareaguje Doda na t\u0119 rozwijaj\u0105c\u0105 si\u0119 wsp\u00f3\u0142prac\u0119 Smolastego i IMI, wci\u0105\u017c pozostaje otwarte. Fani spekuluj\u0105, czy do\u015bwiadczenia z sylwestra wp\u0142yn\u0105 na przysz\u0142e relacje muzyczne obu artyst\u00f3w, czy te\u017c pozostan\u0105 one wy\u0142\u0105cznie wspomnieniem wsp\u00f3lnych projekt\u00f3w. Tymczasem Smolasty i IMI kontynuuj\u0105 prac\u0119 nad nowymi kompozycjami, a ich wsp\u00f3\u0142praca wydaje si\u0119 by\u0107 pe\u0142na kreatywno\u015bci i wzajemnego zrozumienia.<\/p>\n\n\n\n<p>W ten spos\u00f3b sytuacja, kt\u00f3ra pocz\u0105tkowo wzbudzi\u0142a kontrowersje i fal\u0119 krytyki, sta\u0142a si\u0119 pocz\u0105tkiem nowego etapu w karierze Smolastego i otworzy\u0142a drzwi do \u015bwie\u017cych projekt\u00f3w z IMI, pokazuj\u0105c, \u017ce niekiedy trudne decyzje sceniczne mog\u0105 prowadzi\u0107 do ciekawych i inspiruj\u0105cych efekt\u00f3w muzycznych.<\/p>\n\n\n\n<iframe loading=\"lazy\" width=\"560\" height=\"315\" src=\"https:\/\/www.youtube.com\/embed\/OqseRMY3o0k\" title=\"Smolasty &amp; IMI - P\u00f3ki Mam Ciebie (prod. Jonatan) [Official Music Video]\" frameborder=\"0\" allow=\"accelerometer; autoplay; clipboard-write; encrypted-media; gyroscope; picture-in-picture; web-share\" referrerpolicy=\"strict-origin-when-cross-origin\" allowfullscreen><\/iframe>\n","protected":false},"excerpt":{"rendered":"Kilka tygodni po burzliwych wydarzeniach, kt\u00f3re rozegra\u0142y si\u0119 podczas sylwestrowego koncertu, Smolasty zdecydowa\u0142 si\u0119 po raz pierwszy ustosunkowa\u0107 do fali komentarzy i krytyki, \n<a class=\"moretag\" href=\"https:\/\/lifevery.biz.ua\/?p=1771\"> [...]<\/a>","protected":false},"author":1,"featured_media":1772,"comment_status":"open","ping_status":"open","sticky":false,"template":"","format":"standard","meta":{"footnotes":""},"categories":[1],"tags":[],"class_list":["post-1771","post","type-post","status-publish","format-standard","has-post-thumbnail","hentry","category-blog"],"_links":{"self":[{"href":"https:\/\/lifevery.biz.ua\/index.php?rest_route=\/wp\/v2\/posts\/1771","targetHints":{"allow":["GET"]}}],"collection":[{"href":"https:\/\/lifevery.biz.ua\/index.php?rest_route=\/wp\/v2\/posts"}],"about":[{"href":"https:\/\/lifevery.biz.ua\/index.php?rest_route=\/wp\/v2\/types\/post"}],"author":[{"embeddable":true,"href":"https:\/\/lifevery.biz.ua\/index.php?rest_route=\/wp\/v2\/users\/1"}],"replies":[{"embeddable":true,"href":"https:\/\/lifevery.biz.ua\/index.php?rest_route=%2Fwp%2Fv2%2Fcomments&post=1771"}],"version-history":[{"count":1,"href":"https:\/\/lifevery.biz.ua\/index.php?rest_route=\/wp\/v2\/posts\/1771\/revisions"}],"predecessor-version":[{"id":1773,"href":"https:\/\/lifevery.biz.ua\/index.php?rest_route=\/wp\/v2\/posts\/1771\/revisions\/1773"}],"wp:featuredmedia":[{"embeddable":true,"href":"https:\/\/lifevery.biz.ua\/index.php?rest_route=\/wp\/v2\/media\/1772"}],"wp:attachment":[{"href":"https:\/\/lifevery.biz.ua\/index.php?rest_route=%2Fwp%2Fv2%2Fmedia&parent=1771"}],"wp:term":[{"taxonomy":"category","embeddable":true,"href":"https:\/\/lifevery.biz.ua\/index.php?rest_route=%2Fwp%2Fv2%2Fcategories&post=1771"},{"taxonomy":"post_tag","embeddable":true,"href":"https:\/\/lifevery.biz.ua\/index.php?rest_route=%2Fwp%2Fv2%2Ftags&post=1771"}],"curies":[{"name":"wp","href":"https:\/\/api.w.org\/{rel}","templated":true}]}}