{"id":1757,"date":"2026-02-01T18:23:41","date_gmt":"2026-02-01T18:23:41","guid":{"rendered":"https:\/\/lifevery.biz.ua\/?p=1757"},"modified":"2026-02-01T18:23:41","modified_gmt":"2026-02-01T18:23:41","slug":"w-sprawie-filipa-gurlacza-to-nie-byly-plotki-aktor-osobiscie-poinformowal-fanow-jak-sie-ciesze-2","status":"publish","type":"post","link":"https:\/\/lifevery.biz.ua\/?p=1757","title":{"rendered":"W sprawie Filipa Gur\u0142acza to nie by\u0142y plotki. Aktor osobi\u015bcie poinformowa\u0142 fan\u00f3w! \u201eJak si\u0119 ciesz\u0119\u201d"},"content":{"rendered":"\n<p><strong>Najwa\u017cniejsze inforamacje:<\/strong><\/p>\n\n\n\n<ul class=\"wp-block-list\">\n<li><strong><a href=\"https:\/\/www.rmf.fm\/magazyn\/tag,Filip%20Gur%C5%82acz.html\">Filip Gur\u0142acz<\/a>\u00a0zosta\u0142 oficjalnie kapitanem dru\u017cyny w reaktywowanym programie \u201eKocham Ci\u0119, Polsko\u201d.<\/strong><\/li>\n\n\n\n<li><strong><a href=\"https:\/\/www.rmf.fm\/magazyn\/tag,Marzena%20Rogalska.html\">Marzena Rogalska<\/a>\u00a0poprowadzi nowy sezon, a premier\u0119 zaplanowano na 6 marca 2026 o godzinie 20:30 w\u00a0<a href=\"https:\/\/www.rmf.fm\/magazyn\/tag,TVP2.html\">TVP2<\/a>.<\/strong><\/li>\n\n\n\n<li><strong>Widzowie z entuzjazmem przyj\u0119li powr\u00f3t programu oraz wyb\u00f3r nowych kapitan\u00f3w.<\/strong><\/li>\n<\/ul>\n\n\n\n<hr class=\"wp-block-separator has-alpha-channel-opacity\"\/>\n\n\n\n<h2 class=\"wp-block-heading\">Wielki powr\u00f3t do TVP. Stacja wyda\u0142a komunikat ws. \u201eKocham Ci\u0119, Polsko\u201d. Gdzie i kiedy ogl\u0105da\u0107 nowy sezon?<\/h2>\n\n\n\n<p>Telewizja Polska oficjalnie og\u0142osi\u0142a powr\u00f3t jednego z najbardziej lubianych teleturniej\u00f3w ostatnich lat.&nbsp;<strong>\u201eKocham Ci\u0119, Polsko\u201d wraca na anten\u0119 TVP2 ju\u017c 6 marca 2026 roku o godzinie 20:30<\/strong>&nbsp;i b\u0119dzie g\u0142\u00f3wn\u0105 propozycj\u0105 stacji na pi\u0105tkowe wieczory. Program powstanie w nowej hali zdj\u0119ciowej na Woronicza, a nowy sezon ma liczy\u0107 10-11 odcink\u00f3w, z ka\u017cdym trwaj\u0105cym oko\u0142o 70 minut.<\/p>\n\n\n\n<p>Teleturniej, w kt\u00f3rym&nbsp;<strong>dwie dru\u017cyny z\u0142o\u017cone ze znanych osobowo\u015bci show-biznesu rywalizuj\u0105 z zakresu wiedzy o Polsce i Polakach<\/strong>, by\u0142 emitowany na antenie TVP2 w latach 2009\u20132012 oraz 2016\u20132018. Wcze\u015bniej program prowadzili Maciej Kurzajewski i Barbara Kurdej-Szatan, a w\u015br\u00f3d kapitanek i kapitan\u00f3w dru\u017cyn pojawiali si\u0119 m.in. Katarzyna Zieli\u0144ska, Marzena Rogalska, Joanna Koroniewska, Maciej Musia\u0142, Tomasz Kammel czy Antoni Kr\u00f3likowski.<\/p>\n\n\n\n<p>Czytaj tak\u017ce:&nbsp;<strong><a href=\"https:\/\/www.rmf.fm\/magazyn\/news,87222,gospodarz-kola-fortuny-z-partnerem-podzielili-sie-nowina-rodzina-sie-powieksza.html\">Gospodarz \u201eKo\u0142a fortuny\u201d z partnerem podzielili si\u0119 nowin\u0105. \u201eRodzina si\u0119 powi\u0119ksza\u201d<\/a><\/strong><\/p>\n\n\n\n<p>Produkcj\u0105 nowej serii zajmuje si\u0119 Jake Vision, a format powr\u00f3ci wkr\u00f3tce w od\u015bwie\u017conej ods\u0142onie. Widzowie ju\u017c teraz nie kryj\u0105 rado\u015bci z powodu powrotu programu: \u201eKocham ten program nareszcie wraca\u201d, \u201eAle super! Uwielbia\u0142am ten program! Mam nadziej\u0119, \u017ce z t\u0105 sam\u0105 piosenk\u0105\u201d.<\/p>\n\n\n\n<h2 class=\"wp-block-heading\">Gur\u0142acz osobi\u015bcie poinformowa\u0142 fan\u00f3w. Wkr\u00f3tce zobaczymy go w nowej roli<\/h2>\n\n\n\n<p>Od d\u0142u\u017cszego czasu trwa\u0142y spekulacje, kto zostanie nowymi kapitanami dru\u017cyn w \u201eKocham Ci\u0119, Polsko\u201d. Teraz wszystko sta\u0142o si\u0119 jasne \u2013&nbsp;<strong>Filip Gur\u0142acz i Micha\u0142 Koterski oficjalnie obejm\u0105 te role, co potwierdzi\u0142a TVP w specjalnym komunikacie<\/strong>. Program poprowadzi Marzena Rogalska, kt\u00f3ra ju\u017c wcze\u015bniej by\u0142a zwi\u0105zana z tym formatem.&nbsp;<strong>Dzi\u015b rano na oficjalnym Facebooku programu przekazano:<\/strong><\/p>\n\n\n\n<blockquote class=\"wp-block-quote is-layout-flow wp-block-quote-is-layout-flow\">\n<p>Filip Gur\u0142acz kapitanem w \u201eKocham Ci\u0119, Polsko\u201d! Startujemy ju\u017c wiosn\u0105 w TVP2<\/p>\n<\/blockquote>\n\n\n\n<p>Aktor podzieli\u0142 si\u0119 t\u0105 wiadomo\u015bci\u0105 r\u00f3wnie\u017c na swoim porfilu na Instagramie.<\/p>\n\n\n\n<iframe loading=\"lazy\" src=\"https:\/\/www.facebook.com\/plugins\/post.php?href=https%3A%2F%2Fwww.facebook.com%2FTelewizjaPolska%2Fposts%2Fpfbid02i7EcbJb3D2GN55m6T6VRemsMCiFYqCiHpcNQH3cXQT56othAhenNgQrCAmuTfDEl&#038;show_text=true&#038;width=500\" width=\"500\" height=\"610\" style=\"border:none;overflow:hidden\" scrolling=\"no\" frameborder=\"0\" allowfullscreen=\"true\" allow=\"autoplay; clipboard-write; encrypted-media; picture-in-picture; web-share\"><\/iframe>\n\n\n\n<p>Filip Gur\u0142acz to aktor znany z takich produkcji jak \u201eZakochani po uszy\u201d, \u201eDzielnica strachu\u201d, \u201eM jak mi\u0142o\u015b\u0107\u201d, \u201eLe\u015bnicz\u00f3wka\u201d czy filmy \u201eMiasto 44\u201d i \u201ePowidoki\u201d. Ostatnio zaj\u0105\u0142 drugie miejsce w finale 16. edycji programu \u201eDancing with the Stars. Taniec z gwiazdami\u201d w Polsacie, gdzie ta\u0144czy\u0142 w parze z Agnieszk\u0105 Kaczorowsk\u0105. Wcze\u015bniej by\u0142 tak\u017ce finalist\u0105 \u201eTwoja twarz brzmi znajomo\u201d.<\/p>\n\n\n\n<p>Wyb\u00f3r Gur\u0142acza spotka\u0142 si\u0119 z pozytywnym odbiorem widz\u00f3w. \u201eJak si\u0119 ciesz\u0119\u201d, \u201eLubi\u0119 tego aktora\u201d, \u201eB\u0119d\u0119 ogl\u0105da\u0107 i brawo\u201d \u2013 to tylko niekt\u00f3re z licznych komentarzy internaut\u00f3w.<\/p>\n\n\n\n<p>Czytaj tak\u017ce: Od plotek o Gur\u0142aczu i Kaczorowskiej a\u017c hucza\u0142o. \u017bona przerwa\u0142a milczenie<\/p>\n\n\n\n<p>Jak nowi kapitanowie poradz\u0105 sobie w swoich rolach? Przekonamy si\u0119 ju\u017c wkr\u00f3tce. Premiera nowego sezonu \u201eKocham Ci\u0119, Polsko\u201d ju\u017c 6 marca!<\/p>\n","protected":false},"excerpt":{"rendered":"Najwa\u017cniejsze inforamacje: Wielki powr\u00f3t do TVP. Stacja wyda\u0142a komunikat ws. \u201eKocham Ci\u0119, Polsko\u201d. Gdzie i kiedy ogl\u0105da\u0107 nowy sezon? Telewizja Polska oficjalnie og\u0142osi\u0142a \n<a class=\"moretag\" href=\"https:\/\/lifevery.biz.ua\/?p=1757\"> [...]<\/a>","protected":false},"author":1,"featured_media":1758,"comment_status":"open","ping_status":"open","sticky":false,"template":"","format":"standard","meta":{"footnotes":""},"categories":[1],"tags":[],"class_list":["post-1757","post","type-post","status-publish","format-standard","has-post-thumbnail","hentry","category-blog"],"_links":{"self":[{"href":"https:\/\/lifevery.biz.ua\/index.php?rest_route=\/wp\/v2\/posts\/1757","targetHints":{"allow":["GET"]}}],"collection":[{"href":"https:\/\/lifevery.biz.ua\/index.php?rest_route=\/wp\/v2\/posts"}],"about":[{"href":"https:\/\/lifevery.biz.ua\/index.php?rest_route=\/wp\/v2\/types\/post"}],"author":[{"embeddable":true,"href":"https:\/\/lifevery.biz.ua\/index.php?rest_route=\/wp\/v2\/users\/1"}],"replies":[{"embeddable":true,"href":"https:\/\/lifevery.biz.ua\/index.php?rest_route=%2Fwp%2Fv2%2Fcomments&post=1757"}],"version-history":[{"count":1,"href":"https:\/\/lifevery.biz.ua\/index.php?rest_route=\/wp\/v2\/posts\/1757\/revisions"}],"predecessor-version":[{"id":1759,"href":"https:\/\/lifevery.biz.ua\/index.php?rest_route=\/wp\/v2\/posts\/1757\/revisions\/1759"}],"wp:featuredmedia":[{"embeddable":true,"href":"https:\/\/lifevery.biz.ua\/index.php?rest_route=\/wp\/v2\/media\/1758"}],"wp:attachment":[{"href":"https:\/\/lifevery.biz.ua\/index.php?rest_route=%2Fwp%2Fv2%2Fmedia&parent=1757"}],"wp:term":[{"taxonomy":"category","embeddable":true,"href":"https:\/\/lifevery.biz.ua\/index.php?rest_route=%2Fwp%2Fv2%2Fcategories&post=1757"},{"taxonomy":"post_tag","embeddable":true,"href":"https:\/\/lifevery.biz.ua\/index.php?rest_route=%2Fwp%2Fv2%2Ftags&post=1757"}],"curies":[{"name":"wp","href":"https:\/\/api.w.org\/{rel}","templated":true}]}}