{"id":1751,"date":"2026-02-01T14:14:27","date_gmt":"2026-02-01T14:14:27","guid":{"rendered":"https:\/\/lifevery.biz.ua\/?p=1751"},"modified":"2026-02-01T14:14:27","modified_gmt":"2026-02-01T14:14:27","slug":"doda-ujawnila-zdjecie-swojej-babci-z-mlodosci-teraz-widac-po-kim-odziedziczyla-urode-i-charyzme","status":"publish","type":"post","link":"https:\/\/lifevery.biz.ua\/?p=1751","title":{"rendered":"Doda ujawni\u0142a zdj\u0119cie swojej babci z m\u0142odo\u015bci \u2013 teraz wida\u0107, po kim odziedziczy\u0142a urod\u0119 i charyzm\u0119"},"content":{"rendered":"\n<p>Doda podzieli\u0142a si\u0119 ostatnio w sieci wyj\u0105tkowymi fotografiami prosto z rodzinnego domu, kt\u00f3re ods\u0142aniaj\u0105 nie tylko wspomnienia, ale te\u017c korzenie jej urody i charakteru. Jak co roku artystka sp\u0119dzi\u0142a \u015bwi\u0119ta Bo\u017cego Narodzenia z rodzicami, Wand\u0105 i Paw\u0142em, celebruj\u0105c wsp\u00f3lne chwile w ciep\u0142ej, rodzinnej atmosferze. To czas, kt\u00f3ry dla niej ma szczeg\u00f3lne znaczenie, zw\u0142aszcza teraz, gdy rodzice w zwi\u0105zku z wiekiem potrzebuj\u0105 jej wsparcia i obecno\u015bci bardziej ni\u017c kiedykolwiek wcze\u015bniej.<\/p>\n\n\n<div class=\"wp-block-image\">\n<figure class=\"aligncenter\"><img decoding=\"async\" src=\"https:\/\/img.kozaczek.pl\/N1rr-xUlJoAEjlM0cDSuW84X9ISNRkY_wZYPacV1A2Y\/dpr:1\/q:70\/w:900\/h:0\/rt:fit\/g:sm\/aHR0cHM6Ly9kM2Zx\/bTY4cjR1Nmlvbi5j\/bG91ZGZyb250Lm5l\/dC93cC1jb250ZW50\/L3VwbG9hZHMvc2l0\/ZXMvMi8yMDI1LzEy\/LzY5Nzc4YzRkZTc3\/YmItYzJhZDNmZTc5\/MzIwLmpwZw.jpeg\" alt=\"Doda z rodzicami, fot.: KAPiF\"\/><\/figure>\n<\/div>\n\n\n<p>Podczas pobytu w rodzinnym domu Doda znalaz\u0142a w albumach star\u0105 fotografi\u0119 swojej babci. To zdj\u0119cie natychmiast przyci\u0105gn\u0119\u0142o jej uwag\u0119, poniewa\u017c babcia by\u0142a zadziwiaj\u0105co podobna do niej \u2013 zar\u00f3wno pod wzgl\u0119dem rys\u00f3w twarzy, jak i wyrazu oczu, kt\u00f3re zdawa\u0142y si\u0119 emanuj\u0105ce charakterem. Gwiazda, sp\u0119dzaj\u0105c czas w\u015br\u00f3d bliskich, zawsze stara si\u0119 docenia\u0107 takie chwile, kt\u00f3re pozwalaj\u0105 jej powr\u00f3ci\u0107 do korzeni i przypomnie\u0107 sobie, sk\u0105d pochodzi jej si\u0142a i charyzma.<\/p>\n\n\n\n<p>Nie jest tajemnic\u0105, \u017ce Doda sp\u0119dza z rodzicami ka\u017cd\u0105 woln\u0105 chwil\u0119. Celebrowanie wsp\u00f3lnych moment\u00f3w jest dla niej sposobem na budowanie wi\u0119zi i dzielenie si\u0119 codzienno\u015bci\u0105. Na jednym ze zdj\u0119\u0107, kt\u00f3re opublikowa\u0142a w sieci, wida\u0107 artystk\u0119 le\u017c\u0105c\u0105 w \u0142\u00f3\u017cku z ojcem. To w\u0142a\u015bnie po nim odziedziczy\u0142a wysportowan\u0105 sylwetk\u0119 oraz determinacj\u0119 i sportowy charakter. Od najm\u0142odszych lat widzia\u0142a, jak ojciec ci\u0119\u017cko pracuje, jest pe\u0142en energii i woli walki, co w znacz\u0105cy spos\u00f3b wp\u0142yn\u0119\u0142o na jej podej\u015bcie do \u017cycia i pracy.<\/p>\n\n\n<div class=\"wp-block-image\">\n<figure class=\"aligncenter\"><img decoding=\"async\" src=\"https:\/\/img.kozaczek.pl\/wMQi-ilgOsFeF2pFr-lKgkVlRbwIad92B_oH1g5ajvc\/dpr:1\/q:70\/w:900\/h:0\/rt:fit\/g:sm\/aHR0cHM6Ly9kM2Zx\/bTY4cjR1Nmlvbi5j\/bG91ZGZyb250Lm5l\/dC93cC1jb250ZW50\/L3VwbG9hZHMvc2l0\/ZXMvMi8yMDI1LzEy\/LzY5NGU4NjY0YTdj\/NTEtODc5YTYzZmI4\/MTI2LmpwZw.jpeg\" alt=\"Doda, fot. Instagram.\"\/><\/figure>\n<\/div>\n\n\n<p>Przeszukuj\u0105c rodzinne archiwa, Doda natkn\u0119\u0142a si\u0119 na zdj\u0119cie swojej babci z Wilna. Fotografia ta, cho\u0107 stara i cz\u0119\u015bciowo uszkodzona, ukazuje kobiet\u0119 o wyj\u0105tkowej urodzie i wyrazistym charakterze. Babcia by\u0142a osob\u0105, kt\u00f3ra zawsze pod\u0105\u017ca\u0142a w\u0142asn\u0105 drog\u0105, nie przejmuj\u0105c si\u0119 konwenansami ani opini\u0105 innych. Lubi\u0142a ubiera\u0107 si\u0119 wed\u0142ug w\u0142asnego gustu i kierowa\u0107 si\u0119 w\u0142asnymi zasadami, co z pewno\u015bci\u0105 wp\u0142yn\u0119\u0142o na niezale\u017cno\u015b\u0107 i pewno\u015b\u0107 siebie, kt\u00f3re Doda przejawia dzisiaj.<\/p>\n\n\n\n<p>Rodzice artystki podkre\u015blaj\u0105, \u017ce ich c\u00f3rka odziedziczy\u0142a po babci nie tylko wygl\u0105d, ale tak\u017ce charyzm\u0119 i si\u0142\u0119 charakteru. Babcia Dody by\u0142a kobiet\u0105, kt\u00f3ra nie ba\u0142a si\u0119 krytyki, zawsze stawia\u0142a na swoim i potrafi\u0142a i\u015b\u0107 pod pr\u0105d, co jest cech\u0105, kt\u00f3r\u0105 Doda wielokrotnie demonstrowa\u0142a w swoim \u017cyciu zawodowym i prywatnym. Na fotografii wida\u0107 twarz babci, cho\u0107 z powodu up\u0142ywu czasu pojawi\u0142a si\u0119 na niej du\u017ca rysa i przeci\u0119cie. Mimo to wida\u0107 wyra\u017anie, \u017ce by\u0142a kobiet\u0105 wyj\u0105tkowej urody, a jej spojrzenie i wyraz twarzy zdradza\u0142y determinacj\u0119 i si\u0142\u0119 charakteru, kt\u00f3re mog\u0142y by\u0107 inspiracj\u0105 dla przysz\u0142ych pokole\u0144 w rodzinie.<\/p>\n\n\n<div class=\"wp-block-image\">\n<figure class=\"aligncenter\"><img decoding=\"async\" src=\"https:\/\/img.kozaczek.pl\/NFZIqfMx3iPhZeOjbzA_Q2oIx35NRpf1sUF4OOLkXdA\/dpr:1\/q:70\/w:900\/h:0\/rt:fit\/g:sm\/aHR0cHM6Ly9kM2Zx\/bTY4cjR1Nmlvbi5j\/bG91ZGZyb250Lm5l\/dC93cC1jb250ZW50\/L3VwbG9hZHMvc2l0\/ZXMvMi8yMDI1LzEy\/LzY5NGU4NjY1OTk0\/NmEtNzFmMjc4Yjdl\/OTFkLmpwZw.jpeg\" alt=\"Doda, fot. Instagram.\"\/><\/figure>\n<\/div>\n\n\n<p>Zdj\u0119cie babci nie tylko wywo\u0142a\u0142o wzruszenie u Dody, ale r\u00f3wnie\u017c pozwoli\u0142o jej jeszcze bardziej doceni\u0107 swoje korzenie i rodzinne warto\u015bci. Widz\u0105c podobie\u0144stwo mi\u0119dzy sob\u0105 a babci\u0105, artystka mog\u0142a jeszcze wyra\u017aniej zrozumie\u0107, sk\u0105d wzi\u0119\u0142a si\u0119 jej odwaga, niezale\u017cno\u015b\u0107 i nieust\u0119pliwo\u015b\u0107 w d\u0105\u017ceniu do cel\u00f3w. To tak\u017ce moment refleksji nad tym, jak wiele cech charakteru i talent\u00f3w jest przekazywanych z pokolenia na pokolenie.<\/p>\n\n\n\n<p>Wsp\u00f3lne chwile z rodzicami i odkrywanie rodzinnych fotografii pokazuj\u0105, \u017ce mimo s\u0142awy i \u017cycia pe\u0142nego blasku, Doda wci\u0105\u017c ceni prostot\u0119 domowego ogniska i wi\u0119zi rodzinne. Zdj\u0119cia z dzieci\u0144stwa, a tak\u017ce fotografie babci, ukazuj\u0105 nie tylko histori\u0119 rodziny, ale tak\u017ce pi\u0119kno i si\u0142\u0119 kobiet, kt\u00f3re kszta\u0142towa\u0142y jej \u017cycie i osobowo\u015b\u0107.<\/p>\n\n\n\n<p>Odkrycie starego zdj\u0119cia babci w rodzinnym domu przypomina, \u017ce uroda i charyzma Dody maj\u0105 swoje korzenie w pokoleniach jej rodziny, a jej niezale\u017cno\u015b\u0107 i charakter to w du\u017cej mierze zas\u0142uga kobiet, kt\u00f3re by\u0142y przed ni\u0105. Fotografia, mimo up\u0142ywu lat i \u015blad\u00f3w czasu, pozwala dostrzec niezwyk\u0142\u0105 elegancj\u0119, si\u0142\u0119 i determinacj\u0119, kt\u00f3re stanowi\u0105 dzisiaj cz\u0119\u015b\u0107 Dody, czyni\u0105c j\u0105 artystk\u0105 nie tylko utalentowan\u0105, ale i \u015bwiadom\u0105 swojej historii i dziedzictwa.<\/p>\n\n\n<div class=\"wp-block-image\">\n<figure class=\"aligncenter\"><img decoding=\"async\" src=\"https:\/\/img.kozaczek.pl\/N-SbBFnAgaU4iH5FZe9AW18slq6Xz9LU6g20572prUY\/dpr:1\/q:70\/w:900\/h:0\/rt:fit\/g:sm\/aHR0cHM6Ly9kM2Zx\/bTY4cjR1Nmlvbi5j\/bG91ZGZyb250Lm5l\/dC93cC1jb250ZW50\/L3VwbG9hZHMvc2l0\/ZXMvMi8yMDI1LzEy\/LzY5NGU4NjY2Njg3\/NjAtNzE2MjAzMWE2\/NGRmLmpwZw.jpeg\" alt=\"Doda, fot. Instagram.\"\/><\/figure>\n<\/div>\n\n\n<p>Rodzinne zdj\u0119cia i wspomnienia sta\u0142y si\u0119 inspiracj\u0105 dla artystki, przypominaj\u0105c jej o znaczeniu korzeni i wi\u0119zi, kt\u00f3re kszta\u0142tuj\u0105 cz\u0142owieka od najm\u0142odszych lat. To dow\u00f3d na to, \u017ce si\u0142a charakteru, uroda i charyzma nie bior\u0105 si\u0119 wy\u0142\u0105cznie z \u017cycia w blasku reflektor\u00f3w, ale s\u0105 dziedzictwem przesz\u0142ych pokole\u0144 i wsp\u00f3lnych chwil sp\u0119dzonych w rodzinie.<\/p>\n\n\n\n<p>Doda, publikuj\u0105c te zdj\u0119cia w sieci, podzieli\u0142a si\u0119 z fanami nie tylko histori\u0105 swojej rodziny, ale r\u00f3wnie\u017c inspiracj\u0105, kt\u00f3r\u0105 daje \u015bwiadomo\u015b\u0107 pochodzenia i wp\u0142ywu bliskich os\u00f3b na \u017cycie ka\u017cdego z nas. To przypomnienie, \u017ce prawdziwe pi\u0119kno i si\u0142a tkwi\u0105 w po\u0142\u0105czeniu tradycji, mi\u0142o\u015bci i charakteru, kt\u00f3ry przekazywany jest z pokolenia na pokolenie.<\/p>\n","protected":false},"excerpt":{"rendered":"Doda podzieli\u0142a si\u0119 ostatnio w sieci wyj\u0105tkowymi fotografiami prosto z rodzinnego domu, kt\u00f3re ods\u0142aniaj\u0105 nie tylko wspomnienia, ale te\u017c korzenie jej urody i \n<a class=\"moretag\" href=\"https:\/\/lifevery.biz.ua\/?p=1751\"> [...]<\/a>","protected":false},"author":1,"featured_media":1752,"comment_status":"open","ping_status":"open","sticky":false,"template":"","format":"standard","meta":{"footnotes":""},"categories":[1],"tags":[],"class_list":["post-1751","post","type-post","status-publish","format-standard","has-post-thumbnail","hentry","category-blog"],"_links":{"self":[{"href":"https:\/\/lifevery.biz.ua\/index.php?rest_route=\/wp\/v2\/posts\/1751","targetHints":{"allow":["GET"]}}],"collection":[{"href":"https:\/\/lifevery.biz.ua\/index.php?rest_route=\/wp\/v2\/posts"}],"about":[{"href":"https:\/\/lifevery.biz.ua\/index.php?rest_route=\/wp\/v2\/types\/post"}],"author":[{"embeddable":true,"href":"https:\/\/lifevery.biz.ua\/index.php?rest_route=\/wp\/v2\/users\/1"}],"replies":[{"embeddable":true,"href":"https:\/\/lifevery.biz.ua\/index.php?rest_route=%2Fwp%2Fv2%2Fcomments&post=1751"}],"version-history":[{"count":1,"href":"https:\/\/lifevery.biz.ua\/index.php?rest_route=\/wp\/v2\/posts\/1751\/revisions"}],"predecessor-version":[{"id":1753,"href":"https:\/\/lifevery.biz.ua\/index.php?rest_route=\/wp\/v2\/posts\/1751\/revisions\/1753"}],"wp:featuredmedia":[{"embeddable":true,"href":"https:\/\/lifevery.biz.ua\/index.php?rest_route=\/wp\/v2\/media\/1752"}],"wp:attachment":[{"href":"https:\/\/lifevery.biz.ua\/index.php?rest_route=%2Fwp%2Fv2%2Fmedia&parent=1751"}],"wp:term":[{"taxonomy":"category","embeddable":true,"href":"https:\/\/lifevery.biz.ua\/index.php?rest_route=%2Fwp%2Fv2%2Fcategories&post=1751"},{"taxonomy":"post_tag","embeddable":true,"href":"https:\/\/lifevery.biz.ua\/index.php?rest_route=%2Fwp%2Fv2%2Ftags&post=1751"}],"curies":[{"name":"wp","href":"https:\/\/api.w.org\/{rel}","templated":true}]}}