{"id":1748,"date":"2026-02-01T14:12:56","date_gmt":"2026-02-01T14:12:56","guid":{"rendered":"https:\/\/lifevery.biz.ua\/?p=1748"},"modified":"2026-02-01T14:12:56","modified_gmt":"2026-02-01T14:12:56","slug":"weronika-olbrychska-realizuje-swoj-amerykanski-sen-czy-nadal-utrzymuje-kontakt-z-ojcem-sprawdz-ekskluzywne-szczegoly","status":"publish","type":"post","link":"https:\/\/lifevery.biz.ua\/?p=1748","title":{"rendered":"Weronika Olbrychska realizuje sw\u00f3j ameryka\u0144ski sen .Czy nadal utrzymuje kontakt z ojcem? Sprawd\u017a ekskluzywne szczeg\u00f3\u0142y"},"content":{"rendered":"\n<p>Daniel Olbrychski, jeden z najbardziej cenionych polskich aktor\u00f3w, prywatnie jest ojcem trojga dzieci. W\u015br\u00f3d nich znajduje si\u0119 Weronika, kt\u00f3r\u0105 aktor doczeka\u0142 si\u0119 w zwi\u0105zku z dziennikark\u0105 Zuzann\u0105 \u0141apick\u0105. Weronika ma obecnie 42 lata i od dawna mieszka w Stanach Zjednoczonych, gdzie realizuje swoje zawodowe ambicje w \u015bwiecie mody. Praca w jednym z luksusowych dom\u00f3w mody sta\u0142a si\u0119 dla niej nie tylko sposobem na rozw\u00f3j zawodowy, ale te\u017c na \u017cycie na w\u0142asnych zasadach, z dala od rodzimego show-biznesu. Pomimo \u017ce jej ojciec pozostaje w Polsce, Weronika utrzymuje z nim kontakt, cho\u0107 jej \u017cycie i kariera realizowane s\u0105 w pe\u0142ni samodzielnie.<\/p>\n\n\n<div class=\"wp-block-image\">\n<figure class=\"aligncenter\"><img decoding=\"async\" src=\"https:\/\/d-art.ppstatic.pl\/kadry\/k\/r\/1\/1a\/74\/65577fbfa98cc_o_xlarge.jpg\" alt=\"\u0546\u0561 \u0534\u0561\u0576\u056b\u0565\u056c \u0555\u056c\u0562\u0580\u056b\u0579\u057d\u056f\u0578\u0582 \u0587 \u0536\u0578\u0582\u0566\u0561\u0576\u0576\u0561 \u053c\u0561\u057a\u056b\u0581\u056f\u0561\u0575\u056b \u0564\u0578\u0582\u057d\u057f\u0580\u0576 \u0567\u0589\"\/><\/figure>\n<\/div>\n\n\n<p>Daniel Olbrychski przez lata zyska\u0142 status gwiazdy zar\u00f3wno w Polsce, jak i za granic\u0105. Jego nazwisko przewija si\u0119 w wielu produkcjach filmowych i serialach, a aktor ma na swoim koncie role w takich filmach jak \u201eSalt\u201d z Angelin\u0105 Jolie. Prywatnie jest ojcem tr\u00f3jki dzieci \u2013 opr\u00f3cz Weroniki ma te\u017c Rafa\u0142a i Wiktora, ka\u017cde z inn\u0105 partnerk\u0105. W wywiadach aktor wielokrotnie podkre\u015bla\u0142, \u017ce stara\u0142 si\u0119 by\u0107 dobrym ojcem, mimo intensywnej kariery.<\/p>\n\n\n\n<p>\u201eMoje \u017cycie nie aktorskie, ale osobiste by\u0142o tak rozhu\u015btane. Ja by\u0142em fajnym ojcem. Najwi\u0119cej ze mn\u0105 prze\u017cy\u0142a moja c\u00f3rka Weronika, a z Rafa\u0142em, mimo \u017ce porzuci\u0142em jego matk\u0119, kiedy on mia\u0142 nieca\u0142e trzy lata, to do doros\u0142o\u015bci nie by\u0142o \u015bwi\u0105t czy wakacji, kt\u00f3rych by nie sp\u0119dza\u0142 ze mn\u0105. I to ca\u0142kowicie. Nie widz\u0119 \u017cadnego powodu, dla kt\u00f3rego zapracowany lekarz, in\u017cynier czy polityk jest lepszym ojcem od aktora. By\u0142em zaj\u0119ty pi\u0119kn\u0105 prac\u0105, czasami nieregularn\u0105, ale czasu na dzieci nigdy nie szcz\u0119dzi\u0142em\u201d \u2013 m\u00f3wi\u0142 w rozmowie z mediami.<\/p>\n\n\n<div class=\"wp-block-image\">\n<figure class=\"aligncenter\"><img decoding=\"async\" src=\"https:\/\/d-art.ppstatic.pl\/kadry\/k\/r\/1\/43\/d1\/65577fba948ee_o_xlarge.jpg\" alt=\"\u053b\u0576\u0579\u057a\u056b\u057d\u056b\u055e\u0576 \u0567 \u0534\u0561\u0576\u056b\u0565\u056c \u0555\u056c\u0562\u0580\u056b\u0579\u057d\u056f\u0578\u0582 \u0564\u0578\u0582\u057d\u057f\u0580\u0576 \u0561\u0575\u057d\u0585\u0580\u0589\"\/><\/figure>\n<\/div>\n\n\n<p>Weronika Olbrychska, c\u00f3rka Daniela, od dawna realizuje swoje marzenia w Stanach Zjednoczonych. Zamieszka\u0142a tam w wieku 19 lat i od tego czasu konsekwentnie buduje karier\u0119 w \u015bwiecie mody. Aktualnie pracuje w znanej ameryka\u0144skiej firmie Proenza Schouler, gdzie pe\u0142ni funkcj\u0119 szefowej produkcji. To stanowisko wymaga od niej du\u017cej odpowiedzialno\u015bci, a zarazem daje mo\u017cliwo\u015b\u0107 tw\u00f3rczego dzia\u0142ania i realizowania ambitnych projekt\u00f3w. Jak podkre\u015blaj\u0105 osoby z jej otoczenia, Weronika jest samodzielna i niezale\u017cna \u2013 nie oczekuje wsparcia finansowego ani w Polsce, ani w USA, a jej \u017cycie toczy si\u0119 w pe\u0142ni wed\u0142ug jej w\u0142asnych zasad.<\/p>\n\n\n<div class=\"wp-block-image\">\n<figure class=\"aligncenter\"><img decoding=\"async\" src=\"https:\/\/d-art.ppstatic.pl\/kadry\/k\/r\/1\/fa\/5a\/65577fb2bec20_o_large.jpg\" alt=\"\u0531\u0570\u0561 \u0569\u0565 \u056b\u0576\u0579 \u057f\u0565\u057d\u0584 \u0578\u0582\u0576\u056b \u054e\u0565\u0580\u0578\u0576\u056b\u056f\u0561 \u0555\u056c\u0562\u0580\u056b\u0579\u057d\u056f\u0561\u0576\u0589 \u0533\u056c\u0578\u0580\u0565\u0584 \u0576\u0565\u0580\u0584\u0587\u055d \u057f\u0565\u057d\u0576\u0565\u056c\u0578\u0582 \u0570\u0561\u0574\u0561\u0580...\"\/><\/figure>\n<\/div>\n\n\n<p>Po \u015bmierci Zuzanny \u0141apickiej w 2018 roku relacje Weroniki z ojcem uleg\u0142y zmianie. Zmar\u0142a matka nie darzy\u0142a Daniela pe\u0142nym zaufaniem, co mia\u0142o wp\u0142yw na kontakty Weroniki z ojcem w m\u0142odo\u015bci. Jednak po odej\u015bciu Zuzanny, Weronika mia\u0142a okazj\u0119 zbli\u017cy\u0107 si\u0119 do Olbrychskiego i odbudowa\u0107 kontakt, kt\u00f3ry pozwala jej dzi\u015b zachowa\u0107 wi\u0119\u017a z rodzin\u0105. Informatorzy podkre\u015blaj\u0105, \u017ce c\u00f3rka aktora ceni sobie samodzielno\u015b\u0107, ale jednocze\u015bnie szanuje i utrzymuje relacje rodzinne, szczeg\u00f3lnie w kontek\u015bcie wsp\u00f3lnego dziedzictwa artystycznego.<\/p>\n\n\n\n<p>Weronika prowadzi \u017cycie dalekie od medialnego zgie\u0142ku. Trzyma si\u0119 z dala od polonii nowojorskiej, unika du\u017cych wydarze\u0144 i nie uczestniczy w bran\u017cowych imprezach. Kiedy przylatuje do Polski, ch\u0119tnie odwiedza znajomych swojego zmar\u0142ego dziadka, Andrzeja \u0141apickiego, oraz bliskie osoby ojca, co pozwala jej na zachowanie kontaktu z rodzinnymi korzeniami i tradycj\u0105. Mimo \u017ce jej \u017cycie toczy si\u0119 w zupe\u0142nie innym kraju, zachowuje wi\u0119\u017a z ojcem i piel\u0119gnuje rodzinne warto\u015bci, kt\u00f3re zawsze by\u0142y dla niej wa\u017cne.<\/p>\n\n\n<div class=\"wp-block-image\">\n<figure class=\"aligncenter\"><img decoding=\"async\" src=\"https:\/\/d-art.ppstatic.pl\/kadry\/k\/r\/1\/fb\/5a\/655dbeacdeb0f_o_large.jpg\" alt=\"\u0534\u0561\u0576\u056b\u0565\u056c \u0555\u056c\u0562\u0580\u056b\u0579\u057d\u056f\u0578\u0582 \u0564\u0578\u0582\u057d\u057f\u0580\u0568 \u056b\u0580\u0561\u056f\u0561\u0576\u0561\u0581\u0576\u0578\u0582\u0574 \u0567 \u056b\u0580 \u0561\u0574\u0565\u0580\u056b\u056f\u0575\u0561\u0576 \u0565\u0580\u0561\u0566\u0561\u0576\u0584\u0568\u0589\"\/><\/figure>\n<\/div>\n\n\n<p>Kariera Weroniki jest przyk\u0142adem sukcesu w ameryka\u0144skim stylu \u2013 zaczyna\u0142a jako projektantka mody, a dzi\u015b kieruje dzia\u0142em produkcji w presti\u017cowym domu mody. Jej roczna pensja si\u0119ga oko\u0142o 250 tysi\u0119cy dolar\u00f3w, co jest dowodem jej profesjonalizmu i zaanga\u017cowania. Jednocze\u015bnie pozosta\u0142a osob\u0105 skromn\u0105, nie pokazuj\u0105c\u0105 swojego \u017cycia w mediach spo\u0142eczno\u015bciowych w spos\u00f3b nachalny. W ten spos\u00f3b uda\u0142o jej si\u0119 po\u0142\u0105czy\u0107 sukces zawodowy z prywatn\u0105 niezale\u017cno\u015bci\u0105, zachowuj\u0105c r\u00f3wnowag\u0119 mi\u0119dzy karier\u0105 a \u017cyciem osobistym.<\/p>\n\n\n\n<p>Weronika Olbrychska jest przyk\u0142adem osoby, kt\u00f3ra potrafi realizowa\u0107 marzenia i jednocze\u015bnie dba\u0107 o rodzinne wi\u0119zi. Cho\u0107 mieszka na innym kontynencie i prowadzi intensywne \u017cycie zawodowe, nadal utrzymuje kontakt z ojcem i odwiedza Polsk\u0119, piel\u0119gnuj\u0105c wspomnienia oraz relacje rodzinne. Jej historia pokazuje, \u017ce samodzielno\u015b\u0107 i sukces nie musz\u0105 oznacza\u0107 zerwania wi\u0119zi z bliskimi, a kontakt z rodzin\u0105 mo\u017ce przybiera\u0107 r\u00f3\u017cne formy, niezale\u017cnie od odleg\u0142o\u015bci.<\/p>\n\n\n\n<p>Dzi\u015b Weronika jest przyk\u0142adem kobiety sukcesu, kt\u00f3ra \u0142\u0105czy mi\u0119dzynarodow\u0105 karier\u0119 z warto\u015bciami wyniesionymi z domu rodzinnego. Z jednej strony realizuje ameryka\u0144ski sen, a z drugiej \u2013 piel\u0119gnuje relacje z ojcem i wspomnienie zmar\u0142ej matki, zachowuj\u0105c r\u00f3wnowag\u0119 mi\u0119dzy karier\u0105 a \u017cyciem osobistym. Jej historia pokazuje, \u017ce niezale\u017cno\u015b\u0107 nie musi oznacza\u0107 samotno\u015bci, a kontakty rodzinne mog\u0105 by\u0107 \u017ar\u00f3d\u0142em wsparcia nawet w najbardziej wymagaj\u0105cych \u015brodowiskach.<\/p>\n","protected":false},"excerpt":{"rendered":"Daniel Olbrychski, jeden z najbardziej cenionych polskich aktor\u00f3w, prywatnie jest ojcem trojga dzieci. W\u015br\u00f3d nich znajduje si\u0119 Weronika, kt\u00f3r\u0105 aktor doczeka\u0142 si\u0119 w \n<a class=\"moretag\" href=\"https:\/\/lifevery.biz.ua\/?p=1748\"> [...]<\/a>","protected":false},"author":1,"featured_media":1749,"comment_status":"open","ping_status":"open","sticky":false,"template":"","format":"standard","meta":{"footnotes":""},"categories":[1],"tags":[],"class_list":["post-1748","post","type-post","status-publish","format-standard","has-post-thumbnail","hentry","category-blog"],"_links":{"self":[{"href":"https:\/\/lifevery.biz.ua\/index.php?rest_route=\/wp\/v2\/posts\/1748","targetHints":{"allow":["GET"]}}],"collection":[{"href":"https:\/\/lifevery.biz.ua\/index.php?rest_route=\/wp\/v2\/posts"}],"about":[{"href":"https:\/\/lifevery.biz.ua\/index.php?rest_route=\/wp\/v2\/types\/post"}],"author":[{"embeddable":true,"href":"https:\/\/lifevery.biz.ua\/index.php?rest_route=\/wp\/v2\/users\/1"}],"replies":[{"embeddable":true,"href":"https:\/\/lifevery.biz.ua\/index.php?rest_route=%2Fwp%2Fv2%2Fcomments&post=1748"}],"version-history":[{"count":1,"href":"https:\/\/lifevery.biz.ua\/index.php?rest_route=\/wp\/v2\/posts\/1748\/revisions"}],"predecessor-version":[{"id":1750,"href":"https:\/\/lifevery.biz.ua\/index.php?rest_route=\/wp\/v2\/posts\/1748\/revisions\/1750"}],"wp:featuredmedia":[{"embeddable":true,"href":"https:\/\/lifevery.biz.ua\/index.php?rest_route=\/wp\/v2\/media\/1749"}],"wp:attachment":[{"href":"https:\/\/lifevery.biz.ua\/index.php?rest_route=%2Fwp%2Fv2%2Fmedia&parent=1748"}],"wp:term":[{"taxonomy":"category","embeddable":true,"href":"https:\/\/lifevery.biz.ua\/index.php?rest_route=%2Fwp%2Fv2%2Fcategories&post=1748"},{"taxonomy":"post_tag","embeddable":true,"href":"https:\/\/lifevery.biz.ua\/index.php?rest_route=%2Fwp%2Fv2%2Ftags&post=1748"}],"curies":[{"name":"wp","href":"https:\/\/api.w.org\/{rel}","templated":true}]}}