{"id":1745,"date":"2026-02-01T14:11:29","date_gmt":"2026-02-01T14:11:29","guid":{"rendered":"https:\/\/lifevery.biz.ua\/?p=1745"},"modified":"2026-02-01T14:11:29","modified_gmt":"2026-02-01T14:11:29","slug":"sylwia-peretti-uwiecznila-pamiec-zmarlego-syna-wyjatkowym-tatuazem-zdjecia","status":"publish","type":"post","link":"https:\/\/lifevery.biz.ua\/?p=1745","title":{"rendered":"Sylwia Peretti uwieczni\u0142a pami\u0119\u0107 zmar\u0142ego syna wyj\u0105tkowym tatua\u017cem (ZDJ\u0118CIA)"},"content":{"rendered":"\n<p>Trzy lata temu \u017cycie Sylwii Peretti zmieni\u0142o si\u0119 w spos\u00f3b nieodwracalny. W wyniku tragicznego wypadku samochodowego straci\u0142a swojego ukochanego syna Patryka. By\u0142a to chwila, kt\u00f3ra wywo\u0142a\u0142a niewyobra\u017calny b\u00f3l i pustk\u0119, a jej codzienno\u015b\u0107 od tamtej pory na zawsze uleg\u0142a przemianie. Gwiazda \u201eKr\u00f3lowych \u017cycia\u201d od tamtej pory stara si\u0119 znale\u017a\u0107 sposoby, by piel\u0119gnowa\u0107 pami\u0119\u0107 po synu i nie pozwoli\u0107, aby czas ca\u0142kowicie zaciera\u0142 wspomnienia o nim. Jednym z gest\u00f3w, kt\u00f3ry ma dla niej szczeg\u00f3lne znaczenie, jest tatua\u017c, kt\u00f3ry wykona\u0142a na jego cze\u015b\u0107. Na tatua\u017cu widnieje wa\u017cna data \u2013 symboliczna i osobista \u2013 przypominaj\u0105ca o tym, jak bardzo Patryk by\u0142 dla niej wa\u017cny.<\/p>\n\n\n\n<p>Minione trzy lata by\u0142y dla Sylwii pe\u0142ne trudnych emocji i b\u00f3lu, z kt\u00f3rym nie\u0142atwo si\u0119 mierzy\u0107. Do tragicznego zdarzenia dosz\u0142o w nocy z 14 na 15 lipca 2023 roku w Krakowie. Patryk prowadzi\u0142 wtedy samoch\u00f3d, w kt\u00f3rym znajdowali si\u0119 tak\u017ce trzej jego koledzy. W wyniku wypadku wszyscy zgin\u0119li na miejscu. Dla Sylwii i jej rodziny by\u0142a to tragedia, kt\u00f3rej nie da si\u0119 opisa\u0107 s\u0142owami \u2013 nag\u0142a, bolesna i ca\u0142kowicie zmieniaj\u0105ca \u017cycie.<\/p>\n\n\n<div class=\"wp-block-image\">\n<figure class=\"aligncenter\"><img decoding=\"async\" src=\"https:\/\/v.wpimg.pl\/NTQ3ZDkxYTUwUSx3RANsIHMJeC0CWmJ2JBFgZkQbYWBoASJ8WkxhMjhfPzYOCCF6NkEvNAoPPnohX3UlGxFhImAcPi0YCCI1KBw_KQkdKntpC28nCE8oNnxVbXwNVXoyZwt3JlJIKHkwUDwhUk16YzUKa3ZJBQ\" alt=\"Sylwia Peretti zrobi\u0142a tatua\u017c upami\u0119tniaj\u0105cy zmar\u0142ego syna\"\/><\/figure>\n<\/div>\n\n\n<p>Po tym wydarzeniu Sylwia zdecydowa\u0142a si\u0119 ograniczy\u0107 kontakt z mediami i chroni\u0107 swoj\u0105 prywatno\u015b\u0107. Jej Instagram sta\u0142 si\u0119 miejscem, w kt\u00f3rym mo\u017ce wyra\u017ca\u0107 emocje i piel\u0119gnowa\u0107 pami\u0119\u0107 o synu. To w\u0142a\u015bnie tam dzieli si\u0119 refleksjami, zdj\u0119ciami i wspomnieniami, kt\u00f3re maj\u0105 dla niej szczeg\u00f3lne znaczenie. Nie ukrywa, \u017ce najtrudniejsze s\u0105 dla niej \u015bwi\u0119ta i wyj\u0105tkowe okazje, gdy pustka po Patryku jest najbardziej odczuwalna. Ka\u017cde takie wspomnienie przypomina jej o tym, czego straci\u0142a i jak bardzo jej \u017cycia dotkn\u0119\u0142a ta tragedia.<\/p>\n\n\n\n<p>Sylwia cz\u0119sto otwarcie m\u00f3wi o tym, jak ci\u0119\u017cko znosi \u017ca\u0142ob\u0119. Nie ma \u0142atwych sposob\u00f3w, by poradzi\u0107 sobie z tak g\u0142\u0119bok\u0105 strat\u0105, a mimo up\u0142ywu czasu b\u00f3l pozostaje obecny w jej codziennym \u017cyciu. Jednak stara si\u0119 nie zatraci\u0107 w cierpieniu i szuka sposob\u00f3w, by upami\u0119tni\u0107 syna w wyj\u0105tkowy spos\u00f3b. Jednym z nich jest tatua\u017c, kt\u00f3ry sta\u0142 si\u0119 dla niej symbolicznym znakiem obecno\u015bci Patryka w jej sercu.<\/p>\n\n\n<div class=\"wp-block-image\">\n<figure class=\"aligncenter\"><img decoding=\"async\" src=\"https:\/\/v.wpimg.pl\/MmJlYjg0YgwrDi9ZSEtvGWhWewMOEmFPP05jSEhTYlp_WiFdUgRiCyMAPBgCQCJDLR4sGgZHPUM6AHYLF1liG3tDPQMUQCEMM0M8BwVVKUJ9VWBcAwMsWmdbb1NSHXlafw90CF4BfEB8DWoIBAIvCChUbV1FTQ\" alt=\"Sylwia Peretti z synem\"\/><\/figure>\n<\/div>\n\n\n<p>Najnowszy wpis Sylwii na Instagramie wzbudzi\u0142 du\u017ce zainteresowanie jej fan\u00f3w. Zamie\u015bci\u0142a tam zdj\u0119cie czarno-bia\u0142ego tatua\u017cu, na kt\u00f3rym widniej\u0105 cyfry \u201e12.05.99 7:25\u201d. To data urodzenia jej ukochanego syna. Obok cyfr dostrzec mo\u017cna emotikon\u0119 w kszta\u0142cie serca, podkre\u015blaj\u0105c\u0105 emocjonalne znaczenie ca\u0142ego gestu. Tatua\u017c jest dla Sylwii nie tylko ho\u0142dem dla syna, ale r\u00f3wnie\u017c sposobem na to, by jego pami\u0119\u0107 towarzyszy\u0142a jej na co dzie\u0144.<\/p>\n\n\n\n<p>Dla Sylwii to tak\u017ce forma odreagowania b\u00f3lu i wyra\u017cenia uczu\u0107, kt\u00f3rych nie spos\u00f3b w pe\u0142ni opisa\u0107 s\u0142owami. Ka\u017cde spojrzenie na tatua\u017c przypomina jej najpi\u0119kniejsze chwile sp\u0119dzone z Patrykiem i daje poczucie, \u017ce cho\u0107 fizycznie go ju\u017c nie ma, jego pami\u0119\u0107 wci\u0105\u017c jest \u017cywa. Tatua\u017c sta\u0142 si\u0119 wi\u0119c czym\u015b wi\u0119cej ni\u017c tylko obrazem na sk\u00f3rze \u2013 jest symbolem mi\u0142o\u015bci, straty i pami\u0119ci, kt\u00f3rej nikt nie mo\u017ce jej odebra\u0107.<\/p>\n\n\n\n<p>Chocia\u017c trzy lata min\u0119\u0142y od tragicznej nocy w Krakowie, Sylwia wci\u0105\u017c zmaga si\u0119 z \u017ca\u0142ob\u0105. Nie ma dnia, by my\u015bli o synu nie pojawia\u0142y si\u0119 w jej g\u0142owie, a jej serce wci\u0105\u017c odczuwa brak Patryka. Jednak dzi\u0119ki wspomnieniom, zdj\u0119ciom i symbolom, takim jak tatua\u017c, udaje jej si\u0119 piel\u0119gnowa\u0107 pami\u0119\u0107 po synu i zachowa\u0107 jego obecno\u015b\u0107 w swoim \u017cyciu. To w\u0142a\u015bnie w tych drobnych gestach, pe\u0142nych emocji i mi\u0142o\u015bci, Sylwia odnajduje si\u0142\u0119, by i\u015b\u0107 naprz\u00f3d, mimo \u017ce strata pozostaje niezmiennie bolesna.<\/p>\n\n\n<div class=\"wp-block-image\">\n<figure class=\"aligncenter\"><img decoding=\"async\" src=\"https:\/\/v.wpimg.pl\/OGZlMTIyYCY7DjtnZgJtM3hWbz0gW2NlL053dmYaYHNrXjVicElgITMAKCYsCSBpPR44JCgOP2kqAGI1ORBgMWtDKT06CSMmI0MoOSscK2hvXH9nKEp8dndedWMoVHt0bg5gNX8fLWpiWHttLUEpImtefzVrBA\" alt=\"Sylwia Peretti z synem\"\/><\/figure>\n<\/div>\n\n\n<p>Tatua\u017c, kt\u00f3ry Sylwia zaprezentowa\u0142a fanom, jest wi\u0119c czym\u015b wi\u0119cej ni\u017c tylko ozdob\u0105. Jest symbolem rodzicielskiej mi\u0142o\u015bci, kt\u00f3r\u0105 trudno opisa\u0107 s\u0142owami, i sposobem na zachowanie pami\u0119ci o kim\u015b, kto na zawsze pozostanie w jej sercu. To gest, kt\u00f3ry pokazuje, \u017ce nawet po najtrudniejszych do\u015bwiadczeniach \u017cycie mo\u017ce znale\u017a\u0107 swoje ma\u0142e, symboliczne formy pocieszenia i nadziei, kt\u00f3re pomagaj\u0105 przetrwa\u0107 najtrudniejsze chwile.<\/p>\n","protected":false},"excerpt":{"rendered":"Trzy lata temu \u017cycie Sylwii Peretti zmieni\u0142o si\u0119 w spos\u00f3b nieodwracalny. W wyniku tragicznego wypadku samochodowego straci\u0142a swojego ukochanego syna Patryka. By\u0142a to \n<a class=\"moretag\" href=\"https:\/\/lifevery.biz.ua\/?p=1745\"> [...]<\/a>","protected":false},"author":1,"featured_media":1746,"comment_status":"open","ping_status":"open","sticky":false,"template":"","format":"standard","meta":{"footnotes":""},"categories":[1],"tags":[],"class_list":["post-1745","post","type-post","status-publish","format-standard","has-post-thumbnail","hentry","category-blog"],"_links":{"self":[{"href":"https:\/\/lifevery.biz.ua\/index.php?rest_route=\/wp\/v2\/posts\/1745","targetHints":{"allow":["GET"]}}],"collection":[{"href":"https:\/\/lifevery.biz.ua\/index.php?rest_route=\/wp\/v2\/posts"}],"about":[{"href":"https:\/\/lifevery.biz.ua\/index.php?rest_route=\/wp\/v2\/types\/post"}],"author":[{"embeddable":true,"href":"https:\/\/lifevery.biz.ua\/index.php?rest_route=\/wp\/v2\/users\/1"}],"replies":[{"embeddable":true,"href":"https:\/\/lifevery.biz.ua\/index.php?rest_route=%2Fwp%2Fv2%2Fcomments&post=1745"}],"version-history":[{"count":1,"href":"https:\/\/lifevery.biz.ua\/index.php?rest_route=\/wp\/v2\/posts\/1745\/revisions"}],"predecessor-version":[{"id":1747,"href":"https:\/\/lifevery.biz.ua\/index.php?rest_route=\/wp\/v2\/posts\/1745\/revisions\/1747"}],"wp:featuredmedia":[{"embeddable":true,"href":"https:\/\/lifevery.biz.ua\/index.php?rest_route=\/wp\/v2\/media\/1746"}],"wp:attachment":[{"href":"https:\/\/lifevery.biz.ua\/index.php?rest_route=%2Fwp%2Fv2%2Fmedia&parent=1745"}],"wp:term":[{"taxonomy":"category","embeddable":true,"href":"https:\/\/lifevery.biz.ua\/index.php?rest_route=%2Fwp%2Fv2%2Fcategories&post=1745"},{"taxonomy":"post_tag","embeddable":true,"href":"https:\/\/lifevery.biz.ua\/index.php?rest_route=%2Fwp%2Fv2%2Ftags&post=1745"}],"curies":[{"name":"wp","href":"https:\/\/api.w.org\/{rel}","templated":true}]}}