{"id":1730,"date":"2026-02-01T14:03:41","date_gmt":"2026-02-01T14:03:41","guid":{"rendered":"https:\/\/lifevery.biz.ua\/?p=1730"},"modified":"2026-02-01T14:03:41","modified_gmt":"2026-02-01T14:03:41","slug":"doda-rozbija-legende-o-ostatnich-wystepach-i-ujawnia-jak-naprawde-zamierza-zyc-po-muzyce-to-nie-jest-koniec-tylko-poczatek-nowego-rozdzialu","status":"publish","type":"post","link":"https:\/\/lifevery.biz.ua\/?p=1730","title":{"rendered":"Doda rozbija legend\u0119 o \u201eostatnich wyst\u0119pach\u201d i ujawnia, jak naprawd\u0119 zamierza \u017cy\u0107 po muzyce \u2013 to nie jest koniec, tylko pocz\u0105tek nowego rozdzia\u0142u!"},"content":{"rendered":"\n<p>Dorota Rabczewska, znana wszystkim jako Doda, ponownie znalaz\u0142a si\u0119 w centrum zainteresowania medi\u00f3w i fan\u00f3w. Tym razem powodem nie jest nowa piosenka ani kolejny medialny konflikt, lecz s\u0142owa, kt\u00f3re dla wielu zabrzmia\u0142y jak symboliczne po\u017cegnanie z muzyk\u0105. Artystka podczas rozm\u00f3w w trakcie trasy \u201eAquaria\u201d zasugerowa\u0142a, \u017ce mo\u017ce to by\u0107 ostatni moment w jej karierze, kiedy prezentuje zupe\u0142nie nowy materia\u0142 muzyczny. Cho\u0107 nie pad\u0142a jednoznaczna deklaracja, emocje by\u0142y ogromne.<\/p>\n\n\n\n<p>Doda od lat przyzwyczai\u0142a publiczno\u015b\u0107 do odwa\u017cnych decyzji i nieoczywistych zwrot\u00f3w akcji. Tym razem r\u00f3wnie\u017c nie chodzi o nag\u0142y kaprys. Wokalistka jasno daje do zrozumienia, \u017ce znajduje si\u0119 w wa\u017cnym momencie swojego \u017cycia, w kt\u00f3rym chce skupi\u0107 si\u0119 na nowych wyzwaniach i realizacji marze\u0144 odk\u0142adanych przez lata. Muzyka by\u0142a dla niej wszystkim, ale \u2013 jak sama podkre\u015bla \u2013 nie jest jedyn\u0105 form\u0105 artystycznej ekspresji, jak\u0105 w sobie nosi.<\/p>\n\n\n<div class=\"wp-block-image\">\n<figure class=\"aligncenter\"><img decoding=\"async\" src=\"https:\/\/v.wpimg.pl\/MjVkMjA4Ygs3CTtZbk9vHnRRbwMoFmFII0l3SG5XYl5mW30ScwN5X3kNJAYkRigaOUUqGDRELB0mRT0GblU9A3kdfEUlXT4aOgo0RSRZLw8yRHtZdA0uWW9cYF14VX1HYlp-CGwMKA5uRnlZdgZ4DmRbdVsjVW8X\" alt=\"Doda ma plan na czas po zako\u0144czeniu kariery muzycznej\"\/><\/figure>\n<\/div>\n\n\n<p>W rozmowach z mediami Doda coraz cz\u0119\u015bciej m\u00f3wi o \u015bwiecie filmu. To w\u0142a\u015bnie tam widzi dla siebie przestrze\u0144 na kolejny etap kariery. Nie jest to zupe\u0142nie nowy teren \u2013 ju\u017c wcze\u015bniej sprawdzi\u0142a si\u0119 jako producentka, a do\u015bwiadczenia z planu filmowego tylko wzmocni\u0142y jej apetyt na wi\u0119cej. Teraz marzy o pracy aktorskiej i nie ukrywa, \u017ce chcia\u0142aby zagra\u0107 role zupe\u0142nie odmienne od scenicznego wizerunku, z kt\u00f3rym kojarz\u0105 j\u0105 widzowie.<\/p>\n\n\n\n<p>Szczeg\u00f3lnie bliska jest jej komedia. Artystka uwa\u017ca, \u017ce ma naturalne poczucie humoru i du\u017c\u0105 swobod\u0119 sceniczn\u0105, kt\u00f3ra mog\u0142aby sprawdzi\u0107 si\u0119 w lekkich, ale wyrazistych rolach. Jednocze\u015bnie przyznaje, \u017ce fascynuj\u0105 j\u0105 tak\u017ce filmy kostiumowe, wymagaj\u0105ce nie tylko aktorskiej dyscypliny, ale i g\u0142\u0119bokiego wej\u015bcia w psychologi\u0119 postaci. To w\u0142a\u015bnie taka rola by\u0142aby dla niej spe\u0142nieniem kolejnego artystycznego marzenia.<\/p>\n\n\n\n<p>Cho\u0107 s\u0142owa o ko\u0144cu kariery muzycznej wywo\u0142a\u0142y lawin\u0119 komentarzy, Doda studzi emocje. Podkre\u015bla, \u017ce nie zamyka si\u0119 definitywnie na \u015bpiewanie. Trudno jej wyobrazi\u0107 sobie \u017cycie ca\u0142kowicie bez muzyki, kt\u00f3ra przez dekady by\u0142a jej codzienno\u015bci\u0105. Zaznacza jednak, \u017ce je\u015bli kiedy\u015b wr\u00f3ci do nagrywania, stanie si\u0119 to na jej w\u0142asnych zasadach, bez presji i oczekiwa\u0144 rynku.<\/p>\n\n\n<div class=\"wp-block-image\">\n<figure class=\"aligncenter\"><img decoding=\"async\" src=\"https:\/\/v.wpimg.pl\/MGE0YzQ4YiYkUi9Jfk9vM2cKexM4FmFlMBJjWH5XYnVzBm4CZQR9d2pWMBY0Rig3Kh4-CCRELDA1HikWflU9LmpGaFU1XT43KVEgVTRZLyIhHz1KYgQucHAIdExhUn5qcQRtTHxVenMmHTxLYwQscyYEYRtkBm86\" alt=\"Doda ma plan na czas po zako\u0144czeniu kariery muzycznej\"\/><\/figure>\n<\/div>\n\n\n<p>R\u00f3wnolegle artystka anga\u017cuje si\u0119 w dzia\u0142ania spo\u0142eczne, zw\u0142aszcza te zwi\u0105zane z ochron\u0105 zwierz\u0105t. W ostatnim czasie musia\u0142a na chwil\u0119 zwolni\u0107 tempo z powodu obowi\u0105zk\u00f3w zawodowych, jednak nie ukrywa, \u017ce ten obszar pozostaje dla niej bardzo wa\u017cny. Pomoc s\u0142abszym daje jej poczucie sensu i r\u00f3wnowagi, kt\u00f3rej \u2013 jak przyznaje \u2013 d\u0142ugo szuka\u0142a w intensywnym \u015bwiecie show-biznesu.<\/p>\n\n\n\n<p>Historia Dody to opowie\u015b\u0107 o ci\u0105g\u0142ej przemianie. Od skandalizuj\u0105cej gwiazdy pop, przez dojrza\u0142\u0105 artystk\u0119, a\u017c po kobiet\u0119 \u015bwiadomie planuj\u0105c\u0105 przysz\u0142o\u015b\u0107 poza scen\u0105 muzyczn\u0105. Jej s\u0142owa o ko\u0144cu kariery brzmi\u0105 bardziej jak zamkni\u0119cie jednego rozdzia\u0142u ni\u017c definitywne po\u017cegnanie. Jedno jest pewne \u2013 niezale\u017cnie od tego, czy b\u0119dzie \u015bpiewa\u0107, gra\u0107 w filmach czy produkowa\u0107 kolejne projekty, Doda jeszcze nie raz zaskoczy publiczno\u015b\u0107.<\/p>\n","protected":false},"excerpt":{"rendered":"Dorota Rabczewska, znana wszystkim jako Doda, ponownie znalaz\u0142a si\u0119 w centrum zainteresowania medi\u00f3w i fan\u00f3w. Tym razem powodem nie jest nowa piosenka ani \n<a class=\"moretag\" href=\"https:\/\/lifevery.biz.ua\/?p=1730\"> [...]<\/a>","protected":false},"author":1,"featured_media":1731,"comment_status":"open","ping_status":"open","sticky":false,"template":"","format":"standard","meta":{"footnotes":""},"categories":[1],"tags":[],"class_list":["post-1730","post","type-post","status-publish","format-standard","has-post-thumbnail","hentry","category-blog"],"_links":{"self":[{"href":"https:\/\/lifevery.biz.ua\/index.php?rest_route=\/wp\/v2\/posts\/1730","targetHints":{"allow":["GET"]}}],"collection":[{"href":"https:\/\/lifevery.biz.ua\/index.php?rest_route=\/wp\/v2\/posts"}],"about":[{"href":"https:\/\/lifevery.biz.ua\/index.php?rest_route=\/wp\/v2\/types\/post"}],"author":[{"embeddable":true,"href":"https:\/\/lifevery.biz.ua\/index.php?rest_route=\/wp\/v2\/users\/1"}],"replies":[{"embeddable":true,"href":"https:\/\/lifevery.biz.ua\/index.php?rest_route=%2Fwp%2Fv2%2Fcomments&post=1730"}],"version-history":[{"count":1,"href":"https:\/\/lifevery.biz.ua\/index.php?rest_route=\/wp\/v2\/posts\/1730\/revisions"}],"predecessor-version":[{"id":1732,"href":"https:\/\/lifevery.biz.ua\/index.php?rest_route=\/wp\/v2\/posts\/1730\/revisions\/1732"}],"wp:featuredmedia":[{"embeddable":true,"href":"https:\/\/lifevery.biz.ua\/index.php?rest_route=\/wp\/v2\/media\/1731"}],"wp:attachment":[{"href":"https:\/\/lifevery.biz.ua\/index.php?rest_route=%2Fwp%2Fv2%2Fmedia&parent=1730"}],"wp:term":[{"taxonomy":"category","embeddable":true,"href":"https:\/\/lifevery.biz.ua\/index.php?rest_route=%2Fwp%2Fv2%2Fcategories&post=1730"},{"taxonomy":"post_tag","embeddable":true,"href":"https:\/\/lifevery.biz.ua\/index.php?rest_route=%2Fwp%2Fv2%2Ftags&post=1730"}],"curies":[{"name":"wp","href":"https:\/\/api.w.org\/{rel}","templated":true}]}}