{"id":1715,"date":"2026-02-01T11:33:29","date_gmt":"2026-02-01T11:33:29","guid":{"rendered":"https:\/\/lifevery.biz.ua\/?p=1715"},"modified":"2026-02-01T11:33:29","modified_gmt":"2026-02-01T11:33:29","slug":"ryszard-rynkowski-musial-przerwac-wystep-dramatyczne-sceny-zobaczyli-wszyscy","status":"publish","type":"post","link":"https:\/\/lifevery.biz.ua\/?p=1715","title":{"rendered":"Ryszard Rynkowski musia\u0142 przerwa\u0107 wyst\u0119p. Dramatyczne sceny zobaczyli wszyscy"},"content":{"rendered":"\n<p>Powr\u00f3t mia\u0142 by\u0107 spokojny i symboliczny. W sobotni wiecz\u00f3r&nbsp;Ryszard Rynkowski&nbsp;stan\u0105\u0142 na scenie w&nbsp;Pruszk\u00f3w&nbsp;po kilku miesi\u0105cach przerwy spowodowanej problemami osobistymi. Publiczno\u015b\u0107 przysz\u0142a zobaczy\u0107 go w\u0142a\u015bnie w takim momencie \u2013 kiedy wraca, kiedy pr\u00f3buje z\u0142apa\u0107 oddech, kiedy zn\u00f3w chce \u015bpiewa\u0107. I przez oko\u0142o godzin\u0119 wszystko sz\u0142o tym rytmem.<\/p>\n\n\n\n<ul class=\"wp-block-list\">\n<li>Czytaj te\u017c:\u00a0<a href=\"https:\/\/wlocie.pl\/gwiazdy\/miesiac-do-rozwodu-a-tu-takie-wiesci-od-kubickiej-wyznala-w-ostatniej-chwili-polaly-sie-lzy\">Miesi\u0105c do rozwodu a tu takie wie\u015bci od Kubickiej. Wyzna\u0142a w ostatniej chwili, pola\u0142y si\u0119 \u0142zy<\/a><\/li>\n<\/ul>\n\n\n\n<p>Dopiero p\u00f3\u017aniej okaza\u0142o si\u0119, \u017ce ten koncert nie domknie si\u0119 tak, jak planowano.<\/p>\n\n\n\n<h2 class=\"wp-block-heading\">Trudny czas, kt\u00f3ry ci\u0105gn\u0105\u0142 si\u0119 za nim miesi\u0105cami<\/h2>\n\n\n\n<p>Artysta ma za sob\u0105 wyj\u0105tkowo ci\u0119\u017cki okres. W tek\u015bcie przypomniano najpierw g\u0142o\u015bn\u0105 sytuacj\u0119 z poprzedniego roku, gdy nie dotar\u0142 na opolski festiwal, a wtedy wysz\u0142o na jaw, \u017ce prowadzi\u0142 samoch\u00f3d pod wp\u0142ywem alkoholu.<\/p>\n\n\n\n<ul class=\"wp-block-list\">\n<li>Zobacz r\u00f3wnie\u017c:\u00a0<a href=\"https:\/\/wlocie.pl\/ciekawostki\/samolot-runal-na-centrum-poznania-pilot-chcial-uratowac-dzieci\">Samolot run\u0105\u0142 na centrum Poznania. Pilot chcia\u0142 uratowa\u0107 dzieci<\/a><\/li>\n<\/ul>\n\n\n\n<p>Potem przysz\u0142o kolejne uderzenie. Wczesn\u0105 jesieni\u0105 zmar\u0142a jego \u017cona \u2013 osoba, kt\u00f3ra by\u0142a dla niego najwi\u0119kszym oparciem. To w\u0142a\u015bnie po tej stracie pojawi\u0142y si\u0119 pytania, czy jeszcze wr\u00f3ci na scen\u0119.<\/p>\n\n\n\n<p>Min\u0119\u0142o kilka miesi\u0119cy, zanim zdecydowa\u0142 si\u0119 na koncertowy powr\u00f3t.<\/p>\n\n\n\n<h2 class=\"wp-block-heading\">W Pruszkowie Ryszard Rynkowski m\u00f3wi\u0142 o zdrowiu. Pad\u0142y konkretne s\u0142owa<\/h2>\n\n\n\n<p>Wyst\u0119p w centrum kultury w Pruszkowie odby\u0142 si\u0119 w sobot\u0119, 31 stycznia. Ju\u017c na pocz\u0105tku Rynkowski przyzna\u0142, \u017ce ma problemy zdrowotne i porusza si\u0119 gorzej. Cytowane by\u0142y jego s\u0142owa, kt\u00f3re mia\u0142 przytoczy\u0107&nbsp;Fakt:<\/p>\n\n\n\n<blockquote class=\"wp-block-quote is-layout-flow wp-block-quote-is-layout-flow\">\n<p>\u201eTroch\u0119 gorzej chodz\u0119, bo mam tutaj taki kawa\u0142ek metalu, w \u015brodku\u2026 W zwi\u0105zku z tym troch\u0119 wolniej chodz\u0119 i nie jest to sprawa ta, kt\u00f3ra czeka na mnie w s\u0105dzie (\u2026)\u201d<\/p>\n<\/blockquote>\n\n\n\n<p>To by\u0142 moment, kt\u00f3ry dla wielu widz\u00f3w m\u00f3g\u0142 brzmie\u0107 jak szczere, ludzkie dopowiedzenie \u2013 bez pozy, bez udawania, \u017ce wszystko jest idealnie.<\/p>\n\n\n\n<h2 class=\"wp-block-heading\">Koncert przerwany po oko\u0142o godzinie. Po przerwie ju\u017c nie wr\u00f3ci\u0142<\/h2>\n\n\n\n<p>Po mniej wi\u0119cej godzinie \u015bpiewania artysta zapowiedzia\u0142, \u017ce potrzebuje przerwy.&nbsp;<a href=\"http:\/\/wp.pl\/\">Publiczno\u015b\u0107<\/a>&nbsp;czeka\u0142a, ale po kilkunastu minutach pojawi\u0142 si\u0119 komunikat, \u017ce mo\u017cna wraca\u0107 do domu, bo Rynkowski nie wyjdzie ju\u017c na scen\u0119.<\/p>\n\n\n\n<p>Wed\u0142ug relacji tabloid skontaktowa\u0142 si\u0119 z menad\u017cerem artysty. Ten mia\u0142 potwierdzi\u0107, \u017ce Rynkowskiego nie ma ju\u017c w centrum kultury, ale nie zna\u0142 szczeg\u00f3\u0142\u00f3w sytuacji.<\/p>\n\n\n\n<h2 class=\"wp-block-heading\">Organizator uspokaja: Ryszard Rynkowski pod opiek\u0105, zabrak\u0142o tylko fina\u0142u<\/h2>\n\n\n\n<p>Wi\u0119cej informacji mia\u0142 przekaza\u0107 organizator. W wypowiedzi cytowanej przez \u201eFakt\u201d podkre\u015blono, \u017ce Rynkowski jest w bezpiecznym miejscu i osoby postronne nie powinny si\u0119 niepokoi\u0107.<\/p>\n\n\n\n<blockquote class=\"wp-block-quote is-layout-flow wp-block-quote-is-layout-flow\">\n<p>\u201ePan Ryszard pojecha\u0142 do hotelu. Jest pod nasz\u0105 opiek\u0105, managementu i organizatora i osoby postronne absolutnie nie musz\u0105 si\u0119 niepokoi\u0107. Koncert zosta\u0142 przerwany. Pan Ryszard nie za\u015bpiewa\u0142 jedynie ostatniego utworu\u201d.<\/p>\n<\/blockquote>\n\n\n\n<p>Z tej relacji wynika wi\u0119c, \u017ce przerwanie koncertu nie oznacza\u0142o przerwania ca\u0142ego wyst\u0119pu w po\u0142owie repertuaru \u2013 artysta mia\u0142 nie wykona\u0107 tylko ostatniej piosenki.<\/p>\n","protected":false},"excerpt":{"rendered":"Powr\u00f3t mia\u0142 by\u0107 spokojny i symboliczny. W sobotni wiecz\u00f3r&nbsp;Ryszard Rynkowski&nbsp;stan\u0105\u0142 na scenie w&nbsp;Pruszk\u00f3w&nbsp;po kilku miesi\u0105cach przerwy spowodowanej problemami osobistymi. Publiczno\u015b\u0107 przysz\u0142a zobaczy\u0107 go \n<a class=\"moretag\" href=\"https:\/\/lifevery.biz.ua\/?p=1715\"> [...]<\/a>","protected":false},"author":1,"featured_media":1716,"comment_status":"open","ping_status":"open","sticky":false,"template":"","format":"standard","meta":{"footnotes":""},"categories":[1],"tags":[],"class_list":["post-1715","post","type-post","status-publish","format-standard","has-post-thumbnail","hentry","category-blog"],"_links":{"self":[{"href":"https:\/\/lifevery.biz.ua\/index.php?rest_route=\/wp\/v2\/posts\/1715","targetHints":{"allow":["GET"]}}],"collection":[{"href":"https:\/\/lifevery.biz.ua\/index.php?rest_route=\/wp\/v2\/posts"}],"about":[{"href":"https:\/\/lifevery.biz.ua\/index.php?rest_route=\/wp\/v2\/types\/post"}],"author":[{"embeddable":true,"href":"https:\/\/lifevery.biz.ua\/index.php?rest_route=\/wp\/v2\/users\/1"}],"replies":[{"embeddable":true,"href":"https:\/\/lifevery.biz.ua\/index.php?rest_route=%2Fwp%2Fv2%2Fcomments&post=1715"}],"version-history":[{"count":1,"href":"https:\/\/lifevery.biz.ua\/index.php?rest_route=\/wp\/v2\/posts\/1715\/revisions"}],"predecessor-version":[{"id":1717,"href":"https:\/\/lifevery.biz.ua\/index.php?rest_route=\/wp\/v2\/posts\/1715\/revisions\/1717"}],"wp:featuredmedia":[{"embeddable":true,"href":"https:\/\/lifevery.biz.ua\/index.php?rest_route=\/wp\/v2\/media\/1716"}],"wp:attachment":[{"href":"https:\/\/lifevery.biz.ua\/index.php?rest_route=%2Fwp%2Fv2%2Fmedia&parent=1715"}],"wp:term":[{"taxonomy":"category","embeddable":true,"href":"https:\/\/lifevery.biz.ua\/index.php?rest_route=%2Fwp%2Fv2%2Fcategories&post=1715"},{"taxonomy":"post_tag","embeddable":true,"href":"https:\/\/lifevery.biz.ua\/index.php?rest_route=%2Fwp%2Fv2%2Ftags&post=1715"}],"curies":[{"name":"wp","href":"https:\/\/api.w.org\/{rel}","templated":true}]}}