{"id":1691,"date":"2026-02-01T08:18:27","date_gmt":"2026-02-01T08:18:27","guid":{"rendered":"https:\/\/lifevery.biz.ua\/?p=1691"},"modified":"2026-02-01T08:18:27","modified_gmt":"2026-02-01T08:18:27","slug":"siostry-kessler-uwazane-za-najpiekniejsze-blizniaczki-na-swiecie-odebraly-sobie-zycie-w-wieku-89-lat","status":"publish","type":"post","link":"https:\/\/lifevery.biz.ua\/?p=1691","title":{"rendered":"Siostry Kessler, uwa\u017cane za \u201enajpi\u0119kniejsze bli\u017aniaczki na \u015bwiecie\u201d, odebra\u0142y sobie \u017cycie w wieku 89 lat."},"content":{"rendered":"\n<p>Uwielbiane gwiazdy kabaretu, ol\u015bniewaj\u0105ce postacie europejskich scen i gwiazdy \u015bwiatowe prze\u0142omu lat 60. XX wieku,&nbsp;<\/p>\n\n\n\n<p><strong>Alice i Ellen Kessler<\/strong>&nbsp;zmar\u0142y w poniedzia\u0142ek, 17 listopada 2025 roku.<\/p>\n\n\n\n<p>Dwie, kt\u00f3re prasa przez dekady nazywa\u0142a&nbsp;<\/p>\n\n\n\n<p><em>\u201enajpi\u0119kniejszymi bli\u017aniaczkami \u015bwiata\u201d,<\/em>&nbsp;wybra\u0142y&nbsp;<br><strong>wspomagane samob\u00f3jstwo<\/strong>&nbsp;w wieku 89 lat.<\/p>\n\n\n\n<figure class=\"wp-block-image\"><img decoding=\"async\" src=\"https:\/\/celebfrance.org\/wp-content\/uploads\/2026\/01\/thumb_large.jpg\" alt=\"Zdj\u0119cie\"\/><\/figure>\n\n\n\n<p>Obie siostry odcisn\u0119\u0142y swoje pi\u0119tno na ca\u0142ym pokoleniu. Dzieli\u0142y scen\u0119 z&nbsp;<strong>Frankiem Sinatr\u0105<\/strong>&nbsp;, oczarowa\u0142y&nbsp;<strong>Elvisa Presleya<\/strong>&nbsp;, rozbawi\u0142y&nbsp;<strong>Sach\u0119 Distela<\/strong>&nbsp;i zachwyci\u0142y publiczno\u015b\u0107 w legendarnym Lido w Pary\u017cu. Ich elegancja, perfekcyjna synchronizacja i charyzma uczyni\u0142y z nich niezast\u0105pione artystki w music-hallach.<\/p>\n\n\n\n<p>Urodzeni 20 sierpnia 1936 roku w Niemczech Wschodnich, bli\u017aniacy prze\u017cyli b\u0142yskawiczny wzrost s\u0142awy od 1959 roku, szczeg\u00f3lnie po udziale w 4. Konkursie Piosenki Eurowizji. Ich mi\u0119dzynarodowa kariera zaprowadzi\u0142a ich na najwi\u0119ksze sceny w Europie i poza ni\u0105, symbolizuj\u0105c z\u0142ot\u0105 er\u0119 kabaretu i wyst\u0119p\u00f3w na \u017cywo.<\/p>\n\n\n\n<figure class=\"wp-block-image\"><img decoding=\"async\" src=\"https:\/\/celebfrance.org\/wp-content\/uploads\/2026\/01\/1d16581eb4f07a8fab311da48935200b.jpg\" alt=\"Zdj\u0119cie\"\/><\/figure>\n\n\n\n<h3 class=\"wp-block-heading\">\u015awiadomy wyb\u00f3r, przygotowany z du\u017cym wyprzedzeniem<\/h3>\n\n\n\n<p>Rok przed \u015bmierci\u0105 Alice i Ellen Kessler powiedzia\u0142y niemieckiej gazecie&nbsp;<strong>Bild<\/strong>&nbsp;, \u017ce pragn\u0105 zosta\u0107&nbsp;<em>\u201epochowane w tej samej urnie, obok proch\u00f3w ukochanej matki Elsy i psa Yello<\/em>&nbsp;\u201d .<br>\u201eTak zawarli\u015bmy to w naszych testamentach\u201d \u2013 wyja\u015bni\u0142a w\u00f3wczas Ellen Kessler, odnosz\u0105c si\u0119 do starannie przemy\u015blanej decyzji.<\/p>\n\n\n\n<p>W\u0142adze potwierdzi\u0142y, \u017ce obie siostry uciek\u0142y si\u0119 do&nbsp;<strong>wspomaganego samob\u00f3jstwa<\/strong>&nbsp;, praktyki regulowanej w Niemczech przez surowe przepisy prawne. Prawo zezwala na medyczn\u0105 pomoc w samob\u00f3jstwie pod pewnymi warunkami, zw\u0142aszcza gdy dana osoba sama podejmuje si\u0119 tego czynu, aby odr\u00f3\u017cni\u0107 j\u0105 od eutanazji czynnej, kt\u00f3ra nadal jest nielegalna.<\/p>\n\n\n\n<p><a href=\"https:\/\/celebfrance.org\/brigitte-macron-prete-a-le-faire-ces-photos-intimes-quelle-va-fournir-pour-faire-taire-les-rumeurs-transphobes\/\"><\/a><\/p>\n\n\n\n<p><a href=\"https:\/\/celebfrance.org\/brigitte-macron-prete-a-le-faire-ces-photos-intimes-quelle-va-fournir-pour-faire-taire-les-rumeurs-transphobes\/\"><strong>Przeczytaj tak\u017ce:&nbsp;<\/strong>&nbsp;Brigitte Macron \u201egotowa to zrobi\u0107\u201d: intymne zdj\u0119cia, kt\u00f3re udost\u0119pni, by uciszy\u0107 plotki o transfobii<\/a><\/p>\n\n\n\n<hr class=\"wp-block-separator has-alpha-channel-opacity\"\/>\n\n\n\n<h3 class=\"wp-block-heading\">We Francji na nowo rozgorza\u0142 problem opieki paliatywnej.<\/h3>\n\n\n\n<figure class=\"wp-block-image\"><img decoding=\"async\" src=\"https:\/\/upload.wikimedia.org\/wikipedia\/commons\/0\/0b\/Line_Renaud_C%C3%A9sar_2018.jpg\" alt=\"Zdj\u0119cie\"\/><\/figure>\n\n\n\n<p>\u015amier\u0107 si\u00f3str Kessler na nowo o\u017cywi\u0142a debat\u0119 na temat opieki nad osobami u kresu \u017cycia, temat bardzo \u017cywy r\u00f3wnie\u017c we Francji. Inna znana posta\u0107 kabaretu,&nbsp;<strong>Line Renaud,<\/strong>&nbsp;od kilku lat walczy o prawo do godnej \u015bmierci. Jako matka chrzestna Stowarzyszenia na rzecz Prawa do Godnej \u015amierci, publicznie broni wolno\u015bci wyboru \u015bmierci, gdy cierpienie staje si\u0119 nie do zniesienia.<\/p>\n\n\n\n<p>W pa\u017adzierniku 2024 roku, jako go\u015b\u0107&nbsp;<strong>niedzielnego programu o 20:30<\/strong>&nbsp;na&nbsp;<strong>kanale France 2<\/strong>&nbsp;, u boku Laurenta Delahousse\u2019a, wyzna\u0142a ze wzruszeniem:<br>\u201eKiedy wiesz, \u017ce nie da si\u0119 ju\u017c nic zrobi\u0107 i \u017ce czekaj\u0105 ci\u0119 jedynie miesi\u0105ce cierpienia, wyjazd mo\u017ce by\u0107 wybawieniem\u201d.<\/p>\n\n\n\n<p>Wcze\u015bniej, na \u0142amach&nbsp;<em>\u201eCin\u00e9 T\u00e9l\u00e9 Revue\u201d<\/em>&nbsp;, artysta pyta\u0142:<br>\u201eCzy umieranie z godno\u015bci\u0105 nie powinno by\u0107 normalne? Skoro nasze \u017cycie nale\u017cy do nas, to samo powinno dotyczy\u0107 naszej \u015bmierci. Pozwalanie ludziom na takie cierpienie jest nieludzkie\u201d.<\/p>\n","protected":false},"excerpt":{"rendered":"Uwielbiane gwiazdy kabaretu, ol\u015bniewaj\u0105ce postacie europejskich scen i gwiazdy \u015bwiatowe prze\u0142omu lat 60. XX wieku,&nbsp; Alice i Ellen Kessler&nbsp;zmar\u0142y w poniedzia\u0142ek, 17 listopada \n<a class=\"moretag\" href=\"https:\/\/lifevery.biz.ua\/?p=1691\"> [...]<\/a>","protected":false},"author":1,"featured_media":0,"comment_status":"open","ping_status":"open","sticky":false,"template":"","format":"standard","meta":{"footnotes":""},"categories":[1],"tags":[],"class_list":["post-1691","post","type-post","status-publish","format-standard","hentry","category-blog"],"_links":{"self":[{"href":"https:\/\/lifevery.biz.ua\/index.php?rest_route=\/wp\/v2\/posts\/1691","targetHints":{"allow":["GET"]}}],"collection":[{"href":"https:\/\/lifevery.biz.ua\/index.php?rest_route=\/wp\/v2\/posts"}],"about":[{"href":"https:\/\/lifevery.biz.ua\/index.php?rest_route=\/wp\/v2\/types\/post"}],"author":[{"embeddable":true,"href":"https:\/\/lifevery.biz.ua\/index.php?rest_route=\/wp\/v2\/users\/1"}],"replies":[{"embeddable":true,"href":"https:\/\/lifevery.biz.ua\/index.php?rest_route=%2Fwp%2Fv2%2Fcomments&post=1691"}],"version-history":[{"count":1,"href":"https:\/\/lifevery.biz.ua\/index.php?rest_route=\/wp\/v2\/posts\/1691\/revisions"}],"predecessor-version":[{"id":1692,"href":"https:\/\/lifevery.biz.ua\/index.php?rest_route=\/wp\/v2\/posts\/1691\/revisions\/1692"}],"wp:attachment":[{"href":"https:\/\/lifevery.biz.ua\/index.php?rest_route=%2Fwp%2Fv2%2Fmedia&parent=1691"}],"wp:term":[{"taxonomy":"category","embeddable":true,"href":"https:\/\/lifevery.biz.ua\/index.php?rest_route=%2Fwp%2Fv2%2Fcategories&post=1691"},{"taxonomy":"post_tag","embeddable":true,"href":"https:\/\/lifevery.biz.ua\/index.php?rest_route=%2Fwp%2Fv2%2Ftags&post=1691"}],"curies":[{"name":"wp","href":"https:\/\/api.w.org\/{rel}","templated":true}]}}