{"id":1655,"date":"2026-01-31T19:26:57","date_gmt":"2026-01-31T19:26:57","guid":{"rendered":"https:\/\/lifevery.biz.ua\/?p=1655"},"modified":"2026-01-31T19:26:57","modified_gmt":"2026-01-31T19:26:57","slug":"mloda-dziewczyna-nie-zyje-kierowca-i-drugi-pasazer-walcza-o-zycie-tragedia-na-drodze","status":"publish","type":"post","link":"https:\/\/lifevery.biz.ua\/?p=1655","title":{"rendered":"M\u0142oda dziewczyna nie \u017cyje, kierowca i drugi pasa\u017cer walcz\u0105 o \u017cycie. Tragedia na drodze"},"content":{"rendered":"\n<p>Do dramatycznego wypadku dosz\u0142o na drodze krajowej nr 91 w miejscowo\u015bci Kr\u0119\u017celewice w wojew\u00f3dztwie \u0142\u00f3dzkim. Samoch\u00f3d osobowy dachowa\u0142, a skutki zdarzenia okaza\u0142y si\u0119 tragiczne. Zgin\u0119\u0142a 18-letnia pasa\u017cerka, natomiast kierowca i drugi pasa\u017cer w ci\u0119\u017ckim stanie trafili do szpitala. Okoliczno\u015bci zdarzenia badaj\u0105 s\u0142u\u017cby.<\/p>\n\n\n\n<p>Tragiczny w skutkach manewr<br>\u015amier\u0107 m\u0142odej pasa\u017cerki i dramatyczna walka o \u017cycie rannych<br>Policja bada okoliczno\u015bci zdarzenia<br>Tragiczny w skutkach manewr<br>Tragiczne zdarzenie mia\u0142o miejsce w sobot\u0119 31 stycznia, tu\u017c przed godzin\u0105 10:00, na drodze krajowej nr 91 w miejscowo\u015bci Kr\u0119\u017celewice. To wa\u017cna trasa komunikacyjna, na kt\u00f3rej ruch bywa intensywny, szczeg\u00f3lnie w godzinach porannych.<\/p>\n\n\n\n<p>Z ustale\u0144 policji wynika, \u017ce 20-letni kierowca Audi jecha\u0142 prostym odcinkiem drogi, gdy nagle podj\u0105\u0142 pr\u00f3b\u0119 unikni\u0119cia najechania na samoch\u00f3d znajduj\u0105cy si\u0119 przed nim. W trakcie tego manewru straci\u0142 panowanie nad pojazdem.<\/p>\n\n\n\n<p>Auto zjecha\u0142o z jezdni i dachowa\u0142o, co doprowadzi\u0142o do bardzo powa\u017cnych obra\u017ce\u0144 u os\u00f3b podr\u00f3\u017cuj\u0105cych samochodem. Si\u0142a uderzenia by\u0142a na tyle du\u017ca, \u017ce na miejsce natychmiast skierowano s\u0142u\u017cby ratunkowe.<br><\/p>\n\n\n\n<p>\u015amier\u0107 m\u0142odej pasa\u017cerki i dramatyczna walka o \u017cycie rannych<br>W audi znajdowa\u0142y si\u0119 trzy osoby: kierowca oraz dwoje pasa\u017cer\u00f3w. Pierwszym z nich by\u0142 22-letni m\u0119\u017cczyzna, zosta\u0142 ci\u0119\u017cko ranny. Zespo\u0142y ratownictwa medycznego udzieli\u0142y mu pierwszej pomocy na miejscu, a nast\u0119pnie przewioz\u0142y karetk\u0105 do szpitala w \u0141\u0119czycy.<\/p>\n\n\n\n<p>Drug\u0105 pasa\u017cerk\u0105 by\u0142a 18-letnia dziewczyna, kt\u00f3ra w wyniku odniesionych obra\u017ce\u0144 zmar\u0142a na miejscu zdarzenia. Pomimo szybkiej reakcji s\u0142u\u017cb i podj\u0119tej reanimacji jej \u017cycia nie uda\u0142o si\u0119 uratowa\u0107.<\/p>\n\n\n\n<p>Kierowca audi r\u00f3wnie\u017c odni\u00f3s\u0142 powa\u017cne obra\u017cenia. Ze wzgl\u0119du na jego stan zdrowia zdecydowano o u\u017cyciu Lotniczego Pogotowia Ratunkowego, kt\u00f3re przetransportowa\u0142o go do jednego z \u0142\u00f3dzkich szpitali. Obaj m\u0119\u017cczy\u017ani walcz\u0105 o \u017cycie.<br><\/p>\n\n\n\n<p>Policja bada okoliczno\u015bci zdarzenia<br>Jak poinformowa\u0142y s\u0142u\u017cby, kierowca by\u0142 trze\u017awy w chwili wypadku. Na miejscu zdarzenia przez d\u0142ugi czas pracowali policjanci oraz prokurator. Funkcjonariusze zabezpieczyli \u015blady i prowadzili czynno\u015bci, kt\u00f3re maj\u0105 pom\u00f3c w dok\u0142adnym ustaleniu przebiegu wypadku oraz jego przyczyn.<\/p>\n\n\n\n<p>Droga krajowa nr 91 by\u0142a czasowo zablokowana, co spowodowa\u0142o znaczne utrudnienia w ruchu.<br><\/p>\n\n\n\n<p><\/p>\n","protected":false},"excerpt":{"rendered":"Do dramatycznego wypadku dosz\u0142o na drodze krajowej nr 91 w miejscowo\u015bci Kr\u0119\u017celewice w wojew\u00f3dztwie \u0142\u00f3dzkim. Samoch\u00f3d osobowy dachowa\u0142, a skutki zdarzenia okaza\u0142y si\u0119 \n<a class=\"moretag\" href=\"https:\/\/lifevery.biz.ua\/?p=1655\"> [...]<\/a>","protected":false},"author":1,"featured_media":1659,"comment_status":"open","ping_status":"open","sticky":false,"template":"","format":"standard","meta":{"footnotes":""},"categories":[1],"tags":[],"class_list":["post-1655","post","type-post","status-publish","format-standard","has-post-thumbnail","hentry","category-blog"],"_links":{"self":[{"href":"https:\/\/lifevery.biz.ua\/index.php?rest_route=\/wp\/v2\/posts\/1655","targetHints":{"allow":["GET"]}}],"collection":[{"href":"https:\/\/lifevery.biz.ua\/index.php?rest_route=\/wp\/v2\/posts"}],"about":[{"href":"https:\/\/lifevery.biz.ua\/index.php?rest_route=\/wp\/v2\/types\/post"}],"author":[{"embeddable":true,"href":"https:\/\/lifevery.biz.ua\/index.php?rest_route=\/wp\/v2\/users\/1"}],"replies":[{"embeddable":true,"href":"https:\/\/lifevery.biz.ua\/index.php?rest_route=%2Fwp%2Fv2%2Fcomments&post=1655"}],"version-history":[{"count":1,"href":"https:\/\/lifevery.biz.ua\/index.php?rest_route=\/wp\/v2\/posts\/1655\/revisions"}],"predecessor-version":[{"id":1660,"href":"https:\/\/lifevery.biz.ua\/index.php?rest_route=\/wp\/v2\/posts\/1655\/revisions\/1660"}],"wp:featuredmedia":[{"embeddable":true,"href":"https:\/\/lifevery.biz.ua\/index.php?rest_route=\/wp\/v2\/media\/1659"}],"wp:attachment":[{"href":"https:\/\/lifevery.biz.ua\/index.php?rest_route=%2Fwp%2Fv2%2Fmedia&parent=1655"}],"wp:term":[{"taxonomy":"category","embeddable":true,"href":"https:\/\/lifevery.biz.ua\/index.php?rest_route=%2Fwp%2Fv2%2Fcategories&post=1655"},{"taxonomy":"post_tag","embeddable":true,"href":"https:\/\/lifevery.biz.ua\/index.php?rest_route=%2Fwp%2Fv2%2Ftags&post=1655"}],"curies":[{"name":"wp","href":"https:\/\/api.w.org\/{rel}","templated":true}]}}