{"id":1634,"date":"2026-01-31T10:59:53","date_gmt":"2026-01-31T10:59:53","guid":{"rendered":"https:\/\/lifevery.biz.ua\/?p=1634"},"modified":"2026-01-31T10:59:53","modified_gmt":"2026-01-31T10:59:53","slug":"maryla-rodowicz-i-daniel-olbrychski-maja-nieslubne-dziecko-byly-plotki-ze-oddalam-ja-do-zakladu","status":"publish","type":"post","link":"https:\/\/lifevery.biz.ua\/?p=1634","title":{"rendered":"Maryla Rodowicz i Daniel Olbrychski maj\u0105 NIE\u015aLUBNE DZIECKO? By\u0142y plotki, \u017ce odda\u0142am j\u0105 do zak\u0142adu"},"content":{"rendered":"\n<p>Maryla Rodowicz wr\u00f3ci\u0142a pami\u0119ci\u0105 do dawnych czas\u00f3w, kiedy by\u0142a w zwi\u0105zku z Danielem Olbrychskim. M\u00f3wiono w\u00f3wczas, \u017ce para ma nie\u015blubne dziecko, kt\u00f3re zosta\u0142o oddane do sieroci\u0144ca. Piosenkarka postanowi\u0142a ujawni\u0107 ca\u0142\u0105 prawd\u0119.<\/p>\n\n\n\n<figure class=\"wp-block-image\"><img decoding=\"async\" src=\"https:\/\/wideoportal.tv\/static\/files\/inline_images\/161\/inline__1786339_8793.jpg\" alt=\"\"\/><\/figure>\n\n\n\n<p><a href=\"https:\/\/wideoportal.tv\/tag\/maryla-rodowicz\/\"><strong>Maryla Rodowicz<\/strong><\/a>&nbsp;w latach 70 mia\u0142a romans z \u017conatym w\u00f3wczas&nbsp;<a href=\"https:\/\/wideoportal.tv\/tag\/daniel-olbrychski\/\"><strong>Danielem Olbrychskim<\/strong><\/a>. To by\u0142 burzliwy zwi\u0105zek, o kt\u00f3rym oboje szczeg\u00f3\u0142owo opowiedzieli w filmie dokumentalnym pt. &#8220;Maryla. Tak kocha\u0142am&#8221;. Po ich rozstaniu pojawi\u0142a si\u0119 nieprzychylna piosenkarce pog\u0142oska.<\/p>\n\n\n\n<h2 class=\"wp-block-heading\"><strong>Maryla Rodowicz i Daniel Olbrychski maj\u0105 NIE\u015aLUBNE DZIECKO? By\u0142y plotki, \u017ce odda\u0142am j\u0105 do zak\u0142adu<\/strong><\/h2>\n\n\n\n<p>Plotkowano, \u017ce Maryla mia\u0142a z Olbrychskim niepe\u0142nosprawnego syna. Odda\u0142a go do sieroci\u0144ca, \u017ceby nikt si\u0119 o nim nie dowiedzia\u0142. Opowiedzia\u0142a o tej teorii spiskowej przed laty w miesi\u0119czniku &#8220;Machina&#8221;. Nawi\u0105za\u0142a do niej zapytana przez dziennikark\u0119, czy jest co\u015b, czego si\u0119 obawia.<\/p>\n\n\n\n<p>Reklama<\/p>\n\n\n\n<blockquote class=\"wp-block-quote is-layout-flow wp-block-quote-is-layout-flow\">\n<p><strong>Paj\u0105k\u00f3w, ale myszy ju\u017c na przyk\u0142ad nie. I okrutnych plotek. Takich jak ta, kt\u00f3ra ostatnio do mnie dotar\u0142a. Rzekomo w latach 70. mia\u0142am niepe\u0142nosprawne dziecko z Olbrychskim i odda\u0142am je do domu dziecka.<\/strong><\/p>\n<\/blockquote>\n\n\n\n<p>Inna wersja g\u0142osi\u0142a, \u017ce ch\u0142opiec przebywa\u0142 u zakonnic na Podkarpaciu. Podobno znale\u017ali si\u0119 \u015bwiadkowie, kt\u00f3rzy widzieli, jak artystka przyje\u017cd\u017ca, aby odwiedza\u0107 syna. Mia\u0142a to robi\u0107 sporadycznie, jedynie okazjonalnie.<\/p>\n\n\n\n<blockquote class=\"wp-block-quote is-layout-flow wp-block-quote-is-layout-flow\">\n<p><strong>Dowiedzia\u0142am si\u0119 r\u00f3wnie\u017c na stronie kafeteria.pl, \u017ce s\u0105 \u015bwiadkowie. Czy pani da wiar\u0119? Jedna osoba napisa\u0142a, \u017ce siostra jej matki pracuje w tym domu dziecka i widzia\u0142a, \u017ce ja tam przyje\u017cd\u017ca\u0142am, ale bardzo rzadko. A to dziecko ma wodog\u0142owie i ta &#8220;siostra jej matki&#8221; widzia\u0142a, jak ono ci\u0105gle w oknie stoi. No ludzie! &#8211; dziwi\u0142a si\u0119 piosenkarka.<\/strong><\/p>\n\n\n\n<p>Reklama<\/p>\n<\/blockquote>\n\n\n\n<p>Prawda jest taka, \u017ce Maryla by\u0142a w ci\u0105\u017cy z Danielem Olbrychskim. Mieszkali w\u00f3wczas razem, za\u015b aktor zamierza\u0142 rozwie\u015b\u0107 si\u0119 ze swoj\u0105 \u00f3wczesn\u0105 \u017con\u0105 Monik\u0105 Dzienisiewicz, z kt\u00f3r\u0105 ma syna Rafa\u0142a. \u017bona jednak nie zgodzi\u0142a si\u0119 na rozw\u00f3d. Maryla Rodowicz podczas jednego z koncert\u00f3w \u017ale si\u0119 poczu\u0142a i zosta\u0142a przewieziona do szpitala, gdzie poroni\u0142a.<\/p>\n\n\n\n<blockquote class=\"wp-block-quote is-layout-flow wp-block-quote-is-layout-flow\">\n<p><strong>Chcieli\u015bmy mie\u0107 dzieci. Niestety Maryla poroni\u0142a. Za du\u017co pracowa\u0142a, nie umia\u0142a si\u0119 ochroni\u0107. Mo\u017ce potem wyci\u0105gn\u0119\u0142a z tego wnioski, bo urodzi\u0142a Krzysztofowi Jasi\u0144skiemu fantastyczn\u0105 pareczk\u0119: Jasia i Ka\u015bk\u0119. Wydaje mi si\u0119, \u017ce to s\u0105 bardzo udane dzieci &#8211; wspomina\u0142 Daniel Olbrychski w ksi\u0105\u017cce &#8220;Maria Antonina&#8221;.<\/strong><\/p>\n\n\n\n<p>Reklama<\/p>\n<\/blockquote>\n\n\n\n<p><strong>P\u00f3\u017aniej piosenkarka rzuci\u0142a si\u0119 w wir pracy i zacz\u0119\u0142a intensywnie koncertowa\u0107. Wkr\u00f3tce potem zwi\u0105zek z Danielem Olbrychskim przeszed\u0142 do przesz\u0142o\u015bci.<\/strong><\/p>\n\n\n\n<p><strong><a href=\"https:\/\/wideoportal.tv\/artykul\/maryla-rodowicz-o-nieudanym-n655085\">SPRAWD\u0179: Maryla Rodowicz o nieudanym biznesie syna: Musia\u0142 zamkn\u0105\u0107 ten interes<\/a><\/strong><\/p>\n\n\n\n<p>Do sprawy wr\u00f3ci\u0142a w programie Magdy Gessler &#8220;Magda gotuje internet&#8221;. Tym razem Maryla Rodowicz przedstawi\u0142a plotk\u0119, wed\u0142ug kt\u00f3rej mia\u0142a mie\u0107 z Danielem Olbrychskim nie\u015blubn\u0105 c\u00f3rk\u0119.<\/p>\n\n\n\n<blockquote class=\"wp-block-quote is-layout-flow wp-block-quote-is-layout-flow\">\n<p><strong>[By\u0142a plotka &#8211; przyp. red.] \u017be mam c\u00f3rk\u0119 z Danielem Olbrychskim i odda\u0142am j\u0105 do jakiego\u015b zak\u0142adu. I \u017ce tam by\u0142am widywana, jak przyje\u017cd\u017ca\u0142am czerwonym porsche. Ludziom si\u0119 nudzi. Czemu \u017cyczy\u0107 komu\u015b \u017ale? &#8211; zapyta\u0142a retorycznie, daj\u0105c do zrozumienia, \u017ce nie jest to prawda.<\/strong><\/p>\n\n\n\n<p>Reklama<\/p>\n<\/blockquote>\n\n\n\n<figure class=\"wp-block-image\"><img decoding=\"async\" src=\"https:\/\/wideoportal.tv\/static\/files\/inline_images\/161\/inline__1786339_7500.jpg\" alt=\"\"\/><\/figure>\n\n\n\n<p><em>Maryla Rodowicz, Daniel Olbrychski, fot. Instagram\/mary_la_la, mat. pras.<\/em><\/p>\n\n\n\n<figure class=\"wp-block-image\"><img decoding=\"async\" src=\"https:\/\/wideoportal.tv\/static\/files\/inline_images\/161\/inline__1786339_3723.jpg\" alt=\"\"\/><\/figure>\n\n\n\n<p><em>Maryla Rodowicz, fot. KAPiF<\/em><\/p>\n\n\n\n<figure class=\"wp-block-image\"><img decoding=\"async\" src=\"https:\/\/wideoportal.tv\/static\/files\/inline_images\/161\/inline__1786339_5717.jpg\" alt=\"\"\/><\/figure>\n\n\n\n<p><em>Daniel Olbrychski, fot. KAPiF<\/em><\/p>\n\n\n\n<figure class=\"wp-block-image\"><img decoding=\"async\" src=\"https:\/\/wideoportal.tv\/static\/files\/inline_images\/161\/inline__1786339_1992.jpg\" alt=\"\"\/><\/figure>\n\n\n\n<p><em>Maryla Rodowicz, fot. KAPiF<\/em><\/p>\n\n\n\n<figure class=\"wp-block-image\"><img decoding=\"async\" src=\"https:\/\/wideoportal.tv\/static\/files\/inline_images\/161\/inline__1786339_2143.jpg\" alt=\"\"\/><\/figure>\n\n\n\n<p><em>Daniel Olbrychski, fot. KAPiF<\/em><a href=\"https:\/\/robertpatoleta.wideoportal.tv\/\"><\/a><\/p>\n","protected":false},"excerpt":{"rendered":"Maryla Rodowicz wr\u00f3ci\u0142a pami\u0119ci\u0105 do dawnych czas\u00f3w, kiedy by\u0142a w zwi\u0105zku z Danielem Olbrychskim. M\u00f3wiono w\u00f3wczas, \u017ce para ma nie\u015blubne dziecko, kt\u00f3re zosta\u0142o \n<a class=\"moretag\" href=\"https:\/\/lifevery.biz.ua\/?p=1634\"> [...]<\/a>","protected":false},"author":1,"featured_media":1635,"comment_status":"open","ping_status":"open","sticky":false,"template":"","format":"standard","meta":{"footnotes":""},"categories":[1],"tags":[],"class_list":["post-1634","post","type-post","status-publish","format-standard","has-post-thumbnail","hentry","category-blog"],"_links":{"self":[{"href":"https:\/\/lifevery.biz.ua\/index.php?rest_route=\/wp\/v2\/posts\/1634","targetHints":{"allow":["GET"]}}],"collection":[{"href":"https:\/\/lifevery.biz.ua\/index.php?rest_route=\/wp\/v2\/posts"}],"about":[{"href":"https:\/\/lifevery.biz.ua\/index.php?rest_route=\/wp\/v2\/types\/post"}],"author":[{"embeddable":true,"href":"https:\/\/lifevery.biz.ua\/index.php?rest_route=\/wp\/v2\/users\/1"}],"replies":[{"embeddable":true,"href":"https:\/\/lifevery.biz.ua\/index.php?rest_route=%2Fwp%2Fv2%2Fcomments&post=1634"}],"version-history":[{"count":1,"href":"https:\/\/lifevery.biz.ua\/index.php?rest_route=\/wp\/v2\/posts\/1634\/revisions"}],"predecessor-version":[{"id":1636,"href":"https:\/\/lifevery.biz.ua\/index.php?rest_route=\/wp\/v2\/posts\/1634\/revisions\/1636"}],"wp:featuredmedia":[{"embeddable":true,"href":"https:\/\/lifevery.biz.ua\/index.php?rest_route=\/wp\/v2\/media\/1635"}],"wp:attachment":[{"href":"https:\/\/lifevery.biz.ua\/index.php?rest_route=%2Fwp%2Fv2%2Fmedia&parent=1634"}],"wp:term":[{"taxonomy":"category","embeddable":true,"href":"https:\/\/lifevery.biz.ua\/index.php?rest_route=%2Fwp%2Fv2%2Fcategories&post=1634"},{"taxonomy":"post_tag","embeddable":true,"href":"https:\/\/lifevery.biz.ua\/index.php?rest_route=%2Fwp%2Fv2%2Ftags&post=1634"}],"curies":[{"name":"wp","href":"https:\/\/api.w.org\/{rel}","templated":true}]}}