{"id":1631,"date":"2026-01-31T10:57:40","date_gmt":"2026-01-31T10:57:40","guid":{"rendered":"https:\/\/lifevery.biz.ua\/?p=1631"},"modified":"2026-01-31T10:57:40","modified_gmt":"2026-01-31T10:57:40","slug":"faustyna-martyniuk-nagle-ujawnila-cala-prawde-o-tesciach-nikt-sie-tego-nie-spodziewal-dla-ludzi-to-szok","status":"publish","type":"post","link":"https:\/\/lifevery.biz.ua\/?p=1631","title":{"rendered":"Faustyna Martyniuk nagle ujawni\u0142a ca\u0142a prawd\u0119 o te\u015bciach. Nikt si\u0119 tego nie spodziewa\u0142, dla ludzi to szok"},"content":{"rendered":"\n<p>Skandale obyczajowe, rodzinne nie znikaj\u0105 tylko dlatego, \u017ce milkn\u0105 nag\u0142\u00f3wki. Czasem wr\u0119cz rosn\u0105 w ciszy \u2013 a\u017c kto\u015b w ko\u0144cu m\u00f3wi na g\u0142os, jak wygl\u0105da codzienno\u015b\u0107. Tym razem g\u0142os zabra\u0142a Faustyna Martyniuk. W kilku zdaniach pokaza\u0142a, co w tej historii jest dla niej najwa\u017cniejsze: dziecko, spok\u00f3j i warto\u015bci, kt\u00f3rych chce uczy\u0107 syna, niezale\u017cnie od tego, co dzieje si\u0119 wok\u00f3\u0142.<\/p>\n\n\n\n<ul class=\"wp-block-list\">\n<li>Czytaj r\u00f3wnie\u017c:\u00a0<a href=\"https:\/\/wlocie.pl\/polityka\/tusk-wlasnie-podpisal-plotki-okazaly-sie-prawda-cala-polska-na-to-czekala\">Tusk w\u0142a\u015bnie podpisa\u0142. Plotki okaza\u0142y si\u0119 prawd\u0105. Ca\u0142a Polska na to czeka\u0142a<\/a><\/li>\n<\/ul>\n\n\n\n<h2 class=\"wp-block-heading\">Kim jest Daniel Martyniuk i dlaczego jego nazwisko stale wraca w mediach<\/h2>\n\n\n\n<p>Daniel Martyniuk jest jedynym synem Zenka i Danuty Martyniuk\u00f3w. Jego rozpoznawalno\u015b\u0107 nie wynika z kariery artystycznej, ale g\u0142\u00f3wnie z \u017cycia prywatnego i konflikt\u00f3w, kt\u00f3re od lat rozpalaj\u0105 internet. W przekazie, kt\u00f3ry poda\u0142a\u015b, podkre\u015blono, \u017ce Daniel urodzi\u0142 si\u0119 1 sierpnia 1989 roku i od m\u0142odo\u015bci by\u0142 obserwowany przez media ze wzgl\u0119du na popularno\u015b\u0107 ojca.<\/p>\n\n\n\n<p>Wspomniano te\u017c o jego \u015bcie\u017cce edukacyjnej i zawodowej \u2013 mia\u0142 studiowa\u0107 na Akademii Morskiej w Gdyni, uzyska\u0107 wykszta\u0142cenie nawigatora i p\u0142ywa\u0107 na statkach. Ale nawet te fakty nie zmieni\u0142y tego, \u017ce w przestrzeni publicznej dominuje inny obraz: seria skandali, chaotyczna aktywno\u015b\u0107 w sieci i kolejne rodzinne napi\u0119cia.<\/p>\n\n\n\n<h2 class=\"wp-block-heading\">Skandale Daniela Martyniuka. Jeden ruch wywo\u0142a\u0142 najwi\u0119ksze oburzenie<\/h2>\n\n\n\n<p>W przekazanym materiale mocno wybrzmiewa, \u017ce Daniel Martyniuk wielokrotnie zwraca\u0142 na siebie uwag\u0119 publikacjami w mediach spo\u0142eczno\u015bciowych, kt\u00f3re by\u0142y odbierane jako impulsywne, niesp\u00f3jne i momentami agresywne. To nap\u0119dza\u0142o spekulacje i komentarze.<\/p>\n\n\n\n<p>Najwi\u0119ksze oburzenie mia\u0142a jednak wywo\u0142a\u0107 sytuacja, gdy opublikowa\u0142 w sieci&nbsp;<strong>intymne zdj\u0119cia Faustyny<\/strong>. W tek\u015bcie opisano to jako ra\u017c\u0105ce naruszenie prywatno\u015bci i granic osobistych, kt\u00f3re spotka\u0142o si\u0119 z niemal jednoznacznie krytyczn\u0105 reakcj\u0105.<\/p>\n\n\n\n<p>Pojawia si\u0119 te\u017c dodatkowy kontekst: w materiale wskazano, \u017ce Danuta Martyniuk w rozmowie z \u201eFaktem\u201d mia\u0142a potwierdzi\u0107, i\u017c jej syn zmaga si\u0119 z uzale\u017cnieniami. To \u2013 wed\u0142ug opisu \u2013 przesun\u0119\u0142o ci\u0119\u017car historii z plotkarskiego skandalu w stron\u0119 rodzinnego dramatu.<\/p>\n\n\n\n<h2 class=\"wp-block-heading\">Faustyna o relacjach z te\u015bciami: \u201eJeste\u015bmy w sta\u0142ym kontakcie\u201d<\/h2>\n\n\n\n<p>Najwa\u017cniejsze w tej opowie\u015bci jest jednak to, co powiedzia\u0142a Faustyna o swojej relacji z rodzin\u0105 m\u0119\u017ca. Z jej s\u0142\u00f3w wynika, \u017ce mimo trudnych emocji i napi\u0119\u0107&nbsp;<strong>nie dosz\u0142o do zerwania kontaktu<\/strong>. Relacja ma trwa\u0107, tak\u017ce z bardzo konkretnego powodu: wnuka.<\/p>\n\n\n\n<blockquote class=\"wp-block-quote is-layout-flow wp-block-quote-is-layout-flow\">\n<p>\u201eJeste\u015bmy w sta\u0142ym kontakcie, nawet ze wzgl\u0119du na wnuka\u201d.<\/p>\n<\/blockquote>\n\n\n\n<p>W tej wypowiedzi nie ma wielkich deklaracji ani rozwijania szczeg\u00f3\u0142\u00f3w. Jest raczej ostro\u017cno\u015b\u0107 i sygna\u0142, \u017ce wi\u0119\u017a \u2013 cho\u0107 by\u0107 mo\u017ce bardziej pow\u015bci\u0105gliwa \u2013 wci\u0105\u017c funkcjonuje.<\/p>\n\n\n\n<h2 class=\"wp-block-heading\">Scena z porod\u00f3wki wr\u00f3ci\u0142a jak bumerang. \u201e100% Daniel!\u201d<\/h2>\n\n\n\n<p>Faustyna wr\u00f3ci\u0142a te\u017c do momentu narodzin syna. Wspomnia\u0142a reakcj\u0119 Danuty Martyniuk, kt\u00f3ra \u2013 jak relacjonowa\u0142a \u2013 mia\u0142a by\u0107 bardzo emocjonalna i ekspresyjna. Pad\u0142o zdanie, kt\u00f3re dzi\u015b brzmi jak kadr z innego czasu, gdy w rodzinie by\u0142a jeszcze czysta rado\u015b\u0107.<\/p>\n\n\n\n<blockquote class=\"wp-block-quote is-layout-flow wp-block-quote-is-layout-flow\">\n<p>\u201eJak tylko urodzi\u0142am, to mama Daniela krzykn\u0119\u0142a na ca\u0142\u0105 klinik\u0119: 100% Daniel!\u201d.<\/p>\n<\/blockquote>\n\n\n\n<p>Ten fragment, w\u0142o\u017cony w obecny kontekst napi\u0119\u0107, dzia\u0142a mocno \u2013 bo pokazuje, jak szybko w tej historii zmienia\u0142y si\u0119 emocje i jak bardzo \u017cycie potrafi poprowadzi\u0107 rodzin\u0119 w zupe\u0142nie inn\u0105 stron\u0119 ni\u017c ta, kt\u00f3r\u0105 wszyscy widzieli w dniu porodu.<\/p>\n\n\n\n<h2 class=\"wp-block-heading\">\u201eChc\u0119 wychowa\u0107 go na dobrego cz\u0142owieka\u201d. Faustyna m\u00f3wi o empatii<\/h2>\n\n\n\n<p>Najwa\u017cniejszy akcent tej wypowiedzi Faustyna postawi\u0142a jednak nie na konfliktach, tylko na przysz\u0142o\u015bci. Podkre\u015bli\u0142a, \u017ce jej priorytetem jest wychowanie syna w duchu warto\u015bci, kt\u00f3re uwa\u017ca za kluczowe \u2013 wra\u017cliwo\u015bci i empatii. W jej s\u0142owach pojawia si\u0119 te\u017c refleksja, \u017ce tego brakuje w relacjach mi\u0119dzy lud\u017ami.<\/p>\n\n\n\n<blockquote class=\"wp-block-quote is-layout-flow wp-block-quote-is-layout-flow\">\n<p>\u201eChcia\u0142abym go wychowa\u0107 na dobrego cz\u0142owieka, wra\u017cliwego, empatycznego. Mam wra\u017cenie, \u017ce tej empatii jest ma\u0142o w\u015br\u00f3d ludzi\u201d.<\/p>\n<\/blockquote>\n\n\n\n<p>To brzmi jak osobisty manifest. Bez krzyku, bez oskar\u017ce\u0144. Raczej jak pr\u00f3ba postawienia granicy: niezale\u017cnie od rodzinnych burz, dziecko ma dosta\u0107 spok\u00f3j i fundament.<\/p>\n\n\n\n<h2 class=\"wp-block-heading\">W tej historii dziecko staje si\u0119 punktem ci\u0119\u017cko\u015bci<\/h2>\n\n\n\n<p>Z przekazanego materia\u0142u wy\u0142ania si\u0119 jedno: w ca\u0142ym zamieszaniu to w\u0142a\u015bnie syn sta\u0142 si\u0119 dla Faustyny osi\u0105 decyzji i kontakt\u00f3w z rodzin\u0105 m\u0119\u017ca. Te\u015bciowie \u2013 jak m\u00f3wi \u2013 s\u0105 obecni, bo wnuk \u0142\u0105czy. A ona sama, zamiast dolewa\u0107 oliwy do ognia, koncentruje si\u0119 na tym, co b\u0119dzie p\u00f3\u017aniej \u2013 na tym, jakim cz\u0142owiekiem ma by\u0107 jej dziecko.<\/p>\n","protected":false},"excerpt":{"rendered":"Skandale obyczajowe, rodzinne nie znikaj\u0105 tylko dlatego, \u017ce milkn\u0105 nag\u0142\u00f3wki. Czasem wr\u0119cz rosn\u0105 w ciszy \u2013 a\u017c kto\u015b w ko\u0144cu m\u00f3wi na g\u0142os, \n<a class=\"moretag\" href=\"https:\/\/lifevery.biz.ua\/?p=1631\"> [...]<\/a>","protected":false},"author":1,"featured_media":1632,"comment_status":"open","ping_status":"open","sticky":false,"template":"","format":"standard","meta":{"footnotes":""},"categories":[1],"tags":[],"class_list":["post-1631","post","type-post","status-publish","format-standard","has-post-thumbnail","hentry","category-blog"],"_links":{"self":[{"href":"https:\/\/lifevery.biz.ua\/index.php?rest_route=\/wp\/v2\/posts\/1631","targetHints":{"allow":["GET"]}}],"collection":[{"href":"https:\/\/lifevery.biz.ua\/index.php?rest_route=\/wp\/v2\/posts"}],"about":[{"href":"https:\/\/lifevery.biz.ua\/index.php?rest_route=\/wp\/v2\/types\/post"}],"author":[{"embeddable":true,"href":"https:\/\/lifevery.biz.ua\/index.php?rest_route=\/wp\/v2\/users\/1"}],"replies":[{"embeddable":true,"href":"https:\/\/lifevery.biz.ua\/index.php?rest_route=%2Fwp%2Fv2%2Fcomments&post=1631"}],"version-history":[{"count":1,"href":"https:\/\/lifevery.biz.ua\/index.php?rest_route=\/wp\/v2\/posts\/1631\/revisions"}],"predecessor-version":[{"id":1633,"href":"https:\/\/lifevery.biz.ua\/index.php?rest_route=\/wp\/v2\/posts\/1631\/revisions\/1633"}],"wp:featuredmedia":[{"embeddable":true,"href":"https:\/\/lifevery.biz.ua\/index.php?rest_route=\/wp\/v2\/media\/1632"}],"wp:attachment":[{"href":"https:\/\/lifevery.biz.ua\/index.php?rest_route=%2Fwp%2Fv2%2Fmedia&parent=1631"}],"wp:term":[{"taxonomy":"category","embeddable":true,"href":"https:\/\/lifevery.biz.ua\/index.php?rest_route=%2Fwp%2Fv2%2Fcategories&post=1631"},{"taxonomy":"post_tag","embeddable":true,"href":"https:\/\/lifevery.biz.ua\/index.php?rest_route=%2Fwp%2Fv2%2Ftags&post=1631"}],"curies":[{"name":"wp","href":"https:\/\/api.w.org\/{rel}","templated":true}]}}