{"id":1619,"date":"2026-01-31T10:50:16","date_gmt":"2026-01-31T10:50:16","guid":{"rendered":"https:\/\/lifevery.biz.ua\/?p=1619"},"modified":"2026-01-31T10:50:16","modified_gmt":"2026-01-31T10:50:16","slug":"sienczyllo-szczerze-o-chorobie-meza-wszedzie-szukalam-ratunku-gdy-kaminski-uslyszal-diagnoze-rokowania-byly-zle","status":"publish","type":"post","link":"https:\/\/lifevery.biz.ua\/?p=1619","title":{"rendered":"Sie\u0144czy\u0142\u0142o szczerze o chorobie m\u0119\u017ca: \u201ewsz\u0119dzie szuka\u0142am ratunku\u201d. Gdy Kami\u0144ski us\u0142ysza\u0142 diagnoz\u0119, rokowania by\u0142y z\u0142e"},"content":{"rendered":"\n<p><strong>Najwa\u017cniejsze informacje:<\/strong><\/p>\n\n\n\n<ul class=\"wp-block-list\">\n<li><strong><a href=\"https:\/\/www.rmf.fm\/magazyn\/tag,Emilian%20Kami%C5%84ski.html\">Emilian Kami\u0144ski<\/a>\u00a0w 2022 roku zmar\u0142 na raka p\u0142uc. Mia\u0142 70 lat.<\/strong><\/li>\n\n\n\n<li><strong>Diagnoza by\u0142a szokiem \u2013 lekarze dawali aktorowi zaledwie kilka miesi\u0119cy \u017cycia.<\/strong><\/li>\n\n\n\n<li><strong><a href=\"https:\/\/www.rmf.fm\/magazyn\/tag,Justyna%20Sie%C5%84czy%C5%82%C5%82o.html\">Justyna Sie\u0144czy\u0142\u0142o<\/a>\u00a0do ko\u0144ca walczy\u0142a o zdrowie m\u0119\u017ca, szukaj\u0105c pomocy w najlepszych szpitalach.<\/strong><\/li>\n<\/ul>\n\n\n\n<hr class=\"wp-block-separator has-alpha-channel-opacity\"\/>\n\n\n\n<h2 class=\"wp-block-heading\">Emilian Kami\u0144ski zmar\u0142 ponad 3 lata temu. \u201e<a href=\"https:\/\/www.rmf.fm\/magazyn\/tag,Rak%20p%C5%82uc.html\">Rak p\u0142uc<\/a>&nbsp;nie daje cz\u0119sto w&nbsp;og\u00f3le objaw\u00f3w\u201d<\/h2>\n\n\n\n<p><strong>Emilian Kami\u0144ski<\/strong>&nbsp;zmar\u0142 26 grudnia 2022 roku, pozostawiaj\u0105c ogromn\u0105 pustk\u0119 w polskim \u015bwiecie kultury. Aktor, re\u017cyser i za\u0142o\u017cyciel Teatru Kamienica, do ko\u0144ca by\u0142 obecny na scenie. Po \u015bmierci spocz\u0105\u0142 w Alei Zas\u0142u\u017conych na Pow\u0105zkach, a w grudniu 2024 roku w pobli\u017cu jego teatru ods\u0142oni\u0119to mural upami\u0119tniaj\u0105cy artyst\u0119.&nbsp;<\/p>\n\n\n\n<p>Tragiczna wiadomo\u015b\u0107 o \u015bmierci Kami\u0144skiego wstrz\u0105sn\u0119\u0142a \u015brodowiskiem artystycznym. Jak wspomina Justyna Sie\u0144czy\u0142\u0142o:<\/p>\n\n\n\n<blockquote class=\"wp-block-quote is-layout-flow wp-block-quote-is-layout-flow\">\n<p>Rak p\u0142uc nie daje cz\u0119sto w&nbsp;og\u00f3le objaw\u00f3w. I&nbsp;on mia\u0142 wszystko przebadane opr\u00f3cz p\u0142uc. Jak na z\u0142o\u015b\u0107.<\/p>\n<\/blockquote>\n\n\n\n<h2 class=\"wp-block-heading\">Justyna Sie\u0144czy\u0142\u0142o wspomina m\u0119\u017ca. \u201eAbsolutnie dba\u0142 o&nbsp;siebie\u201d<\/h2>\n\n\n\n<p>W najnowszym odcinku cyklu \u201eBez Tabu\u201d,&nbsp;<strong>Justyna Sie\u0144czy\u0142\u0142o<\/strong>&nbsp;podzieli\u0142a si\u0119 z widzami swoimi wspomnieniami o m\u0119\u017cu. Aktorka podkre\u015bla, \u017ce Emilian dba\u0142 o siebie, regularnie si\u0119 bada\u0142 i by\u0142 pod sta\u0142\u0105 opiek\u0105 lekarzy.<\/p>\n\n\n\n<blockquote class=\"wp-block-quote is-layout-flow wp-block-quote-is-layout-flow\">\n<p>Absolutnie dba\u0142 o&nbsp;siebie, mia\u0142 ci\u0105gle jakie\u015b badania robione. Robi\u0142 to, bo wiedzia\u0142, \u017ce na nim opiera si\u0119 Teatr Kamienica. I&nbsp;je\u017celi jemu co\u015b si\u0119 stanie, to b\u0119dzie fatalnie<\/p>\n<\/blockquote>\n\n\n\n<p>\u2013 wspomina\u0142a.<\/p>\n\n\n\n<p>Pierwsze symptomy choroby by\u0142y bagatelizowane \u2013 przezi\u0119bienie czy kaszel t\u0142umaczono sezonow\u0105 infekcj\u0105 oraz intensywn\u0105 prac\u0105. Dopiero aktorka, El\u017cbieta Jarosik, zwr\u00f3ci\u0142a uwag\u0119 na pogarszaj\u0105cy si\u0119 stan zdrowia aktora.<\/p>\n\n\n\n<blockquote class=\"wp-block-quote is-layout-flow wp-block-quote-is-layout-flow\">\n<p>Nie zauwa\u017cali\u015bmy nic niepokoj\u0105cego, uprawiamy ten zaw\u00f3d i&nbsp;ci\u0105gle chorujemy. I&nbsp;zim\u0105 on ci\u0105gle mia\u0142 przezi\u0119bione gard\u0142o, kaszla\u0142 i&nbsp;tak dalej. A\u017c Ela Jarosik na pr\u00f3bach do dziesi\u0119ciolecia w&nbsp;teatrze, zwr\u00f3ci\u0142a mi na to uwag\u0119. Powiedzia\u0142a:&nbsp;\u201eJustyna, ty musisz go przymusi\u0107\u201d<\/p>\n<\/blockquote>\n\n\n\n<p>\u2013 wspomina Sie\u0144czy\u0142\u0142o.<\/p>\n\n\n\n<p>Czytaj tak\u017ce:&nbsp;<strong><a href=\"https:\/\/www.rmf.fm\/rozrywka\/plotki\/news,87869,anna-jarosik-dolaczyla-do-m-jak-milosc-jej-mama-tez-gra-w-hicie-tvp.html\">Anna Jarosik do\u0142\u0105czy\u0142a do \u201eM jak mi\u0142o\u015b\u0107\u201d. Jej mama te\u017c gra w hicie TVP<\/a><\/strong><\/p>\n\n\n\n<h2 class=\"wp-block-heading\">Aktorka szczerze o diagnozie i chorobie m\u0119\u017ca: \u201eOn mia\u0142 wszystko przebadane opr\u00f3cz p\u0142uc. Jak na z\u0142o\u015b\u0107\u201d<\/h2>\n\n\n\n<p>Emilian Kami\u0144ski podda\u0142 si\u0119 badaniom, kt\u00f3re wykaza\u0142y nowotw\u00f3r p\u0142uc. Diagnoza by\u0142a szokiem dla rodziny \u2013&nbsp;<a href=\"https:\/\/www.rmf.fm\/magazyn\/tag,choroba.html\">choroba<\/a>&nbsp;rozwija\u0142a si\u0119 powoli, nie daj\u0105c wyra\u017anych objaw\u00f3w.<\/p>\n\n\n\n<blockquote class=\"wp-block-quote is-layout-flow wp-block-quote-is-layout-flow\">\n<p>Wsz\u0119dzie szuka\u0142am ratunku, w&nbsp;bardzo dobrych szpitalach. (&#8230;) S\u0142ysza\u0142am jedynie, \u017ce ma dwa albo trzy miesi\u0105ce \u017cycia<\/p>\n<\/blockquote>\n\n\n\n<p>&nbsp;\u2013 przyznaje wdowa po aktorze.<\/p>\n\n\n\n<p>Justyna Sie\u0144czy\u0142\u0142o nie traci\u0142a nadziei do samego ko\u0144ca. \u201eMimo z\u0142ych rokowa\u0144 ca\u0142y czas wierzyli\u015bmy, \u017ce uda si\u0119 pokona\u0107 chorob\u0119. Nawet na moment nie straci\u0142am nadziei. Emilian mia\u0142 spr\u00f3bowa\u0107 jeszcze jednej nowoczesnej metody. Czeka\u0142 na kolejne eksperymentalne leczenie. Ale, niestety, nie zosta\u0142 do niego zakwalifikowany\u201d \u2013 wyja\u015bnia\u0142a w rozmowie z Plejad\u0105.<\/p>\n\n\n\n<p>Kami\u0144ski nie m\u00f3g\u0142 pogodzi\u0107 si\u0119 z diagnoz\u0105. \u201ePrzez d\u0142ugi czas Emilian nie m\u00f3g\u0142 uwierzy\u0107, \u017ce to go spotyka. Uwa\u017ca\u0142, \u017ce to za wcze\u015bnie. Dba\u0142 o swoje zdrowie i my\u015bla\u0142, \u017ce b\u0119dzie \u017cy\u0142 sto lat. Emilian zachorowa\u0142 na raka p\u0142uc, nigdy nie wypalaj\u0105c ani jednego papierosa. Wszyscy specjali\u015bci w Polsce i na \u015bwiecie wskazywali jako przyczyn\u0119 choroby d\u0142ugoletni stres (\u2026).\u201d<\/p>\n\n\n\n<blockquote class=\"instagram-media\" data-instgrm-captioned data-instgrm-permalink=\"https:\/\/www.instagram.com\/p\/DSuMRf8CDw_\/?utm_source=ig_embed&amp;utm_campaign=loading\" data-instgrm-version=\"14\" style=\" background:#FFF; border:0; border-radius:3px; box-shadow:0 0 1px 0 rgba(0,0,0,0.5),0 1px 10px 0 rgba(0,0,0,0.15); margin: 1px; max-width:540px; min-width:326px; padding:0; width:99.375%; width:-webkit-calc(100% - 2px); width:calc(100% - 2px);\"><div style=\"padding:16px;\"> <a href=\"https:\/\/www.instagram.com\/p\/DSuMRf8CDw_\/?utm_source=ig_embed&amp;utm_campaign=loading\" style=\" background:#FFFFFF; line-height:0; padding:0 0; text-align:center; text-decoration:none; width:100%;\" target=\"_blank\"> <div style=\" display: flex; flex-direction: row; align-items: center;\"> <div style=\"background-color: #F4F4F4; border-radius: 50%; flex-grow: 0; height: 40px; margin-right: 14px; width: 40px;\"><\/div> <div style=\"display: flex; flex-direction: column; flex-grow: 1; justify-content: center;\"> <div style=\" background-color: #F4F4F4; border-radius: 4px; flex-grow: 0; height: 14px; margin-bottom: 6px; width: 100px;\"><\/div> <div style=\" background-color: #F4F4F4; border-radius: 4px; flex-grow: 0; height: 14px; width: 60px;\"><\/div><\/div><\/div><div style=\"padding: 19% 0;\"><\/div> <div style=\"display:block; height:50px; margin:0 auto 12px; width:50px;\"><svg width=\"50px\" height=\"50px\" viewBox=\"0 0 60 60\" version=\"1.1\" xmlns=\"https:\/\/www.w3.org\/2000\/svg\" xmlns:xlink=\"https:\/\/www.w3.org\/1999\/xlink\"><g stroke=\"none\" stroke-width=\"1\" fill=\"none\" fill-rule=\"evenodd\"><g transform=\"translate(-511.000000, -20.000000)\" fill=\"#000000\"><g><path d=\"M556.869,30.41 C554.814,30.41 553.148,32.076 553.148,34.131 C553.148,36.186 554.814,37.852 556.869,37.852 C558.924,37.852 560.59,36.186 560.59,34.131 C560.59,32.076 558.924,30.41 556.869,30.41 M541,60.657 C535.114,60.657 530.342,55.887 530.342,50 C530.342,44.114 535.114,39.342 541,39.342 C546.887,39.342 551.658,44.114 551.658,50 C551.658,55.887 546.887,60.657 541,60.657 M541,33.886 C532.1,33.886 524.886,41.1 524.886,50 C524.886,58.899 532.1,66.113 541,66.113 C549.9,66.113 557.115,58.899 557.115,50 C557.115,41.1 549.9,33.886 541,33.886 M565.378,62.101 C565.244,65.022 564.756,66.606 564.346,67.663 C563.803,69.06 563.154,70.057 562.106,71.106 C561.058,72.155 560.06,72.803 558.662,73.347 C557.607,73.757 556.021,74.244 553.102,74.378 C549.944,74.521 548.997,74.552 541,74.552 C533.003,74.552 532.056,74.521 528.898,74.378 C525.979,74.244 524.393,73.757 523.338,73.347 C521.94,72.803 520.942,72.155 519.894,71.106 C518.846,70.057 518.197,69.06 517.654,67.663 C517.244,66.606 516.755,65.022 516.623,62.101 C516.479,58.943 516.448,57.996 516.448,50 C516.448,42.003 516.479,41.056 516.623,37.899 C516.755,34.978 517.244,33.391 517.654,32.338 C518.197,30.938 518.846,29.942 519.894,28.894 C520.942,27.846 521.94,27.196 523.338,26.654 C524.393,26.244 525.979,25.756 528.898,25.623 C532.057,25.479 533.004,25.448 541,25.448 C548.997,25.448 549.943,25.479 553.102,25.623 C556.021,25.756 557.607,26.244 558.662,26.654 C560.06,27.196 561.058,27.846 562.106,28.894 C563.154,29.942 563.803,30.938 564.346,32.338 C564.756,33.391 565.244,34.978 565.378,37.899 C565.522,41.056 565.552,42.003 565.552,50 C565.552,57.996 565.522,58.943 565.378,62.101 M570.82,37.631 C570.674,34.438 570.167,32.258 569.425,30.349 C568.659,28.377 567.633,26.702 565.965,25.035 C564.297,23.368 562.623,22.342 560.652,21.575 C558.743,20.834 556.562,20.326 553.369,20.18 C550.169,20.033 549.148,20 541,20 C532.853,20 531.831,20.033 528.631,20.18 C525.438,20.326 523.257,20.834 521.349,21.575 C519.376,22.342 517.703,23.368 516.035,25.035 C514.368,26.702 513.342,28.377 512.574,30.349 C511.834,32.258 511.326,34.438 511.181,37.631 C511.035,40.831 511,41.851 511,50 C511,58.147 511.035,59.17 511.181,62.369 C511.326,65.562 511.834,67.743 512.574,69.651 C513.342,71.625 514.368,73.296 516.035,74.965 C517.703,76.634 519.376,77.658 521.349,78.425 C523.257,79.167 525.438,79.673 528.631,79.82 C531.831,79.965 532.853,80.001 541,80.001 C549.148,80.001 550.169,79.965 553.369,79.82 C556.562,79.673 558.743,79.167 560.652,78.425 C562.623,77.658 564.297,76.634 565.965,74.965 C567.633,73.296 568.659,71.625 569.425,69.651 C570.167,67.743 570.674,65.562 570.82,62.369 C570.966,59.17 571,58.147 571,50 C571,41.851 570.966,40.831 570.82,37.631\"><\/path><\/g><\/g><\/g><\/svg><\/div><div style=\"padding-top: 8px;\"> <div style=\" color:#3897f0; font-family:Arial,sans-serif; font-size:14px; font-style:normal; font-weight:550; line-height:18px;\">\u041f\u043e\u0441\u043c\u043e\u0442\u0440\u0435\u0442\u044c \u044d\u0442\u0443 \u043f\u0443\u0431\u043b\u0438\u043a\u0430\u0446\u0438\u044e \u0432 Instagram<\/div><\/div><div style=\"padding: 12.5% 0;\"><\/div> <div style=\"display: flex; flex-direction: row; margin-bottom: 14px; align-items: center;\"><div> <div style=\"background-color: #F4F4F4; border-radius: 50%; height: 12.5px; width: 12.5px; transform: translateX(0px) translateY(7px);\"><\/div> <div style=\"background-color: #F4F4F4; height: 12.5px; transform: rotate(-45deg) translateX(3px) translateY(1px); width: 12.5px; flex-grow: 0; margin-right: 14px; margin-left: 2px;\"><\/div> <div style=\"background-color: #F4F4F4; border-radius: 50%; height: 12.5px; width: 12.5px; transform: translateX(9px) translateY(-18px);\"><\/div><\/div><div style=\"margin-left: 8px;\"> <div style=\" background-color: #F4F4F4; border-radius: 50%; flex-grow: 0; height: 20px; width: 20px;\"><\/div> <div style=\" width: 0; height: 0; border-top: 2px solid transparent; border-left: 6px solid #f4f4f4; border-bottom: 2px solid transparent; transform: translateX(16px) translateY(-4px) rotate(30deg)\"><\/div><\/div><div style=\"margin-left: auto;\"> <div style=\" width: 0px; border-top: 8px solid #F4F4F4; border-right: 8px solid transparent; transform: translateY(16px);\"><\/div> <div style=\" background-color: #F4F4F4; flex-grow: 0; height: 12px; width: 16px; transform: translateY(-4px);\"><\/div> <div style=\" width: 0; height: 0; border-top: 8px solid #F4F4F4; border-left: 8px solid transparent; transform: translateY(-4px) translateX(8px);\"><\/div><\/div><\/div> <div style=\"display: flex; flex-direction: column; flex-grow: 1; justify-content: center; margin-bottom: 24px;\"> <div style=\" background-color: #F4F4F4; border-radius: 4px; flex-grow: 0; height: 14px; margin-bottom: 6px; width: 224px;\"><\/div> <div style=\" background-color: #F4F4F4; border-radius: 4px; flex-grow: 0; height: 14px; width: 144px;\"><\/div><\/div><\/a><p style=\" color:#c9c8cd; font-family:Arial,sans-serif; font-size:14px; line-height:17px; margin-bottom:0; margin-top:8px; overflow:hidden; padding:8px 0 7px; text-align:center; text-overflow:ellipsis; white-space:nowrap;\"><a href=\"https:\/\/www.instagram.com\/p\/DSuMRf8CDw_\/?utm_source=ig_embed&amp;utm_campaign=loading\" style=\" color:#c9c8cd; font-family:Arial,sans-serif; font-size:14px; font-style:normal; font-weight:normal; line-height:17px; text-decoration:none;\" target=\"_blank\">\u041f\u0443\u0431\u043b\u0438\u043a\u0430\u0446\u0438\u044f \u043e\u0442 Teatr Kamienica (@teatr_kamienica)<\/a><\/p><\/div><\/blockquote>\n<script async src=\"\/\/www.instagram.com\/embed.js\"><\/script>\n\n\n\n<h2 class=\"wp-block-heading\">Emilian Kami\u0144ski ukrywa\u0142 chorob\u0119. \u201eJak mdla\u0142 podczas pr\u00f3b, m\u00f3wi\u0142, \u017ce to z przem\u0119czenia\u201d<\/h2>\n\n\n\n<p><a href=\"https:\/\/www.rmf.fm\/magazyn\/tag,Choroba.html\">Choroba<\/a>&nbsp;Kami\u0144skiego przez d\u0142ugi czas pozostawa\u0142a tajemnic\u0105.&nbsp;<strong>\u201eNie chcia\u0142 nikogo martwi\u0107. Nie chcia\u0142, by kto\u015b si\u0119 nad nim u\u017cala\u0142 i litowa\u0142<\/strong><strong>\u201d&nbsp;<\/strong>&#8211; wspomina\u0142a w rozmowie z Plejad\u0105 jego \u017cona, dodaj\u0105c:<\/p>\n\n\n\n<blockquote class=\"wp-block-quote is-layout-flow wp-block-quote-is-layout-flow\">\n<p>On by\u0142 twardym cz\u0142owiekiem. Nawet jak mdla\u0142 podczas pr\u00f3b, m\u00f3wi\u0142, \u017ce to z przem\u0119czenia. Przed spektaklami ustawia\u0142 sobie w garderobie oddech i gra\u0142 jak gdyby nigdy nic. Nikt nie podejrzewa\u0142, \u017ce mierzy si\u0119 z tak straszn\u0105 chorob\u0105.<\/p>\n<\/blockquote>\n\n\n\n<p>Emilian Kami\u0144ski do ostatnich dni pracowa\u0142, realizuj\u0105c m.in. film i serial \u201eU Pana Boga w Kr\u00f3lowym Mo\u015bcie\u201d. \u201eStara\u0142 si\u0119 \u017cy\u0107 tak, jakby by\u0142 zdrowy, nie odpuszcza\u0142\u201d \u2013 wspomina \u017cona.<\/p>\n","protected":false},"excerpt":{"rendered":"Najwa\u017cniejsze informacje: Emilian Kami\u0144ski zmar\u0142 ponad 3 lata temu. \u201eRak p\u0142uc&nbsp;nie daje cz\u0119sto w&nbsp;og\u00f3le objaw\u00f3w\u201d Emilian Kami\u0144ski&nbsp;zmar\u0142 26 grudnia 2022 roku, pozostawiaj\u0105c ogromn\u0105 \n<a class=\"moretag\" href=\"https:\/\/lifevery.biz.ua\/?p=1619\"> [...]<\/a>","protected":false},"author":1,"featured_media":1620,"comment_status":"open","ping_status":"open","sticky":false,"template":"","format":"standard","meta":{"footnotes":""},"categories":[1],"tags":[],"class_list":["post-1619","post","type-post","status-publish","format-standard","has-post-thumbnail","hentry","category-blog"],"_links":{"self":[{"href":"https:\/\/lifevery.biz.ua\/index.php?rest_route=\/wp\/v2\/posts\/1619","targetHints":{"allow":["GET"]}}],"collection":[{"href":"https:\/\/lifevery.biz.ua\/index.php?rest_route=\/wp\/v2\/posts"}],"about":[{"href":"https:\/\/lifevery.biz.ua\/index.php?rest_route=\/wp\/v2\/types\/post"}],"author":[{"embeddable":true,"href":"https:\/\/lifevery.biz.ua\/index.php?rest_route=\/wp\/v2\/users\/1"}],"replies":[{"embeddable":true,"href":"https:\/\/lifevery.biz.ua\/index.php?rest_route=%2Fwp%2Fv2%2Fcomments&post=1619"}],"version-history":[{"count":1,"href":"https:\/\/lifevery.biz.ua\/index.php?rest_route=\/wp\/v2\/posts\/1619\/revisions"}],"predecessor-version":[{"id":1621,"href":"https:\/\/lifevery.biz.ua\/index.php?rest_route=\/wp\/v2\/posts\/1619\/revisions\/1621"}],"wp:featuredmedia":[{"embeddable":true,"href":"https:\/\/lifevery.biz.ua\/index.php?rest_route=\/wp\/v2\/media\/1620"}],"wp:attachment":[{"href":"https:\/\/lifevery.biz.ua\/index.php?rest_route=%2Fwp%2Fv2%2Fmedia&parent=1619"}],"wp:term":[{"taxonomy":"category","embeddable":true,"href":"https:\/\/lifevery.biz.ua\/index.php?rest_route=%2Fwp%2Fv2%2Fcategories&post=1619"},{"taxonomy":"post_tag","embeddable":true,"href":"https:\/\/lifevery.biz.ua\/index.php?rest_route=%2Fwp%2Fv2%2Ftags&post=1619"}],"curies":[{"name":"wp","href":"https:\/\/api.w.org\/{rel}","templated":true}]}}