{"id":1591,"date":"2026-01-31T04:56:09","date_gmt":"2026-01-31T04:56:09","guid":{"rendered":"https:\/\/lifevery.biz.ua\/?p=1591"},"modified":"2026-01-31T04:56:09","modified_gmt":"2026-01-31T04:56:09","slug":"andrzej-duda-mowi-o-wnukach-zlozyl-zyczenia-corce-kindze","status":"publish","type":"post","link":"https:\/\/lifevery.biz.ua\/?p=1591","title":{"rendered":"Andrzej Duda m\u00f3wi o WNUKACH. Z\u0142o\u017cy\u0142 \u017cyczenia c\u00f3rce Kindze"},"content":{"rendered":"\n<p>Andrzej Duda jest dumny ze swojej c\u00f3rki Kingi, kt\u00f3ra pracuje w jednej z renomowanych warszawskich kancelarii prawnych. Nie ukrywa jednak, \u017ce przesz\u0142o\u015b\u0107 dla 30-latki nie by\u0142a dla \u0142atwa. Ma nadziej\u0119, \u017ce przysz\u0142o\u015b\u0107 z kolei oka\u017ce si\u0119 \u015bwietlana. W najnowszym wywiadzie z ust by\u0142ego prezydenta dwukrotnie pad\u0142o s\u0142owo &#8220;wnuki&#8221;.<\/p>\n\n\n\n<figure class=\"wp-block-image\"><img decoding=\"async\" src=\"https:\/\/wideoportal.tv\/static\/files\/inline_images\/161\/inline__1779382_5555.jpg\" alt=\"\"\/><\/figure>\n\n\n\n<p>W ostatnim czasie&nbsp;<a href=\"https:\/\/wideoportal.tv\/tag\/andrzej-duda\/\"><strong>Andrzej Duda<\/strong><\/a>&nbsp;coraz cz\u0119\u015bciej wypowiada si\u0119 na temat swojej c\u00f3rki&nbsp;<a href=\"https:\/\/wideoportal.tv\/tag\/kinga-duda\/\"><strong>Kingi<\/strong><\/a>. Jedynaczka by\u0142ej pary prezydenckiej w lipcu ubieg\u0142ego roku wzi\u0119\u0142a \u015blub z prawnikiem Mateuszem, kt\u00f3ry pracuje dla obecnego rz\u0105du. Media hucza\u0142y na ten temat, poniewa\u017c ceremonia odby\u0142a si\u0119 nie byle gdzie, bo w niezwykle presti\u017cowym miejscu, jakim jest Pa\u0142ac Prezydencki.<\/p>\n\n\n\n<h2 class=\"wp-block-heading\"><strong>Andrzej Duda m\u00f3wi o WNUKACH. Z\u0142o\u017cy\u0142 \u017cyczenia c\u00f3rce Kindze<\/strong><\/h2>\n\n\n\n<p>W jednym z wywiad\u00f3w Andrzej Duda wr\u00f3ci\u0142 pami\u0119ci\u0105 do pocz\u0105tk\u00f3w swojej prezydentury. Nie ukrywa\u0142, \u017ce by\u0142 to czas niezwykle trudny dla Kingi. Szczeg\u00f3lnie mocno prze\u017cy\u0142a fa\u0142szywy tweet, kt\u00f3rego autorstwo przypisano w\u0142a\u015bnie jej.<\/p>\n\n\n\n<p>Reklama<\/p>\n\n\n\n<blockquote class=\"wp-block-quote is-layout-flow wp-block-quote-is-layout-flow\">\n<p><strong>Pierwszy moment, szczerze m\u00f3wi\u0105c, by\u0142 dramatyczny. Prosz\u0119 pami\u0119ta\u0107 o tym, \u017ce moja c\u00f3rka mia\u0142a wtedy 20 lat. Uko\u0144czy\u0142a studia na pierwszym roku i dla takiej dziewczyny robienie z niej publicznie w mediach osoby g\u0142upiej i jakiej\u015b takiej infantylnej jest nieprawdopodobnie bolesne &#8211; m\u00f3wi\u0142 u \u017burnalisty.<\/strong><\/p>\n<\/blockquote>\n\n\n\n<p>Kiedy zosta\u0142 wybrany prezydentem, jego najbli\u017csi uzmys\u0142owili sobie, \u017ce teraz ich \u017cycie ca\u0142kowicie si\u0119 zmieni. Kinga mia\u0142a w\u00f3wczas za\u017cartowa\u0107, \u017ce stali si\u0119 rodzin\u0105 &#8220;patologiczn\u0105&#8221;.<\/p>\n\n\n\n<blockquote class=\"wp-block-quote is-layout-flow wp-block-quote-is-layout-flow\">\n<p><strong>Pami\u0119tam to takie zdumienie po\u0142\u0105czone z jakby wielkim znakiem zapytania w oczach mojej \u017cony i c\u00f3rki: &#8220;Co teraz b\u0119dzie?&#8221;. (&#8230;) za chwil\u0119 przyjedzie BOR, otoczy nas i ju\u017c zawsze b\u0119d\u0105 z nami. (&#8230;) Nasze \u017cycie diametralnie si\u0119 zmienia. (&#8230;) C\u00f3rka potem si\u0119 \u015bmia\u0142a z nas, m\u00f3wi\u0142a do mnie i do \u017cony: &#8220;Widzicie, jeste\u015bmy patologiczn\u0105 rodzin\u0105&#8221;, bo zosta\u0142a w Krakowie w naszym mieszkaniu, a my pojechali\u015bmy do Warszawy. (&#8230;) C\u00f3rka si\u0119 \u015bmia\u0142a: &#8220;Widzicie, jeste\u015bmy patologiczn\u0105 rodzin\u0105&#8221;, bo zwykle to dziecko opuszcza gniazdo rodzinne, dom rodzinny, a tutaj rodzice si\u0119 wyprowadzaj\u0105 i zostawiaj\u0105 dziecko samo &#8211; stwierdzi\u0142 eks-prezydent.<\/strong><\/p>\n\n\n\n<p>Reklama<\/p>\n<\/blockquote>\n\n\n\n<p><strong><a href=\"https:\/\/wideoportal.tv\/artykul\/wspanialy-slub-kingi-n1720772\">SPRAWD\u0179: Wspania\u0142y \u015blub Kingi Dudy. Uroczysto\u015b\u0107 zorganizowano w Pa\u0142acu Prezydenckim<\/a><\/strong><\/p>\n\n\n\n<p>Podczas rozmowy w Radiu ZET, Andrzej Duda zosta\u0142 zapytany, czy Karol Nawrocki sprawuje urz\u0105d lepiej od niego.<\/p>\n\n\n\n<blockquote class=\"wp-block-quote is-layout-flow wp-block-quote-is-layout-flow\">\n<p><strong>Tak. Tego mu \u017cycz\u0119 &#8211; sobie r\u00f3wnie\u017c i moim wnukom &#8211; wyzna\u0142 by\u0142y prezydent.<\/strong><\/p>\n<\/blockquote>\n\n\n\n<p>W dalszej cz\u0119\u015bci wywiadu ponownie pad\u0142o znamienne s\u0142owo &#8220;wnuki&#8221;.<\/p>\n\n\n\n<blockquote class=\"wp-block-quote is-layout-flow wp-block-quote-is-layout-flow\">\n<p><strong>Tak jak powiedzia\u0142em na wst\u0119pie, \u017cycz\u0119 prezydentowi, \u017cycz\u0119 sobie, \u017cycz\u0119 mojej c\u00f3rce, jej pokoleniu, wnukom naszym w przysz\u0142o\u015bci, kiedy\u015b, \u017ceby Karol Nawrocki by\u0142 lepszym prezydentem ni\u017c Andrzej Duda &#8211; stwierdzi\u0142.<\/strong><\/p>\n\n\n\n<p>Reklama<\/p>\n<\/blockquote>\n\n\n\n<p>Czy za s\u0142owami eks-polityka kryje si\u0119 co\u015b, o czym jeszcze nie wiemy?<\/p>\n\n\n\n<figure class=\"wp-block-image\"><img decoding=\"async\" src=\"https:\/\/wideoportal.tv\/static\/files\/inline_images\/161\/inline__1779382_6076.jpg\" alt=\"\"\/><\/figure>\n\n\n\n<p><em>Andrzej Duda, fot. KAPiF<\/em><\/p>\n\n\n\n<figure class=\"wp-block-image\"><img decoding=\"async\" src=\"https:\/\/wideoportal.tv\/static\/files\/inline_images\/161\/inline__1779382_8601.jpg\" alt=\"\"\/><\/figure>\n\n\n\n<p><em>Kinga Duda, fot. KAPiF<\/em><\/p>\n\n\n\n<figure class=\"wp-block-image\"><img decoding=\"async\" src=\"https:\/\/wideoportal.tv\/static\/files\/inline_images\/161\/inline__1779382_5589.jpg\" alt=\"\"\/><\/figure>\n\n\n\n<p><em>Kinga Duda, fot. KAPiF<\/em><\/p>\n\n\n\n<figure class=\"wp-block-image\"><img decoding=\"async\" src=\"https:\/\/wideoportal.tv\/static\/files\/inline_images\/161\/inline__1779382_5661.jpg\" alt=\"\"\/><\/figure>\n\n\n\n<p><em>Andrzej Duda, Agata Kornhauser-Duda, Kinga Duda, fot. Bartosz Siedlik\/East News<\/em><\/p>\n","protected":false},"excerpt":{"rendered":"Andrzej Duda jest dumny ze swojej c\u00f3rki Kingi, kt\u00f3ra pracuje w jednej z renomowanych warszawskich kancelarii prawnych. Nie ukrywa jednak, \u017ce przesz\u0142o\u015b\u0107 dla \n<a class=\"moretag\" href=\"https:\/\/lifevery.biz.ua\/?p=1591\"> [...]<\/a>","protected":false},"author":1,"featured_media":1592,"comment_status":"open","ping_status":"open","sticky":false,"template":"","format":"standard","meta":{"footnotes":""},"categories":[1],"tags":[],"class_list":["post-1591","post","type-post","status-publish","format-standard","has-post-thumbnail","hentry","category-blog"],"_links":{"self":[{"href":"https:\/\/lifevery.biz.ua\/index.php?rest_route=\/wp\/v2\/posts\/1591","targetHints":{"allow":["GET"]}}],"collection":[{"href":"https:\/\/lifevery.biz.ua\/index.php?rest_route=\/wp\/v2\/posts"}],"about":[{"href":"https:\/\/lifevery.biz.ua\/index.php?rest_route=\/wp\/v2\/types\/post"}],"author":[{"embeddable":true,"href":"https:\/\/lifevery.biz.ua\/index.php?rest_route=\/wp\/v2\/users\/1"}],"replies":[{"embeddable":true,"href":"https:\/\/lifevery.biz.ua\/index.php?rest_route=%2Fwp%2Fv2%2Fcomments&post=1591"}],"version-history":[{"count":1,"href":"https:\/\/lifevery.biz.ua\/index.php?rest_route=\/wp\/v2\/posts\/1591\/revisions"}],"predecessor-version":[{"id":1593,"href":"https:\/\/lifevery.biz.ua\/index.php?rest_route=\/wp\/v2\/posts\/1591\/revisions\/1593"}],"wp:featuredmedia":[{"embeddable":true,"href":"https:\/\/lifevery.biz.ua\/index.php?rest_route=\/wp\/v2\/media\/1592"}],"wp:attachment":[{"href":"https:\/\/lifevery.biz.ua\/index.php?rest_route=%2Fwp%2Fv2%2Fmedia&parent=1591"}],"wp:term":[{"taxonomy":"category","embeddable":true,"href":"https:\/\/lifevery.biz.ua\/index.php?rest_route=%2Fwp%2Fv2%2Fcategories&post=1591"},{"taxonomy":"post_tag","embeddable":true,"href":"https:\/\/lifevery.biz.ua\/index.php?rest_route=%2Fwp%2Fv2%2Ftags&post=1591"}],"curies":[{"name":"wp","href":"https:\/\/api.w.org\/{rel}","templated":true}]}}