{"id":1579,"date":"2026-01-31T04:48:43","date_gmt":"2026-01-31T04:48:43","guid":{"rendered":"https:\/\/lifevery.biz.ua\/?p=1579"},"modified":"2026-01-31T04:48:43","modified_gmt":"2026-01-31T04:48:43","slug":"zamieszanie-wokol-pensji-dla-zony-owsiaka-jurek-mowi-o-nieczystych-sytuacjach","status":"publish","type":"post","link":"https:\/\/lifevery.biz.ua\/?p=1579","title":{"rendered":"Zamieszanie wok\u00f3\u0142 pensji dla \u017cony Owsiaka. Jurek m\u00f3wi o NIECZYSTYCH SYTUACJACH"},"content":{"rendered":"\n<p>Kiedy ujawniono wynagrodzenie, jakie otrzymuje Lidia Nied\u017awiedzka-Owsiak, wiele os\u00f3b nie ukrywa\u0142o zaskoczenia. Jurek Owsiak postanowi\u0142 odnie\u015b\u0107 si\u0119 do przekazanych informacji. Zapewni\u0142, \u017ce z WO\u015aP nie otrzymuje ani grosza, lecz zarabia w inny spos\u00f3b.<\/p>\n\n\n\n<figure class=\"wp-block-image\"><img decoding=\"async\" src=\"https:\/\/wideoportal.tv\/static\/files\/inline_images\/161\/inline__1785509_9312.jpg\" alt=\"\"\/><\/figure>\n\n\n\n<p><strong>Lidia Nied\u017awiedzka-Owsiak<\/strong>&nbsp;od lat pracuje jako dyrektor ds. medycznych w Fundacji WO\u015aP. Zajmuje si\u0119 nadzorem nad programami zdrowotnymi od strony merytorycznej, kontaktuje si\u0119 z lekarzami i specjalistami, planuje zakupy sprz\u0119tu medycznego. Decyduje o tym, w jaki spos\u00f3b zostan\u0105 wydane pieni\u0105dze ze zbi\u00f3rek.<\/p>\n\n\n\n<p>Przed kilkoma laty ujawni\u0142a, \u017ce jej comiesi\u0119czna pensja wynosi 13 743 z\u0142 brutto, czyli do r\u0119ki dostaje 8 994 z\u0142. To kwota znacznie poni\u017cej \u015bredniej wynagrodze\u0144 w fundacji, kt\u00f3ra wynosi 21 tysi\u0119cy z\u0142 brutto miesi\u0119cznie.<\/p>\n\n\n\n<p>Reklama<\/p>\n\n\n\n<h2 class=\"wp-block-heading\"><strong>Zamieszanie wok\u00f3\u0142 pensji dla \u017cony Owsiaka. Jurek m\u00f3wi o NIECZYSTYCH SYTUACJACH<\/strong><\/h2>\n\n\n\n<p>Monika Olejnik zauwa\u017cy\u0142a, \u017ce wiele os\u00f3b krytycznie podchodzi do zarobk\u00f3w&nbsp;<a href=\"https:\/\/wideoportal.tv\/tag\/jurek-owsiak\/\"><strong>Jurka Owsiaka<\/strong><\/a>&nbsp;i jego \u017cony, twierdz\u0105c, \u017ce bogac\u0105 si\u0119 dzi\u0119ki zbi\u00f3rkom WO\u015aP. Szef Orkiestry postanowi\u0142 wyt\u0142umaczy\u0107 sytuacj\u0119.<\/p>\n\n\n\n<blockquote class=\"wp-block-quote is-layout-flow wp-block-quote-is-layout-flow\">\n<p><strong>Od 34 lat tworzymy fundacj\u0119. Gdyby tak by\u0142o&#8230; nie ma takiej kopu\u0142y nad nami, nie ma takiego szk\u0142a, nie ma takiej sytuacji, kt\u00f3ra by pozwala\u0142a nie ujawnia\u0107 takich nieczystych sytuacji. Nie jest to mo\u017cliwe. (&#8230;) Uwa\u017cam, \u017ce Polska jest krajem wolnym. Krajem, kt\u00f3ry ujawnia wszystkie takie sytuacje &#8211; m\u00f3wi\u0142 w &#8220;Kropce nad i&#8221;.<\/strong><\/p>\n\n\n\n<p>Reklama<\/p>\n<\/blockquote>\n\n\n\n<p>Zapewni\u0142, \u017ce rozliczenia zbi\u00f3rek s\u0105 skrupulatnie dokumentowane, za\u015b on sam nie tonie w zgromadzonym bogactwie.<\/p>\n\n\n\n<blockquote class=\"wp-block-quote is-layout-flow wp-block-quote-is-layout-flow\">\n<p><strong>My nie mo\u017cemy podj\u0105\u0107 si\u0119 kolejnych zbi\u00f3rek, je\u017celi nie wy\u015blemy dok\u0142adnego sprawozdania do Ministerstwa Finans\u00f3w, Ministerstwa Zdrowia. (&#8230;) Jurek Owsiak nie jest odizolowany w tych &#8220;willach&#8221;. Jurek Owsiak nie \u017cyje w jakiej\u015b ba\u0144ce, do kt\u00f3rej nie ma dost\u0119pu. Jurek Owsiak ma s\u0105siad\u00f3w, Jurek Owsiak chodzi do pralni, Jurek Owsiak chodzi do sklepu na osiedlu &#8211; stwierdzi\u0142.<\/strong><\/p>\n<\/blockquote>\n\n\n\n<p><strong><a href=\"https:\/\/wideoportal.tv\/artykul\/jurek-owsiak-gorzko-o-n1662632\">SPRAWD\u0179: Jurek Owsiak gorzko o koszmarnie niskiej emeryturze: To jest po prostu \u017ca\u0142osne!<\/a><\/strong><\/p>\n\n\n\n<p>Reklama<\/p>\n\n\n\n<p>Po raz kolejny powt\u00f3rzy\u0142, \u017ce utrzymuje si\u0119 z dochod\u00f3w z firmy Z\u0142oty Melon. To jednoosobowa sp\u00f3\u0142ka zale\u017cna od Fundacji WO\u015aP, kt\u00f3ra zajmuje si\u0119 m.in. produkcj\u0105 program\u00f3w telewizyjnych oraz sprzeda\u017c\u0105 gad\u017cet\u00f3w.<\/p>\n\n\n\n<blockquote class=\"wp-block-quote is-layout-flow wp-block-quote-is-layout-flow\">\n<p><strong>Jurek Owsiak \u017cyje z tego, \u017ce jest szefem firmy Z\u0142oty Melon. Ta firma pozyskuje pieni\u0105dze dla fundacji, wszystko to, co jest komercyjne. Opr\u00f3cz tego prowadzimy ca\u0142\u0105 nasz\u0105 dzia\u0142alno\u015b\u0107 gospodarcz\u0105, kt\u00f3rej nie prowadzi fundacja. Je\u017celi kupujesz koszulk\u0119, je\u017celi zdobywasz nasz\u0105 p\u0142yt\u0119, kt\u00f3r\u0105 wydajemy, to po prostu&#8230; (&#8230;) To czyni czyst\u0105 histori\u0119, \u017ce fundacja nie prowadzi \u017cadnej dzia\u0142alno\u015bci &#8211; przekaza\u0142.<\/strong><\/p>\n\n\n\n<p>Reklama<\/p>\n<\/blockquote>\n\n\n\n<p>W 2022 r. otrzyma\u0142 wyp\u0142aty ze sp\u00f3\u0142ki Z\u0142oty Melon w \u0142\u0105cznej kwocie 317 tys. z\u0142, czyli 26,4 tys. z\u0142 miesi\u0119cznie w kosztach pracodawcy. W przeliczeniu to 21 tys. 916 z\u0142 23 gr brutto miesi\u0119cznie, czyli 15 tys. 270 z\u0142 netto.<\/p>\n\n\n\n<figure class=\"wp-block-image\"><img decoding=\"async\" src=\"https:\/\/wideoportal.tv\/static\/files\/inline_images\/161\/inline__1785509_328.jpg\" alt=\"\"\/><\/figure>\n\n\n\n<p><em>Lidia Nied\u017awiedzka-Owsiak, Jerzy Owsiak, fot. KAPiF<\/em><\/p>\n\n\n\n<figure class=\"wp-block-image\"><img decoding=\"async\" src=\"https:\/\/wideoportal.tv\/static\/files\/inline_images\/161\/inline__1785509_9232.jpg\" alt=\"\"\/><\/figure>\n\n\n\n<p><em>Jerzy Owsiak, Lidia Nied\u017awiedzka-Owsiak, fot. KAPiF<\/em><\/p>\n\n\n\n<figure class=\"wp-block-image\"><img decoding=\"async\" src=\"https:\/\/wideoportal.tv\/static\/files\/inline_images\/161\/inline__1785509_9240.jpg\" alt=\"\"\/><\/figure>\n\n\n\n<p><em>Lidia Nied\u017awiedzka-Owsiak, Jerzy Owsiak, fot. KAPiF<\/em><\/p>\n\n\n\n<figure class=\"wp-block-image\"><img decoding=\"async\" src=\"https:\/\/wideoportal.tv\/static\/files\/inline_images\/161\/inline__1785509_2529.jpg\" alt=\"\"\/><\/figure>\n\n\n\n<p><em>Lidia Nied\u017awiedzka-Owsiak, fot. Pawel Wodzynski\/East News<\/em><\/p>\n","protected":false},"excerpt":{"rendered":"Kiedy ujawniono wynagrodzenie, jakie otrzymuje Lidia Nied\u017awiedzka-Owsiak, wiele os\u00f3b nie ukrywa\u0142o zaskoczenia. Jurek Owsiak postanowi\u0142 odnie\u015b\u0107 si\u0119 do przekazanych informacji. Zapewni\u0142, \u017ce z \n<a class=\"moretag\" href=\"https:\/\/lifevery.biz.ua\/?p=1579\"> [...]<\/a>","protected":false},"author":1,"featured_media":1580,"comment_status":"open","ping_status":"open","sticky":false,"template":"","format":"standard","meta":{"footnotes":""},"categories":[1],"tags":[],"class_list":["post-1579","post","type-post","status-publish","format-standard","has-post-thumbnail","hentry","category-blog"],"_links":{"self":[{"href":"https:\/\/lifevery.biz.ua\/index.php?rest_route=\/wp\/v2\/posts\/1579","targetHints":{"allow":["GET"]}}],"collection":[{"href":"https:\/\/lifevery.biz.ua\/index.php?rest_route=\/wp\/v2\/posts"}],"about":[{"href":"https:\/\/lifevery.biz.ua\/index.php?rest_route=\/wp\/v2\/types\/post"}],"author":[{"embeddable":true,"href":"https:\/\/lifevery.biz.ua\/index.php?rest_route=\/wp\/v2\/users\/1"}],"replies":[{"embeddable":true,"href":"https:\/\/lifevery.biz.ua\/index.php?rest_route=%2Fwp%2Fv2%2Fcomments&post=1579"}],"version-history":[{"count":1,"href":"https:\/\/lifevery.biz.ua\/index.php?rest_route=\/wp\/v2\/posts\/1579\/revisions"}],"predecessor-version":[{"id":1581,"href":"https:\/\/lifevery.biz.ua\/index.php?rest_route=\/wp\/v2\/posts\/1579\/revisions\/1581"}],"wp:featuredmedia":[{"embeddable":true,"href":"https:\/\/lifevery.biz.ua\/index.php?rest_route=\/wp\/v2\/media\/1580"}],"wp:attachment":[{"href":"https:\/\/lifevery.biz.ua\/index.php?rest_route=%2Fwp%2Fv2%2Fmedia&parent=1579"}],"wp:term":[{"taxonomy":"category","embeddable":true,"href":"https:\/\/lifevery.biz.ua\/index.php?rest_route=%2Fwp%2Fv2%2Fcategories&post=1579"},{"taxonomy":"post_tag","embeddable":true,"href":"https:\/\/lifevery.biz.ua\/index.php?rest_route=%2Fwp%2Fv2%2Ftags&post=1579"}],"curies":[{"name":"wp","href":"https:\/\/api.w.org\/{rel}","templated":true}]}}