{"id":1550,"date":"2026-01-30T11:02:14","date_gmt":"2026-01-30T11:02:14","guid":{"rendered":"https:\/\/lifevery.biz.ua\/?p=1550"},"modified":"2026-01-30T11:02:14","modified_gmt":"2026-01-30T11:02:14","slug":"nagrali-dziennikarza-republiki-w-sejmie-tak-zachowywal-sie-w-trakcie-wywiadu-doradcy-nawrockiego","status":"publish","type":"post","link":"https:\/\/lifevery.biz.ua\/?p=1550","title":{"rendered":"Nagrali dziennikarza Republiki w Sejmie. Tak zachowywa\u0142 si\u0119 w trakcie wywiadu doradcy Nawrockiego"},"content":{"rendered":"\n<p>Sejmowy wywiad ze Zbigniewem Boguckim przyci\u0105gn\u0105\u0142 uwag\u0119 nie tylko ze wzgl\u0119du na poruszane tematy, ale r\u00f3wnie\u017c z powodu nietypowego zachowania jednego z dziennikarzy. Kamery TVP Info uchwyci\u0142y momenty, kt\u00f3re wywo\u0142a\u0142y spore komentarze w mediach spo\u0142eczno\u015bciowych. Niecodzienna reakcja pracownika TV Republika wzbudzi\u0142a ciekawo\u015b\u0107 widz\u00f3w i komentator\u00f3w politycznych.<\/p>\n\n\n\n<p>Nietypowe zachowanie dziennikarza w sejmowym wywiadzie<br>Adrian Borecki wtr\u0105ca\u0142 si\u0119 podczas rozmowy z Boguckim<br>Reakcje szefa Kancelarii Prezydenta na komentarze dziennikarza<br>Nietypowe zachowanie dziennikarza w sejmowym wywiadzie<br>Podczas niedawnego wywiadu w Sejmie uwag\u0119 widz\u00f3w zwr\u00f3ci\u0142 Adrian Borecki, dziennikarz TV Republika, kt\u00f3rego zachowanie odbiega\u0142o od standard\u00f3w typowych dla relacji sejmowych. Materia\u0142 zarejestrowa\u0142y kamery TVP Info, kt\u00f3re \u015bledzi\u0142y jego reakcje podczas rozmowy ze Zbigniewem Boguckim, szefem Kancelarii Prezydenta.<\/p>\n\n\n\n<p>Borecki nie ogranicza\u0142 si\u0119 jedynie do obserwowania czy notowania wypowiedzi rozm\u00f3wcy. Jego gesty, mimika oraz spontaniczne komentarze szybko sta\u0142y si\u0119 przedmiotem dyskusji zar\u00f3wno w studiu, jak i w mediach spo\u0142eczno\u015bciowych. Widzowie zauwa\u017cyli, \u017ce spos\u00f3b, w jaki reagowa\u0142 na s\u0142owa Boguckiego, r\u00f3\u017cni\u0142 si\u0119 od typowej neutralno\u015bci, do kt\u00f3rej przywykli podczas sejmowych wywiad\u00f3w.<\/p>\n\n\n\n<p>Materia\u0142 z udzia\u0142em Boreckiego zosta\u0142 zaprezentowany w programie \u201eBez Trybu\u201d prowadzonego przez Justyn\u0119 Dobrosz-Oracz. Jego obecno\u015b\u0107 i nietypowe zachowanie przyci\u0105gn\u0119\u0142y uwag\u0119 nie tylko ze wzgl\u0119du na sam wywiad, ale r\u00f3wnie\u017c na form\u0119, w jakiej dziennikarz wchodzi\u0142 w interakcj\u0119 z rozm\u00f3wc\u0105, co w kontek\u015bcie relacji politycznych rzadko bywa obserwowane w telewizyjnych transmisjach sejmowych.<br><\/p>\n\n\n\n<p>Adrian Borecki wtr\u0105ca\u0142 si\u0119 podczas rozmowy z Boguckim<br>Podczas ostatniego wywiadu telewizyjnego Adrian Borecki zwr\u00f3ci\u0142 uwag\u0119 swoim nietypowym zachowaniem, kt\u00f3re pojawia\u0142o si\u0119 w konkretnych momentach rozmowy. Gdy dziennikarka TVP Info pyta\u0142a go o dzia\u0142ania partii PiS maj\u0105ce na celu zablokowanie umowy handlowej z krajami Mercosur, Borecki niespodziewanie wtr\u0105ci\u0142 komentarz:&nbsp;<\/p>\n\n\n\n<p>\u2013 Te\u017c z W\u0142ochami rozmawiali.&nbsp;<\/p>\n\n\n\n<p>Na t\u0119 uwag\u0119 natychmiast zareagowa\u0142 Zbigniew Bogucki, wskazuj\u0105c, \u017ce jest to pr\u00f3ba przerzucania odpowiedzialno\u015bci, co dodatkowo podkre\u015bli\u0142o napi\u0119cie w rozmowie. W kolejnych fragmentach wywiadu Borecki wyg\u0142asza\u0142 stwierdzenia, kt\u00f3re mog\u0142y zaskoczy\u0107 widz\u00f3w.<\/p>\n\n\n\n<p>\u2013 \u017burek z Kropiwnickim powinni si\u0119 spotka\u0107 w sprawie neoKRS \u2013 m\u00f3wi\u0142 Borecki.<\/p>\n\n\n\n<p>Jego wypowiedzi by\u0142y kr\u00f3tkie i cz\u0119sto oderwane od kontekstu, co sprawia\u0142o wra\u017cenie chaotycznej narracji. Dodatkowo nietypowe zachowanie Boreckiego uwidoczni\u0142o si\u0119 tak\u017ce w jego gestach i mimice. Pracownik TV Republika podczas kolejnych pyta\u0144 \u015bmia\u0142 si\u0119 i przewraca\u0142 oczami, co przykuwa\u0142o uwag\u0119 widz\u00f3w i dodatkowo pot\u0119gowa\u0142o wra\u017cenie nieformalnej atmosfery wywiadu.<br><\/p>\n\n\n\n<p>Reakcje szefa Kancelarii Prezydenta na komentarze dziennikarza<br>Zbigniew Bogucki zachowywa\u0142 spok\u00f3j i konsekwentnie odpowiada\u0142 na zadawane pytania, nawet gdy rozmowa przybra\u0142a nieoczekiwany kierunek. Kiedy dziennikarz Borecki przerwa\u0142 jego wypowied\u017a pytaniem:&nbsp;<\/p>\n\n\n\n<p>\u2013 A czy podczas polskiej prezydencji rz\u0105d dawa\u0142 zna\u0107, \u017ce co\u015b dzia\u0142a? Bo p\u00f3\u0142 roku by\u0142a prezydencja.<\/p>\n\n\n\n<p>Bogucki zareagowa\u0142 spokojnie, z lekkim u\u015bmiechem, odpowiadaj\u0105c:&nbsp;<\/p>\n\n\n\n<p>\u2013 No w\u0142a\u015bnie nie, dzi\u0119kuj\u0119 za to pytanie.&nbsp;<\/p>\n\n\n\n<p>Jego reakcja pokaza\u0142a, \u017ce nawet w obliczu niecodziennych i prowokacyjnych pyta\u0144 mo\u017cliwe jest zachowanie opanowania i profesjonalizmu. Ca\u0142a sytuacja sta\u0142a si\u0119 tematem szerokiej dyskusji w mediach oraz w\u015br\u00f3d obserwator\u00f3w sejmowych wydarze\u0144.<br><\/p>\n","protected":false},"excerpt":{"rendered":"Sejmowy wywiad ze Zbigniewem Boguckim przyci\u0105gn\u0105\u0142 uwag\u0119 nie tylko ze wzgl\u0119du na poruszane tematy, ale r\u00f3wnie\u017c z powodu nietypowego zachowania jednego z dziennikarzy. \n<a class=\"moretag\" href=\"https:\/\/lifevery.biz.ua\/?p=1550\"> [...]<\/a>","protected":false},"author":1,"featured_media":1551,"comment_status":"open","ping_status":"open","sticky":false,"template":"","format":"standard","meta":{"footnotes":""},"categories":[1],"tags":[],"class_list":["post-1550","post","type-post","status-publish","format-standard","has-post-thumbnail","hentry","category-blog"],"_links":{"self":[{"href":"https:\/\/lifevery.biz.ua\/index.php?rest_route=\/wp\/v2\/posts\/1550","targetHints":{"allow":["GET"]}}],"collection":[{"href":"https:\/\/lifevery.biz.ua\/index.php?rest_route=\/wp\/v2\/posts"}],"about":[{"href":"https:\/\/lifevery.biz.ua\/index.php?rest_route=\/wp\/v2\/types\/post"}],"author":[{"embeddable":true,"href":"https:\/\/lifevery.biz.ua\/index.php?rest_route=\/wp\/v2\/users\/1"}],"replies":[{"embeddable":true,"href":"https:\/\/lifevery.biz.ua\/index.php?rest_route=%2Fwp%2Fv2%2Fcomments&post=1550"}],"version-history":[{"count":1,"href":"https:\/\/lifevery.biz.ua\/index.php?rest_route=\/wp\/v2\/posts\/1550\/revisions"}],"predecessor-version":[{"id":1552,"href":"https:\/\/lifevery.biz.ua\/index.php?rest_route=\/wp\/v2\/posts\/1550\/revisions\/1552"}],"wp:featuredmedia":[{"embeddable":true,"href":"https:\/\/lifevery.biz.ua\/index.php?rest_route=\/wp\/v2\/media\/1551"}],"wp:attachment":[{"href":"https:\/\/lifevery.biz.ua\/index.php?rest_route=%2Fwp%2Fv2%2Fmedia&parent=1550"}],"wp:term":[{"taxonomy":"category","embeddable":true,"href":"https:\/\/lifevery.biz.ua\/index.php?rest_route=%2Fwp%2Fv2%2Fcategories&post=1550"},{"taxonomy":"post_tag","embeddable":true,"href":"https:\/\/lifevery.biz.ua\/index.php?rest_route=%2Fwp%2Fv2%2Ftags&post=1550"}],"curies":[{"name":"wp","href":"https:\/\/api.w.org\/{rel}","templated":true}]}}