{"id":1545,"date":"2026-01-30T11:06:13","date_gmt":"2026-01-30T11:06:13","guid":{"rendered":"https:\/\/lifevery.biz.ua\/?p=1545"},"modified":"2026-01-30T11:06:13","modified_gmt":"2026-01-30T11:06:13","slug":"prawda-o-andrzeju-piasecznym-wyszla-na-jaw-dotad-wiedzieli-nieliczni","status":"publish","type":"post","link":"https:\/\/lifevery.biz.ua\/?p=1545","title":{"rendered":"Prawda o Andrzeju Piasecznym wysz\u0142a na jaw. Dot\u0105d wiedzieli nieliczni"},"content":{"rendered":"\n<p>Andrzej Piaseczny w \u201eThe Voice Senior\u201d<br>Na antenie TVP2 emitowana jest obecnie si\u00f3dma edycja \u201eThe Voice Senior\u201d \u2013 z Majk\u0105 Je\u017cowsk\u0105, Alicj\u0105 Majewsk\u0105, Robertem Janowskim i Andrzejem Piasecznym w fotelach trenerskich oraz Mart\u0105 Manowsk\u0105 i \u0141ukaszem Nowickim w rolach prowadz\u0105cych. Jedn\u0105 z uczestniczek, kt\u00f3ra w najbli\u017csz\u0105 sobot\u0119 b\u0119dzie walczy\u0107 o przej\u015bcie do kolejnego etapu programu, b\u0119dzie emerytowana nauczycielka j\u0119zyka polskiego Ma\u0142gorzata J\u0119drzejewska.<\/p>\n\n\n\n<p>Jeszcze przed odcinkiem wyp\u0142yn\u0119\u0142y zaskakuj\u0105ce szczeg\u00f3\u0142y. Po wyst\u0119pie wspomnianej wokalistki w \u201eThe Voice Senior\u201d Andrzej Piaseczny postanowi\u0142 poradzi\u0107 si\u0119 jej w kwestii problemu, z kt\u00f3rym si\u0119 boryka. Do tej pory niewiele os\u00f3b wiedzia\u0142o, \u017ce od lat si\u0119 z tym mierzy. \u201eCzy pani jako polonistka ma jaki\u015b spos\u00f3b na b\u0142\u0119dy ortograficzne? Bo ja jestem kompletnym dysortografem. (\u2026) Czy pani ma jaki\u015b spos\u00f3b?\u201d \u2013 zapyta\u0142 wprost trener, kt\u00f3ry jest autorem tekst\u00f3w przesz\u0142o stu przeboj\u00f3w.<\/p>\n\n\n\n<p>Andrzej Piaseczny ju\u017c tego nie ukrywa<br>Do rozmowy na planie \u201eThe Voice Senior\u201d w\u0142\u0105czy\u0142 si\u0119 te\u017c Robert Janowski. \u201e\u017baba przez \u201erz\u201d piszesz?\u201d \u2013 zacz\u0105\u0142 dopytywa\u0107 z u\u015bmiechem. Andrzej Piaseczny nie pr\u00f3bowa\u0142 si\u0119 broni\u0107, przyznaj\u0105c ze szczero\u015bci\u0105: \u201eWszystko pisz\u0119 po prostu odwrotnie. Czytam du\u017co i tak dalej\u2026 Nie potrafi\u0119 si\u0119 nauczy\u0107 pisa\u0107, absolutnie\u201d.<\/p>\n\n\n\n<p>Dalsza cz\u0119\u015b\u0107 artyku\u0142u pod materia\u0142em wideo:<\/p>\n\n\n\n<p><em>:<\/em><\/p>\n\n\n\n<blockquote class=\"wp-block-quote is-layout-flow wp-block-quote-is-layout-flow\">\n<p>To ju\u017c nie ma co walczy\u0107. Musisz to polubi\u0107&nbsp;\u2013 stwierdzi\u0142a na to polonistka.<\/p>\n<\/blockquote>\n\n\n\n<blockquote class=\"wp-block-quote is-layout-flow wp-block-quote-is-layout-flow\">\n<p>Kocham pani\u0105, kocham pani\u0105&nbsp;\u2013 zakrzykn\u0105\u0142 za\u015b popularny \u201ePiasek\u201d.<\/p>\n<\/blockquote>\n\n\n\n<p>Czy Ma\u0142gorzata J\u0119drzejewska, kt\u00f3ra ju\u017c 31 stycznia o godzinie 20.00 w TVP2 i TVP VOD ponownie za\u015bpiewa na scenie \u201eThe Voice Senior\u201d, przejdzie do p\u00f3\u0142fina\u0142u si\u00f3dmej edycji? Przypomnijmy, \u017ce&nbsp;<strong>w najbli\u017cszym odcinku w ramach Sing Off ka\u017cdy z trener\u00f3w spo\u015br\u00f3d sze\u015bciu os\u00f3b ze swojej dru\u017cyny wy\u0142oni jedynie cztery<\/strong>, kt\u00f3re b\u0119d\u0105 mia\u0142y szans\u0119 zaprezentowa\u0107 sw\u00f3j talent w kolejnym odcinku.<\/p>\n\n\n\n<figure class=\"wp-block-video\"><\/figure>\n\n\n\n<p>\u0179r\u00f3d\u0142o: materia\u0142y prasowe TVP<\/p>\n","protected":false},"excerpt":{"rendered":"Andrzej Piaseczny w \u201eThe Voice Senior\u201dNa antenie TVP2 emitowana jest obecnie si\u00f3dma edycja \u201eThe Voice Senior\u201d \u2013 z Majk\u0105 Je\u017cowsk\u0105, Alicj\u0105 Majewsk\u0105, Robertem \n<a class=\"moretag\" href=\"https:\/\/lifevery.biz.ua\/?p=1545\"> [...]<\/a>","protected":false},"author":1,"featured_media":1554,"comment_status":"open","ping_status":"open","sticky":false,"template":"","format":"standard","meta":{"footnotes":""},"categories":[1],"tags":[],"class_list":["post-1545","post","type-post","status-publish","format-standard","has-post-thumbnail","hentry","category-blog"],"_links":{"self":[{"href":"https:\/\/lifevery.biz.ua\/index.php?rest_route=\/wp\/v2\/posts\/1545","targetHints":{"allow":["GET"]}}],"collection":[{"href":"https:\/\/lifevery.biz.ua\/index.php?rest_route=\/wp\/v2\/posts"}],"about":[{"href":"https:\/\/lifevery.biz.ua\/index.php?rest_route=\/wp\/v2\/types\/post"}],"author":[{"embeddable":true,"href":"https:\/\/lifevery.biz.ua\/index.php?rest_route=\/wp\/v2\/users\/1"}],"replies":[{"embeddable":true,"href":"https:\/\/lifevery.biz.ua\/index.php?rest_route=%2Fwp%2Fv2%2Fcomments&post=1545"}],"version-history":[{"count":1,"href":"https:\/\/lifevery.biz.ua\/index.php?rest_route=\/wp\/v2\/posts\/1545\/revisions"}],"predecessor-version":[{"id":1555,"href":"https:\/\/lifevery.biz.ua\/index.php?rest_route=\/wp\/v2\/posts\/1545\/revisions\/1555"}],"wp:featuredmedia":[{"embeddable":true,"href":"https:\/\/lifevery.biz.ua\/index.php?rest_route=\/wp\/v2\/media\/1554"}],"wp:attachment":[{"href":"https:\/\/lifevery.biz.ua\/index.php?rest_route=%2Fwp%2Fv2%2Fmedia&parent=1545"}],"wp:term":[{"taxonomy":"category","embeddable":true,"href":"https:\/\/lifevery.biz.ua\/index.php?rest_route=%2Fwp%2Fv2%2Fcategories&post=1545"},{"taxonomy":"post_tag","embeddable":true,"href":"https:\/\/lifevery.biz.ua\/index.php?rest_route=%2Fwp%2Fv2%2Ftags&post=1545"}],"curies":[{"name":"wp","href":"https:\/\/api.w.org\/{rel}","templated":true}]}}