{"id":1508,"date":"2026-01-30T04:44:50","date_gmt":"2026-01-30T04:44:50","guid":{"rendered":"https:\/\/lifevery.biz.ua\/?p=1508"},"modified":"2026-01-30T04:44:50","modified_gmt":"2026-01-30T04:44:50","slug":"sledztwo-gonca-tajemnica-czarodziejskiego-portu-tak-w-polsce-wykorzystuje-sie-krzywde-dzieci","status":"publish","type":"post","link":"https:\/\/lifevery.biz.ua\/?p=1508","title":{"rendered":"\u015aledztwo Go\u0144ca: Tajemnica \u201eCzarodziejskiego Portu\u201d. Tak w Polsce wykorzystuje si\u0119 krzywd\u0119 dzieci"},"content":{"rendered":"\n<p>Straszenie \u201epsychiatrykiem\u201d, wykr\u0119canie r\u0105k, wyzywanie od \u201eg\u0142upk\u00f3w\u201d i \u201edebili\u201d &#8211; dzieci z rodzinnego domu dziecka \u201eCzarodziejski Port\u201d m\u00f3wi\u0105 o stosowanej wobec nich psychicznej i fizycznej przemocy. Trzykrotnie przeludniona plac\u00f3wka powsta\u0142a na terenie luksusowego SPA. Jej w\u0142a\u015bcicielka traktuje j\u0105 jak biznes.<\/p>\n\n\n\n<p>Twin Peaks<br>Lubin to niepozorne, prowincjonalne miasteczko na Dolnym \u015al\u0105sku. Z dala od zgie\u0142ku stolicy, kamer og\u00f3lnopolskich medi\u00f3w i realnej kontroli pa\u0144stwowych instytucji, spokojnie bije tu serce miedziowego imperium.<\/p>\n\n\n\n<p>Kiedy po raz pierwszy wje\u017cd\u017cam do Lubina, uderzaj\u0105 mnie bogactwo, rozmach i skala inwestycji. Powiat lubi\u0144ski od lat znajduje si\u0119 w finansowej czo\u0142\u00f3wce kraju. Obecnie wyprzedzaj\u0105 go jedynie Warszawa wraz z \u201eobwarzankiem\u201d, Sopot i P\u0142ock.<\/p>\n\n\n\n<p>W mie\u015bcie trwa budowa aquaparku, nie brakuje l\u015bni\u0105cych nowo\u015bci\u0105 budynk\u00f3w, powstaj\u0105 kolejne obiekty sportowe i kulturalne. Prezydenci Lubina i Wroc\u0142awia \u2014 ka\u017cdy mierz\u0105cy si\u0119 ze swoimi medialnymi problemami \u2014 fotografuj\u0105 si\u0119 wsp\u00f3lnie i rozp\u0142ywaj\u0105 nad wzorow\u0105 wsp\u00f3\u0142prac\u0105, dzi\u0119ki kt\u00f3rej mieszka\u0144cy obu miast zyskaj\u0105 now\u0105 drog\u0119 szybkiego ruchu oraz po\u0142\u0105czenia kolejowe.<\/p>\n\n\n\n<p>Im cz\u0119\u015bciej jednak tu bywam, tym wyra\u017aniej widz\u0119, \u017ce pozorny spok\u00f3j i stagnacja s\u0105 jedynie kamufla\u017cem. Pod jego powierzchni\u0105 kryj\u0105 si\u0119 napi\u0119cie, czujno\u015b\u0107 i strach. Sponsorzy, samorz\u0105dowcy i lokalni biznesmeni tworz\u0105 zamkni\u0119ty ekosystem, a zbyt dociekliwi przyjezdni szybko ucz\u0105 si\u0119, \u017ce pewnych pyta\u0144 lepiej nie zadawa\u0107.<\/p>\n\n\n\n<p>Przez ostatni rok dociera\u0142y do mnie niepokoj\u0105ce sygna\u0142y o systemowym krzywdzeniu dzieci w okolicach Lubina. Historie, kt\u00f3re stopniowo odkrywa\u0142em, wskazywa\u0142y na skrupulatne tuszowanie nieprawid\u0142owo\u015bci. W lokalnych mediach system opieki nad dzie\u0107mi przedstawiany jest jako wzorcowy, tymczasem na posiedzeniach komisji rady gminy o pieczy zast\u0119pczej m\u00f3wi si\u0119 w alarmistycznym tonie. Rodzinne domy dziecka s\u0105 interwencyjnie zamykane, \u015bledztwa umarzane, a problemy \u2014 zamiatane pod dywan.<\/p>\n\n\n\n<p>Od czterech lat nierozwi\u0105zana pozostaje r\u00f3wnie\u017c zagadka materia\u0142\u00f3w rozes\u0142anych poczt\u0105 elektroniczn\u0105 do lokalnych VIP-\u00f3w. Mia\u0142y one zawiera\u0107 zapisy rozm\u00f3w prezydenta Lubina i jego wieloletniego wsp\u00f3\u0142pracownika. W\u015br\u00f3d setek stron stenogram\u00f3w pojawiaj\u0105 si\u0119 w\u0105tki dotycz\u0105ce wykorzystywania dzieci \u2014 tropy, kt\u00f3rych nikt nigdy do ko\u0144ca nie sprawdzi\u0142.<\/p>\n\n\n\n<p>Trudno oprze\u0107 si\u0119 wra\u017ceniu, \u017ce skandale s\u0105 tu celowo wyciszane, a policja i prokuratura nawet nie pr\u00f3buj\u0105 prze\u015bwietli\u0107 sieci zale\u017cno\u015bci i zarzut\u00f3w dotycz\u0105cych wyprowadzania publicznych pieni\u0119dzy. W mie\u015bcie, w kt\u00f3rym blask miedziowego bogactwa przes\u0142ania mroczne tajemnice, lokalne uk\u0142ady umacniaj\u0105 w mieszka\u0144cach poczucie bezradno\u015bci. Najbardziej bezbronni \u2014 dzieci \u2014 staj\u0105 si\u0119 w tej rzeczywisto\u015bci ofiarami.<\/p>\n\n\n\n<p>Znam tylko jedno miejsce, w kt\u00f3rym panuje podobny klimat. Dorasta\u0142em tam, wi\u0119c wci\u0105\u017c cz\u0119sto bywam i \u2014 niczym agent Cooper \u2014 od razu dostrzegam analogie, kt\u00f3re nie pozwalaj\u0105 mi po prostu odjecha\u0107. Tym miasteczkiem jest Twin Peaks.<br>Czytaj wi\u0119cej: https:\/\/goniec.pl\/sledztwo-gonca-tajemnica-czarodziejskiego-portu-tak-w-polsce-wykorzystuje-sie-krzywde-dzieci-rg-jsch-280126<\/p>\n\n\n\n<p>Sowy nie s\u0105 tym, czym si\u0119 wydaj\u0105<br>W tym krajobrazie zale\u017cno\u015bci powsta\u0142 \u201eCzarodziejski Port\u201d \u2014 rodzinny dom dziecka, kt\u00f3ry mia\u0142 by\u0107 bezpieczn\u0105 przystani\u0105 dla skrzywdzonych dzieci. Zamiast tego sta\u0142 si\u0119 symbolem wszystkiego, co w Lubinie dzia\u0142a bez zarzutu, dop\u00f3ki nikt nie zagl\u0105da do \u015brodka.<\/p>\n\n\n\n<p>Jak wiele tutejszych historii, ta r\u00f3wnie\u017c zaczyna si\u0119 obiecuj\u0105co. Dobrze sytuowane ma\u0142\u017ce\u0144stwo, wychowuj\u0105ce dwoje w\u0142asnych dzieci, postanawia za\u0142o\u017cy\u0107 rodzinny dom dziecka. Bartek Bielak, pracownik KGHM, sztygar wydobywczy i ratownik, zbli\u017ca si\u0119 do emerytury i zaczyna my\u015ble\u0107 o tym, jak u\u0142o\u017cy\u0107 sobie dalsze \u017cycie.<\/p>\n\n\n\n<p>Jego \u017cona, trzydziestoletnia Angelika \u2014 atrakcyjna blondynka, kobieta ceni\u0105ca luksus, markowe ubrania i drogie dodatki \u2014 mimo prawniczego wykszta\u0142cenia i niew\u0105tpliwej inteligencji nigdzie na d\u0142u\u017cej nie zagrza\u0142a miejsca. Pracowa\u0142a w samorz\u0105dzie gminy Lubin, zajmuj\u0105c si\u0119 gospodark\u0105 odpadami. P\u00f3\u017aniej prowadzi\u0142a dzia\u0142alno\u015b\u0107 w bran\u017cy transportowo-budowlanej, by nast\u0119pnie spr\u00f3bowa\u0107 si\u0142 w kancelarii franczyzowej.<\/p>\n\n\n\n<p>\u2014 Siedzieli\u015bmy przy obiedzie i od s\u0142owa do s\u0142owa wpadli\u015bmy na pomys\u0142, \u017ceby spr\u00f3bowa\u0107 swoich si\u0142 w pieczy zast\u0119pczej \u2014 opowiada Bartek.<\/p>\n\n\n\n<p>Jego \u00f3wczesna te\u015bciowa od lat zarz\u0105dza piecz\u0105 zast\u0119pcz\u0105 w powiecie. To potencjalnie idealne zrz\u0105dzenie losu. Dla ma\u0142\u017conk\u00f3w by\u0142o oczywiste, \u017ce mog\u0105 liczy\u0107 na jej wsparcie i do\u015bwiadczenie.<\/p>\n\n\n\n<p>Wkr\u00f3tce, przy wsparciu te\u015bciowej \u2013 dostaj\u0105 od starostwa do dyspozycji lokal po by\u0142ym luksusowym SPA, przyjmuj\u0105 pod opiek\u0119 pierwsz\u0105 sz\u00f3stk\u0119 dzieci. Spe\u0142nia si\u0119 ich marzenie: uruchamiaj\u0105 rodzinny dom dziecka.<\/p>\n\n\n\n<p>Wyb\u00f3r lokalizacji powinien jednak od razu wzbudzi\u0107 w\u0105tpliwo\u015bci. W tym samym budynku dzia\u0142a restauracja, w kt\u00f3rej serwowany jest alkohol i regularnie organizowane s\u0105 bankiety, przyj\u0119cia okoliczno\u015bciowe oraz imprezy.<\/p>\n\n\n\n<p>Prowadzenie domu dziecka w jednym obiekcie z restauracj\u0105 i sal\u0105 bankietow\u0105 stoi w ra\u017c\u0105cej sprzeczno\u015bci z przepisami ustawy o wychowaniu w trze\u017awo\u015bci.<\/p>\n\n\n\n<p>\u2014 Przepisy s\u0105 jednoznaczne: rodzinny dom dziecka mo\u017ce dzia\u0142a\u0107 wy\u0142\u0105cznie w lokalu mieszkalnym. Nikt nigdy nie zwr\u00f3ci\u0142 nam na to uwagi &#8211; przyznaje dzi\u015b Bartek.<\/p>\n\n\n\n<p>W mediach spo\u0142eczno\u015bciowych \u201eCzarodziejskiego Portu\u201d od pocz\u0105tku wszystko wygl\u0105da jednak cukierkowo. W lokalnych telewizjach dzieci opowiadaj\u0105 o wspania\u0142ej \u201ecioci\u201d i zaj\u0119ciach dodatkowych, a TVN24 nagrywa materia\u0142 o basenie, kt\u00f3rym dysponuj\u0105 wychowankowie w rzekomo unikalnym obiekcie. Obraz jak z bajki.<\/p>\n\n\n\n<p>To jednak tylko jedna strona medalu. Zanim do plac\u00f3wki trafia pe\u0142na grupa dzieci, w budynku rodzinnego domu dziecka pojawiaj\u0105 si\u0119 funkcjonariusze CB\u015aP z broni\u0105 w r\u0119ku.<\/p>\n\n\n\n<p>\u2014 Nie przyje\u017cd\u017caj! Tu jest prawdziwa strzelanina. Biegaj\u0105 bandyci, chyba jest policja. Nie wiem, co si\u0119 dzieje! \u2014 krzyczy przez telefon Angelika w lipcu 2023 roku, zaledwie dwa dni po wprowadzeniu si\u0119 dzieci do nowego domu.<\/p>\n\n\n\n<ul class=\"wp-block-list\">\n<li>Okaza\u0142o, \u017ce syn w\u0142a\u015bcicieli z jakimi\u015b swoimi kolegami, mieli tu wcze\u015bniej poka\u017an\u0105 plantacj\u0119 marihuany, 250 krzak\u00f3w. Oczywi\u015bcie nie mieli\u015bmy o tym poj\u0119cia &#8211; wspomina Bartek.<\/li>\n<\/ul>\n\n\n\n<p>Od pocz\u0105tku by\u0142o za to jasne, \u017ce obiekt po by\u0142ym SPA, w kt\u00f3rym mie\u015bci si\u0119 \u201eCzarodziejski Port\u201d, nale\u017cy do rodzic\u00f3w Tobiasza Franczaka, prowadz\u0105cych w pobliskich Sk\u0142adowicach w\u0142asn\u0105 betoniarni\u0119 i dobrze znanych w ca\u0142ej okolicy. Roli, jak\u0105 Tobiasz odegra w \u017cyciu pa\u0144stwa Bielak\u00f3w, nikt jeszcze si\u0119 w\u00f3wczas nie domy\u015bla.<\/p>\n\n\n\n<p>Mimo pechowego pocz\u0105tku, plac\u00f3wka zaczyna dzia\u0142alno\u015b\u0107. Formalnie Bartosz jest prowadz\u0105cym, a Angelika zostaje zatrudniona jako opiekunka. Jednocze\u015bnie to ona zajmuje si\u0119 sprawami administracyjnymi i prowadzi finanse.<\/p>\n\n\n\n<p>Bartosz od rana do popo\u0142udnia pracuje w kopalni, a po 14 zajmuje si\u0119 opiek\u0105 nad dzie\u0107mi. Mi\u0119dzy ma\u0142\u017conkami stopniowo narasta jednak konflikt, kt\u00f3ry sk\u0142ania go do przejrzenia dokument\u00f3w ksi\u0119gowych plac\u00f3wki.<br>Czytaj wi\u0119cej: https:\/\/goniec.pl\/sledztwo-gonca-tajemnica-czarodziejskiego-portu-tak-w-polsce-wykorzystuje-sie-krzywde-dzieci-rg-jsch-280126<\/p>\n\n\n\n<p>Przez ciemno\u015b\u0107 przesz\u0142ych dni<br>Punktem zapalnym jest zatrwa\u017caj\u0105ce tempo przybywania nowych podopiecznych. Kieruj\u0105ca piecz\u0105 zast\u0119pcz\u0105 te\u015bciowa Bartka, ignoruj\u0105c wszelkie oficjalne limity, umieszcza w \u201eCzarodziejskim Porcie\u201d kolejne dzieci z interwencji, z likwidowanych dom\u00f3w dziecka i z innych o\u015brodk\u00f3w.<\/p>\n\n\n\n<p>Wkr\u00f3tce wychowank\u00f3w &nbsp;jest znacznie wi\u0119cej, ni\u017c pozwalaj\u0105 na to ustawowe limity. Na pocz\u0105tku 2025 roku pa\u0144stwo Bielak maj\u0105 u siebie pi\u0119tna\u015bcioro wychowank\u00f3w, do maja do\u0142\u0105cza kolejna czw\u00f3rka, w lipcu pi\u0105tka\u2026&nbsp;<\/p>\n\n\n\n<p>\u201eCumowanie\u201d kolejnych dzieci w \u201eCzarodziejskim Porcie\u201d przybiera na sile, a decyzje odpowiadaj\u0105cego za to Powiatowego Centrum Pomocy Rodzinie s\u0105 argumentowane brakiem miejsc w pieczy zast\u0119pczej oraz wysokimi kosztami utrzymania domu dziecka w budynku SPA.<\/p>\n\n\n\n<p>Z czasem Bartosz orientuje si\u0119, \u017ce nie kontroluje sytuacji i zaczyna protestowa\u0107. Jednocze\u015bnie nie jest w stanie osi\u0105gn\u0105\u0107 porozumienia ani ze swoj\u0105 &nbsp;\u017con\u0105, ani z te\u015bciow\u0105. Ma\u0142\u017ce\u0144stwo zaczyna si\u0119 rozpada\u0107, a ostatecznym ciosem staje si\u0119 ujawnienie romansu Angeliki ze wspomnianym wcze\u015bniej Tobiaszem \u2013 synem w\u0142a\u015bcicieli wynajmowanego obiektu.<\/p>\n\n\n\n<p>Ma\u0142\u017ce\u0144stwo rozwodzi si\u0119 z hukiem, co najwyra\u017aniej pomaga utrzyma\u0107 nieprawid\u0142owo\u015bci w \u201eCzarodziejskim Porcie\u201d w tajemnicy.<\/p>\n\n\n\n<p>Jeszcze w 2024 roku Bartek wsp\u00f3lnie z \u017con\u0105 promuje piecz\u0119 zast\u0119pcz\u0105 w lokalnych mediach. Kilka miesi\u0119cy p\u00f3\u017aniej, jak sam przyznaje, ma wra\u017cenie, jakby rzeczywisto\u015b\u0107 ca\u0142kowicie rozje\u017cd\u017ca\u0142a si\u0119 z publicznymi deklaracjami.<\/p>\n\n\n\n<p>Odpowiedzialno\u015bci\u0105 obarcza Angelik\u0119, kt\u00f3ra \u2014 jego zdaniem \u2014 nadu\u017cy\u0142a zaufania i od pocz\u0105tku prowadzi\u0142a rodzinny dom dziecka w spos\u00f3b przynosz\u0105cy korzy\u015bci przede wszystkim jej samej oraz jej najbli\u017cszemu otoczeniu.<\/p>\n\n\n\n<p>Dzi\u015b Angelika sprawuje piecz\u0119 zast\u0119pcz\u0105 nad dwudziestoma czterema wychowankami. Tym samym trzykrotnie przekracza ustawowy limit dzieci w rodzinnej plac\u00f3wce opieku\u0144czej. Zgodnie z obowi\u0105zuj\u0105cymi przepisami pobiera \u015bwiadczenia na utrzymanie dzieci, \u015bwiadczenia 800+, dodatki opieku\u0144cze oraz wynagrodzenie prowadz\u0105cej. \u0141\u0105cznie daje to oko\u0142o 75 tysi\u0119cy z\u0142otych miesi\u0119cznie.<\/p>\n\n\n\n<p>&nbsp;Dzi\u0119ki tym pieni\u0105dzom \u017cyje na wysokim poziomie, kupuje markowe ubrania, drogie perfumy, a \u015brodki zasilaj\u0105 r\u00f3wnie\u017c budow\u0119 nowego domu \u2014 twierdzi Bartek.<\/p>\n\n\n\n<p>Czytaj wi\u0119cej: https:\/\/goniec.pl\/sledztwo-gonca-tajemnica-czarodziejskiego-portu-tak-w-polsce-wykorzystuje-sie-krzywde-dzieci-rg-jsch-280126<\/p>\n\n\n\n<p>Nowobogacki styl \u017cycia, markowe dodatki i kosztowne zakupy pojawiaj\u0105 si\u0119 w relacjach niemal wszystkich rozm\u00f3wc\u00f3w, kt\u00f3rych pytam o Angelik\u0119. Wielu z nich podkre\u015bla, \u017ce przy braku innego \u017ar\u00f3d\u0142a dochodu trudno wyobrazi\u0107 sobie, by przeci\u0119tni prowadz\u0105cy rodzinne domy dziecka mogli pozwoli\u0107 sobie na podobny standard.<\/p>\n\n\n\n<p>Najwi\u0119ksze kontrowersje budzi jednak kwestia u\u017cytkowania budynku po dawnym SPA. Lokal jest przez ni\u0105 wykorzystywany nieodp\u0142atnie, co \u2014 wed\u0142ug rozm\u00f3wc\u00f3w \u2014 mo\u017cliwe by\u0142o dzi\u0119ki wsparciu matki Angeliki.<\/p>\n\n\n\n<p>Zgodnie z przepisami powiat mo\u017ce zapewni\u0107 lokal rodzinie zast\u0119pczej, je\u015bli ta nie dysponuje w\u0142asnym. Musi to by\u0107 jednak budynek mieszkalny, a nie u\u017cytkowy. W praktyce wi\u0119kszo\u015b\u0107 rodzin prowadzi jednak swoje plac\u00f3wki we w\u0142asnych domach.<\/p>\n\n\n\n<p>Z bud\u017cetu powiatu pokrywane by\u0142y r\u00f3wnie\u017c koszty medi\u00f3w \u2014 oko\u0142o sze\u015bciu tysi\u0119cy z\u0142otych miesi\u0119cznie. Z tej \u201edarmowej\u201d infrastruktury korzysta\u0142y nie tylko dzieci, ale r\u00f3wnie\u017c inne osoby mieszkaj\u0105ce w dawnym SPA, w tym znajomi Angeliki oraz jej nowy partner.<\/p>\n\n\n\n<p>Ustawodawca, powierzaj\u0105c rodzinom prowadzenie pieczy zast\u0119pczej w kameralnej formie, dopuszcza jednocze\u015bnie ograniczon\u0105 kontrol\u0119 wydatkowania \u015brodk\u00f3w publicznych. Pieni\u0105dze trafiaj\u0105 bezpo\u015brednio do prowadz\u0105cych, kt\u00f3rzy samodzielnie decyduj\u0105 o bie\u017c\u0105cych wydatkach, bez \u015bcis\u0142ej ewidencji bud\u017cetowej i procedur zam\u00f3wie\u0144 publicznych.<\/p>\n\n\n\n<p>Zdaniem Bartosza Bielaka ten mechanizm by\u0142 w \u201eCzarodziejskim Porcie\u201d wykorzystywany bez skrupu\u0142\u00f3w.<\/p>\n\n\n\n<p>Argument finansowy przemawia r\u00f3wnie\u017c na rzecz hospitalizacji dzieci z problemami zdrowotnymi lub psychicznymi. Koszty pobytu przejmuje NFZ, co nie przeszkadza w dalszym pobieraniu pe\u0142nych \u015bwiadcze\u0144 z PCPR i ZUS.<\/p>\n\n\n\n<p>To czysty zysk<\/p>\n\n\n\n<p>&nbsp;\u2014 s\u0142ysz\u0119 od moich rozm\u00f3wc\u00f3w.<br>&nbsp;<\/p>\n\n\n\n<p>Ogniu, krocz ze mn\u0105<br>Z czasem odkrywam co\u015b, co przera\u017ca najbardziej: metody wychowawcze stosowane w \u201eCzarodziejskim Porcie\u201d.<br>\u2014 Pami\u0119tajcie, niczego si\u0119 nie b\u00f3jcie. Niczego. Wam w\u0142os z g\u0142owy nie spadnie. Uwierzcie mi. \u017badne straszenie tutaj nic nie da \u2014 uspokaja\u0142 wychowank\u00f3w Bartosz Bielak podczas jednej z rozm\u00f3w, gdy sam nie mieszka\u0142 ju\u017c w plac\u00f3wce. Pyta\u0142 wprost, czy to \u201eciocia Angelika\u201d straszy dzieci.<\/p>\n\n\n\n<p>Rozmowa by\u0142a konsekwencj\u0105 narastaj\u0105cych sygna\u0142\u00f3w o przemocy psychicznej i fizycznej.<\/p>\n\n\n\n<p>\u2014 Psychiatrykiem \u2014 odpowiadali ch\u0142opcy. \u2014 Psychiatrykiem i o\u015brodkiem. Ci\u0105gle m\u00f3wi, \u017ce pojedziemy do o\u015brodka, do Sieniawki. Jak tylko co\u015b zrobimy \u017ale.<\/p>\n\n\n\n<p>Ju\u017c pod koniec 2024 roku pojawi\u0142y si\u0119 pierwsze informacje, \u017ce w plac\u00f3wce mog\u0142o dochodzi\u0107 do przemocy. Wed\u0142ug relacji Bartosza Bielaka dzieci w godzinach nocnych cz\u0119sto pozostawa\u0142y pod opiek\u0105 opiekunki, kt\u00f3ra w sytuacjach kryzysowych wzywa\u0142a swojego partnera.<\/p>\n\n\n\n<p>M\u0119\u017cczyzna \u2014 Sasza \u2014 mia\u0142 \u201erozwi\u0105zywa\u0107 problemy\u201d, stosuj\u0105c si\u0142\u0119: wykr\u0119ca\u0107 dzieciom r\u0119ce, dociska\u0107 je do \u015bciany, \u0142apa\u0107 za szyj\u0119 i przydusza\u0107.<\/p>\n\n\n\n<p>Zaniepokojony Bielak spotka\u0142 si\u0119 z wychowankami. W rozmowie potwierdzili oni wszystkie niepokoj\u0105ce sygna\u0142y. Okaza\u0142o si\u0119 r\u00f3wnie\u017c, \u017ce byli regularnie zastraszani.<\/p>\n\n\n\n<p>Powiedzia\u0142 nam, \u017ce jak b\u0119dziemy dalej g\u0142o\u015bno \u2014 a nie byli\u015bmy \u2014 to nam co\u015b zrobi. Pokazywa\u0142 zdj\u0119cia i nagrania, jak si\u0119 bije na boksie relacjonowa\u0142 jeden z m\u0142odszych ch\u0142opc\u00f3w.<\/p>\n\n\n\n<p>Bielak nagra\u0142 te rozmowy i przekaza\u0142 je policji. Relacje dzieci zosta\u0142y tak\u017ce opisane p\u00f3\u017aniej w raporcie dotycz\u0105cym funkcjonowania rodzinnego domu dziecka.<\/p>\n\n\n\n<p>W odpowiedzi Angelika odtworzy\u0142a dzieciom nagranie ich rozmowy z by\u0142ym m\u0119\u017cem. Robi\u0142a im wyrzuty, wzbudza\u0142a poczucie winy, wyzywa\u0142a od \u201eg\u0142upk\u00f3w\u201d i \u201edebili\u201d. Z relacji wynika, \u017ce dzia\u0142ania te pog\u0142\u0119bia\u0142y manipulacj\u0119 i budowa\u0142y w dzieciach niech\u0119\u0107 wobec Bartka.<\/p>\n\n\n\n<p>-Ciocia powiedzia\u0142a, \u017ce nie chce ju\u017c sprawowa\u0107 nad nami opieki prawnej i \u017ce mamy st\u0105d odej\u015b\u0107 \u2014 relacjonowa\u0142a jedna z wychowanek. \u2014 M\u00f3wili, \u017ce nie zas\u0142ugujemy na taki dom i \u017ce zdecyduj\u0105, gdzie nas dadz\u0105. Tak, jakby chcieli nas nastraszy\u0107.<\/p>\n\n\n\n<p>Dziewczynka kontaktuje si\u0119 z Bartkiem w tajemnicy, bo \u201eciocia\u201d bardzo nieprzychylnie patrzy na kontakty by\u0142ego m\u0119\u017ca z wychowankami. Na tyle niekomfortowo czuje si\u0119 wiedz\u0105c, \u017ce dzieci nadal maj\u0105 w Bartku powiernika, \u017ce postanawia z\u0142o\u017cy\u0107 do organ\u00f3w \u015bcigania zawiadomienie przeciwko w\u0142asnej wychowance, oskar\u017caj\u0105c j\u0105 o\u2026 stalking.&nbsp;<br>Bartek ze zdumieniem odkrywa, \u017ce to nie pierwszy taki pomys\u0142 by\u0142ej \u017cony. Podczas kt\u00f3rego\u015b ze spotka\u0144, wraz z koordynatork\u0105 przekonuj\u0105 go, \u017ce zg\u0142aszanie 12-latk\u00f3w na policj\u0119 ma spore walory wychowawcze i stanowi cenn\u0105 lekcj\u0119\u2026<\/p>\n\n\n\n<p>Zdesperowany Bartosz Bielak 21 marca 2025 roku zg\u0142asza spraw\u0119 do organu nadzoruj\u0105cego \u2013 Starostwa Powiatowego w Lubinie, kt\u00f3re od marca do maja 2025 zarz\u0105dza kontrol\u0119 dora\u017an\u0105 w \u201eCzarodziejskim Porcie\u201d.<\/p>\n\n\n\n<p>Przez kolejne dwa miesi\u0105ce dokumenty zawieraj\u0105ce wnioski pokontrolne s\u0105 strze\u017cone.<\/p>\n\n\n\n<p>Bartosz szybko przekonuje si\u0119, \u017ce wypowiedzenie wojny lokalnemu uk\u0142adowi \u2014 kt\u00f3rego symbolem by\u0142a jego by\u0142a te\u015bciowa, znana w mie\u015bcie jako \u201eBarbie\u201d \u2014 poci\u0105ga za sob\u0105 dotkliwe konsekwencje.<\/p>\n\n\n\n<p>Mimo stara\u0144 o stworzenie odr\u0119bnej plac\u00f3wki dla dzieci, otrzymuje negatywn\u0105 opini\u0119 i na wiele sposob\u00f3w to jego usi\u0142uje si\u0119 obarczy\u0107 problemami \u201eCzarodziejskiego Portu\u201d.&nbsp;<\/p>\n\n\n\n<p>Jednooki Jacks<br>Moi rozm\u00f3wcy sugeruj\u0105, \u017ce to Alina Tarczy\u0144ska \u2014 prywatnie matka Angeliki \u2014 mog\u0142a by\u0107 faktyczn\u0105 matk\u0105 chrzestn\u0105 finansowego sukcesu \u201eCzarodziejskiego Portu\u201d. To ona doskonale orientowa\u0142a si\u0119 w przepisach prawa i potrafi\u0142a dostrzec wszelkie \u2014 mniej lub bardziej legalne \u2014 mo\u017cliwo\u015bci pozyskiwania publicznych pieni\u0119dzy.<\/p>\n\n\n\n<p>Mimo \u017ce ch\u0119tnych do prowadzenia rodzinnych dom\u00f3w dziecka wci\u0105\u017c brakuje, Barbie zdaje si\u0119 rozumie\u0107, \u017ce znaj\u0105c odpowiednie \u201esztuczki\u201d, mo\u017cna dorobi\u0107 si\u0119 fortuny kosztem dzieci.<\/p>\n\n\n\n<p>Po\u015bwi\u0119cam wi\u0119cej czasu, by zrozumie\u0107 jej fenomen i pozycj\u0119 w Lubinie.<\/p>\n\n\n\n<p>Za losy dzieci w trudnych sytuacjach odpowiada od blisko 20 lat. Przetrwa\u0142a kilka pr\u00f3b usuni\u0119cia jej ze stanowiska w zwi\u0105zku z nieprawid\u0142owo\u015bciami, jakich si\u0119 dopuszczano w podleg\u0142ych jej instytucjach. &nbsp;<\/p>\n\n\n\n<p>Cho\u0107 w\u015br\u00f3d podw\u0142adnych mia\u0142a opini\u0119 osoby wybuchowej, potrafi\u0142a sprawnie porusza\u0107 si\u0119 w \u015bwiecie lokalnych zale\u017cno\u015bci. Gdyby nie silna protekcja, mog\u0142a straci\u0107 stanowisko co najmniej kilka razy. Dysponuj\u0105c rozleg\u0142ymi kontaktami w \u015brodowisku lokalnych policjant\u00f3w, prokurator\u00f3w i polityk\u00f3w, od lat prowadzi\u0142a w starostwie w\u0142asn\u0105 polityk\u0119. Zawsze mog\u0142a liczy\u0107 na szczeg\u00f3lne traktowanie, co rozm\u00f3wcy wi\u0105\u017c\u0105 z jej relacjami z otoczeniem Roberta Raczy\u0144skiego, prezydenta miasta.<\/p>\n\n\n\n<p>Nie zaszkodzi\u0142y jej tak\u017ce polityczne zawieruchy, gdy cz\u0119\u015b\u0107 radnych pr\u00f3bowa\u0142a doprowadzi\u0107 do jej odwo\u0142ania, gro\u017c\u0105c rozpadem koalicji. W jej obronie otwarcie stawa\u0142 jeden z lokalnych polityk\u00f3w, robi\u0105cy karier\u0119 w dyplomacji, a ludzie Raczy\u0144skiego w radzie powiatu pilnowali, by osoby wchodz\u0105ce z ni\u0105 w konflikt traci\u0142y prac\u0119. Ci, kt\u00f3rzy wykonywali polecenia bez sprzeciwu, mogli liczy\u0107 na nagrody. Ci, kt\u00f3rzy si\u0119 buntowali \u2014 mieli powa\u017cne k\u0142opoty.<\/p>\n\n\n\n<p>Ten \u201eekosystem Raczy\u0144skiego\u201d nie stworzy\u0142 si\u0119 sam. W przypadku PCPR jego centrum stanowi\u0142a w\u0142a\u015bnie Alina Tarczy\u0144ska, ale za ni\u0105 stali jeszcze mocniejsi gracze. Ludzie ju\u017c dawno uznali, \u017ce nic si\u0119 nie da z tym zrobi\u0107 i nawet nie pr\u00f3buj\u0105 m\u00f3wi\u0107 o tym g\u0142o\u015bno&nbsp;<\/p>\n\n\n\n<p>\u2013 z \u017calem m\u00f3wi\u0105 mi mieszka\u0144cy.<\/p>\n\n\n\n<p>Mam poczucie, \u017ce w Lubinie pod pozornie sielankowym obrazem systemu opieki i pomocy rodzinom kryj\u0105 si\u0119 tajemnice oraz dramaty dzieci, kt\u00f3re cz\u0119sto nie maj\u0105 komu opowiedzie\u0107 o swojej sytuacji i ucz\u0105 si\u0119 pos\u0142usze\u0144stwa zamiast bezpiecze\u0144stwa.<\/p>\n\n\n\n<p>Przez d\u0142ugi czas nic nie wskazywa\u0142o na to, \u017ce pozycja Aliny Tarczy\u0144skiej mo\u017ce by\u0107 zagro\u017cona. Legendy o jej \u017cyciorysie i kulisach kariery powtarzali mi kolejni rozm\u00f3wcy. Jedno jest pewne: mieszkaj\u0105ca w Osieku w domu jednorodzinnym z m\u0119\u017cem, lokalnym przedsi\u0119biorc\u0105 z bran\u017cy pomocy drogowej, wydawa\u0142a si\u0119 ca\u0142kowicie niezatapialna. Do czasu.<\/p>\n\n\n\n<p>Jej odej\u015bcie zbieg\u0142o si\u0119 z publikacj\u0105 nagrania przygotowanego przez lokaln\u0105 aktywistk\u0119 Monik\u0119 Erkens, 16 pa\u017adziernika 2025 roku w ramach inicjatywy Studio Kiosk. W tym czasie sam przygotowywa\u0142em ju\u017c ten reporta\u017c.<\/p>\n\n\n\n<p>Pani Monika, zaciekawiona misj\u0105, kt\u00f3r\u0105 od kilku miesi\u0119cy prowadzi\u0142em w Lubinie, zaprosi\u0142a mnie na rozmow\u0119. To w\u00f3wczas po raz pierwszy publicznie opowiedzia\u0142em o tym, \u017ce w \u015bledztwach prowadzonych w sprawach lokalnych lubi\u0144skich radnych, pojawiaj\u0105 si\u0119 tropy dzia\u0142a\u0144 szajki pedofil\u00f3w.<\/p>\n\n\n\n<p>Z\u0142o czai si\u0119 czasami i w pe\u0142nym s\u0142o\u0144cu funkcjonuje latami. Niezrozumia\u0142e s\u0105 dla mnie r\u00f3\u017cne historie, kt\u00f3re dotyczy\u0142y zmian i przenoszenia r\u00f3\u017cnych dzieci z RDD &#8211; opowiada\u0142em. &#8211; Tu &nbsp;dochodzimy do mitycznych na razie, ale moim zdaniem bardzo istotnych i nie przeanalizowanych wci\u0105\u017c jeszcze nale\u017cycie przez organa \u015bcigania, rzekomych stenogram\u00f3w Andrzeja Pude\u0142ki i prezydenta Roberta Raczy\u0144skiego (\u2026) Nie umiem w \u017caden spos\u00f3b zrozumie\u0107 jak to jest mo\u017cliwe, \u017ce nikt nie zaj\u0105\u0142 si\u0119 powa\u017cnie tropami, kt\u00f3re mo\u017cna tam znale\u017a\u0107&nbsp;<\/p>\n\n\n\n<p>\u2013 us\u0142yszeli w\u00f3wczas ode mnie mieszka\u0144cy.<\/p>\n\n\n\n<p>Chodzi\u0142o o spraw\u0119, kt\u00f3ra od lat kr\u0105\u017cy nad miastem: rzekom\u0105 inwigilacj\u0119 prezydenta Lubina i stenogramy &#8211; prawdziwe b\u0105d\u017a nie &#8211; rozm\u00f3w mog\u0105ce obci\u0105\u017ca\u0107 jego otoczenie. A przede wszystkim przewijaj\u0105ce si\u0119 tam w\u0105tki wskazuj\u0105ce na przest\u0119pstwa seksualne wobec dzieci.<\/p>\n\n\n\n<p>Rozmowa w Kiosku wywo\u0142a\u0142a poruszenie w\u015br\u00f3d mieszka\u0144c\u00f3w. Zacz\u0105\u0142em otrzymywa\u0107 sygna\u0142y, pro\u015bby o kontakt i informacje o kolejnych patologiach lokalnego uk\u0142adu. W tym samym tygodniu og\u0142oszono, \u017ce Alina Tarczy\u0144ska po niemal dwudziestu latach odchodzi ze stanowiska.<\/p>\n\n\n\n<p>To dzieje si\u0119 znowu<br>Badaj\u0105c uk\u0142ad lubi\u0144ski, odkry\u0142em, \u017ce temat krzywdzenia dzieci ma tu d\u0142ug\u0105, niechlubn\u0105 tradycj\u0119.<\/p>\n\n\n\n<p>Ju\u017c w 2012 roku g\u0142o\u015bno by\u0142o o \u201eotrz\u0119sinach\u201d w salezja\u0144skim gimnazjum, podczas kt\u00f3rych dzieci zlizywa\u0142y bit\u0105 \u015bmietan\u0119 z kolan wychowawc\u00f3w.<\/p>\n\n\n\n<p>Dziesi\u0119\u0107 lat p\u00f3\u017aniej \u00f3wczesny dyrektor szko\u0142y zosta\u0142 skazany za posiadanie pornografii dzieci\u0119cej. Sama plac\u00f3wka unikn\u0119\u0142a jednak systemowych kontroli.<\/p>\n\n\n\n<p>Ten sam rok przyni\u00f3s\u0142 dramatyczny list wychowank\u00f3w domu dziecka w \u015acinawie. Plac\u00f3wk\u0119 zamkni\u0119to, dzieci rozdzielono, a \u015bledztwo umorzono. Nikt nie poni\u00f3s\u0142 konsekwencji.<\/p>\n\n\n\n<p>W kwietniu 2013 umorzono \u015bledztwo ws. przekroczenia uprawnie\u0144 przez nadzoruj\u0105cych dom dziecka uznaj\u0105c, \u017ce do przest\u0119pstwa nie dosz\u0142o. Co naprawd\u0119 dzia\u0142o si\u0119 w domu dziecka nikt nie pr\u00f3bowa\u0142 docieka\u0107, ale nawet po 12 latach echa cierpie\u0144 dzieci relacjonowanych poczt\u0105 pantoflow\u0105 przypominaj\u0105 sobie nasi informatorzy ze \u015acinawy i Lubina.<\/p>\n\n\n\n<p>Od tamtej pory w lokalnych mediach, portalach spo\u0142eczno\u015bciowych i cichych rozmowach mieszka\u0144c\u00f3w pojawiaj\u0105 si\u0119 kolejne w\u0105tki, dotycz\u0105ce trudnego losu dzieci w pieczy zast\u0119pczej.<\/p>\n\n\n\n<p>Prokuratura Okr\u0119gowa w Legnicy od 2024 roku prowadzi post\u0119powania dotycz\u0105ce przemocy, starostwo powiatowe nadzoruj\u0105ce piecz\u0119 zast\u0119pcz\u0105, rozwi\u0105zuje interwencyjnie cztery plac\u00f3wki w skali roku, do mieszka\u0144c\u00f3w poczt\u0105 pantoflow\u0105 przenikaj\u0105 informacje o zn\u0119caniu si\u0119 nad dzie\u0107mi oraz podejrzeniu wykorzystywania seksualnego.<\/p>\n\n\n\n<p>Wychowankowie cz\u0119sto zmieniaj\u0105 plac\u00f3wki, opiekunowie z dnia na dzie\u0144 rezygnuj\u0105 z pracy, narasta nastr\u00f3j niech\u0119ci wobec prowadz\u0105cych po ujawnianych skandalach i maleje liczba ch\u0119tnych do podj\u0119cia si\u0119 opieki.<\/p>\n\n\n\n<p>Kto zabi\u0142 Laur\u0119 Palmer?<br>Przys\u0142uchuj\u0119 si\u0119 nagraniom obrad Komisji Skarg, Wniosk\u00f3w i Petycji Rady Gminy Lubin z 19 sierpnia 2024 roku.<\/p>\n\n\n\n<p>\u2013 W rodzinnych domach dziecka \u017ale si\u0119 dzieje \u2013 przyznaje wieloletnia przewodnicz\u0105ca Rady Powiatu Jadwiga Musia\u0142, komentuj\u0105c interwencyjne zamykanie plac\u00f3wek pieczy zast\u0119pczej. \u2013 To ju\u017c czwarty zamkni\u0119ty rodzinny dom dziecka w skali roku.<\/p>\n\n\n\n<p>W jej ocenie PCPR powinien wr\u0119cz by\u0107 dumny ze swoich dzia\u0142a\u0144, bo do interwencji dosz\u0142o \u201ewskutek solidniejszych kontroli i bardziej rzetelnego podej\u015bcia do obowi\u0105zk\u00f3w\u201d, kt\u00f3re \u2013 jak podkre\u015bla \u2013 wdro\u017cono pod koniec 2023 roku.<\/p>\n\n\n\n<p>\u2013 Szczeg\u00f3\u0142ami zajmuje si\u0119 policja i prokuratura. Wiem, bo chodz\u0119 na przes\u0142uchania. To d\u0142uga historia, prosz\u0119 mi wierzy\u0107\u2026 \u2013 m\u00f3wi pani Jadwiga, postrzegana w mie\u015bcie jako nieformalna nadzorczyni spraw dotycz\u0105cych dzieci z tzw. rodzin patologicznych.<\/p>\n\n\n\n<p>Po chwili dodaje:<br>\u2013 Nie b\u0119d\u0119 wchodzi\u0142a w szczeg\u00f3\u0142y, ale nie chcieliby pa\u0144stwo wiedzie\u0107, jakie s\u0105 dalsze konsekwencje tego wszystkiego, co si\u0119 tam dzia\u0142o. By\u0107 mo\u017ce kiedy\u015b to ujrzy \u015bwiat\u0142o dzienne. To nie jest czas ani pora.<\/p>\n\n\n\n<p>By\u0107 mo\u017ce pani Jadwiga nie zdaje sobie sprawy, \u017ce t\u0105 wypowiedzi\u0105 znacz\u0105co przyspieszy\u0142a tempo naszego \u015bledztwa. Nic bowiem nie mobilizuje dziennikarzy bardziej do wchodzenia w niewygodne szczeg\u00f3\u0142y ni\u017c pr\u00f3ba narzucenia narracji oraz wyznaczania \u201ew\u0142a\u015bciwego\u201d momentu ujawniania fakt\u00f3w.<\/p>\n\n\n\n<p>Po wyja\u015bnienia udajemy si\u0119 do przedszkola w Lubinie, kt\u00f3rym przewodnicz\u0105ca rady powiatu kieruje jako dyrektorka. Pytamy o okoliczno\u015bci zamkni\u0119cia Rodzinnego Domu Dziecka przy ul. S\u0142owackiego. Potwierdza, \u017ce by\u0142a w tej sprawie przes\u0142uchiwana, jednak odmawia podania szczeg\u00f3\u0142\u00f3w.<\/p>\n\n\n\n<p>\u2013 Jako radna i jako dyrektor przedszkola, do kt\u00f3rego ucz\u0119szcza\u0142y dzieci z tego rodzinnego domu dziecka, by\u0142am chyba dwukrotnie przes\u0142uchiwana przez policj\u0119 \u2013 potwierdza.<\/p>\n\n\n\n<p>\u2013 Jaki by\u0142 dalszy tok tych materia\u0142\u00f3w, to pana powinno zainteresowa\u0107. Bo prokuratura ju\u017c wiele razy umarza\u0142a\u2026 \u2013 ucieka od rozmowy i wraca do swoich obowi\u0105zk\u00f3w.<\/p>\n\n\n\n<p>Kilka tygodni p\u00f3\u017aniej, gdy pr\u00f3bujemy ponownie si\u0119 z ni\u0105 skontaktowa\u0107, odmawia dalszych rozm\u00f3w, t\u0142umacz\u0105c si\u0119 urlopem.<\/p>\n\n\n\n<p>Nieoficjalnie docieraj\u0105 do nas informacje o tym, co wydarzy\u0142o si\u0119 w RDD przy ul. S\u0142owackiego i co mia\u0142o zmusi\u0107 w\u0142adze powiatu do zamkni\u0119cia plac\u00f3wki. W grudniu 2023 roku nagle wezwano tam prowadz\u0105cych trzy inne rodzinne domy dziecka, kt\u00f3rzy \u2013 w asy\u015bcie psychologa \u2013 mieli przej\u0105\u0107 dzieci i rozlokowa\u0107 je w swoich plac\u00f3wkach.<\/p>\n\n\n\n<p>Z ul. S\u0142owackiego zabrano dziesi\u0119cioro dzieci.<\/p>\n\n\n\n<p>Pani Hannie, kt\u00f3ra przez trzy lata kierowa\u0142a plac\u00f3wk\u0105, zarzucono zn\u0119canie si\u0119 nad dzie\u0107mi. Gdy pytamy, kto i w jaki spos\u00f3b ujawni\u0142 torturowanie ma\u0142oletnich wychowank\u00f3w, s\u0142yszymy, \u017ce zawiadomienia do prokuratury wp\u0142yn\u0119\u0142y zar\u00f3wno z Dolno\u015bl\u0105skiego Centrum Zdrowia Psychicznego, jak i ze starostwa powiatowego.<\/p>\n\n\n\n<p>Po wielu tygodniach stara\u0144 udaje nam si\u0119 uzyska\u0107 informacje z akt sprawy. Jak informuje prokuratura:<\/p>\n\n\n\n<p>\u201eW dniu 26 czerwca 2025 roku skierowano akt oskar\u017cenia przeciwko Hannie W. Sprawa toczy si\u0119 przed S\u0105dem Rejonowym w Lubinie. By\u0142a prowadz\u0105ca zosta\u0142a oskar\u017cona o wielomiesi\u0119czne fizyczne i psychiczne zn\u0119canie si\u0119 nad wychowankami\u201d.<\/p>\n\n\n\n<p>O sprawie oficjalnie m\u00f3wi si\u0119 niewiele, jednak w\u015br\u00f3d rodzic\u00f3w zast\u0119pczych i urz\u0119dnik\u00f3w kr\u0105\u017cy informacja, \u017ce ju\u017c po zamkni\u0119ciu plac\u00f3wki, podczas sprz\u0105tania obiektu, w niewielkim pomieszczeniu pod schodami znaleziono strzykawki, zu\u017cyty aparat do kropl\u00f3wki oraz kaftan bezpiecze\u0144stwa. Wok\u00f3\u0142 tej historii wci\u0105\u017c pozostaje wiele niedom\u00f3wie\u0144.<\/p>\n\n\n\n<ul class=\"wp-block-list\">\n<li>Kaftan mia\u0142 wyci\u0119ty otw\u00f3r, przez kt\u00f3ry mo\u017cna by\u0142o podawa\u0107 kropl\u00f3wk\u0119, a na miejscu znaleziono te\u017c waciki z krwi\u0105 \u2013 m\u00f3wi nam jeden z informator\u00f3w, do kt\u00f3rych dotarli\u015bmy. Ale zastrzega, \u017ce o szczeg\u00f3\u0142ach nie mo\u017ce rozmawia\u0107 z uwagi na tajemnic\u0119 procesu, kt\u00f3ry w\u0142a\u015bnie rusza w lokalnym s\u0105dzie w Lubinie.<\/li>\n<\/ul>\n\n\n\n<p>Po zadaniu kolejnych pyta\u0144 r\u00f3wnie\u017c te informacje potwierdza prokuratura. W akcie oskar\u017cenia mowa jest o wielokrotnym kr\u0119powaniu dzieci, przywi\u0105zywaniu do kaloryfera, unieruchamianiu prze\u015bcierad\u0142ami i kaftanem bezpiecze\u0144stwa oraz podawaniu \u015brodk\u00f3w o dzia\u0142aniu uspokajaj\u0105cym i nasennym.<\/p>\n\n\n\n<p>Dalsza lektura akt ujawnia ca\u0142y katalog tortur fizycznych i psychicznych, jakim mia\u0142y by\u0107 poddawane dzieci. Nie ustalono, czy dochodzi\u0142o r\u00f3wnie\u017c do molestowania seksualnego, jednak rzecznik prokuratury potwierdza, \u017ce kaftan bezpiecze\u0144stwa zosta\u0142 zabezpieczony jako dow\u00f3d rzeczowy. Czworo dzieci bezpo\u015brednio po interwencji trafi\u0142o do pieczy zast\u0119pczej w Czer\u0144cu, sze\u015bcioro \u2013 do \u201eCzarodziejskiego Portu\u201d.<\/p>\n\n\n\n<p>To w\u0142a\u015bnie tam trafia\u0142y dzieci z licznych interwencji, zar\u00f3wno z dom\u00f3w rodzinnych, jak i innych form pieczy zast\u0119pczej. Niech\u0119tnie opowiada\u0142y o wcze\u015bniejszych do\u015bwiadczeniach, jednak zachowanie kilkorga z nich wskazywa\u0142o na mo\u017cliwe wykorzystywanie seksualne.<\/p>\n\n\n\n<p>W rozmowie z nami Angelika Bielak potwierdzi\u0142a jedynie przypadek jednego z trzech braci \u2013 siedmioletniego ch\u0142opca, kt\u00f3ry nacina\u0142 na sobie ubrania w okolicach intymnych. Nie ujawni\u0142a jednak tego, co jeszcze kilka miesi\u0119cy wcze\u015bniej relacjonowa\u0142a kontrolerom wizytuj\u0105cym plac\u00f3wk\u0119. Chodzi\u0142o o niepokoj\u0105ce praktyki tolerowane w poprzedniej rodzinie zast\u0119pczej.<\/p>\n\n\n\n<p>\u2013 Do jednego z tych ch\u0142opc\u00f3w przychodzi\u0142 starszy m\u0119\u017cczyzna i zabiera\u0142 go na noc \u2013 relacjonowa\u0142a Angelika w rozmowach z przedstawicielami starostwa, jednocze\u015bnie zapewniaj\u0105c, \u017ce w \u201eCzarodziejskim Porcie\u201d uznano to za absolutnie niedopuszczalne. Czy jakiekolwiek s\u0142u\u017cby zbada\u0142y ten w\u0105tek? Tego wci\u0105\u017c nie uda\u0142o nam si\u0119 potwierdzi\u0107.<\/p>\n\n\n\n<p>Po d\u0142ugim czasie, licznych wyjazdach i wielu godzinach rozm\u00f3w zaczynam stopniowo zdobywa\u0107 zaufanie kolejnych mieszka\u0144c\u00f3w. Ostro\u017cnie badaj\u0105 grunt, ale coraz cz\u0119\u015bciej decyduj\u0105 si\u0119 m\u00f3wi\u0107 o tym, co wiedz\u0105 na temat sytuacji dzieci i rodzin zast\u0119pczych w Lubinie. Im d\u0142u\u017cej rozmawiamy, tym mniej jednoznaczne okazuj\u0105 si\u0119 poszczeg\u00f3lne historie.<\/p>\n\n\n\n<p>W mojej g\u0142owie coraz wyra\u017aniej rysuje si\u0119 obraz zastraszonej i zmanipulowanej spo\u0142eczno\u015bci. Ludzie nie ufaj\u0105 sobie nawzajem, bezwiednie powielaj\u0105 starannie przygotowane narracje. Widz\u0119 najwi\u0119ksz\u0105 chorob\u0119 tego miasta: sie\u0107 zale\u017cno\u015bci, w kt\u00f3r\u0105 si\u0119 wchodzi, a kt\u00f3ra raz na zawsze odbiera wolno\u015b\u0107.<\/p>\n\n\n\n<p>W szczerej rozmowie pytam Bartka, czy si\u0119 boi, czy nie czuje si\u0119 zaszczuty. Przyznaje, \u017ce najbardziej martwi si\u0119 o \u017cycie swojej matki. Jednocze\u015bnie m\u00f3wi o tym ze zdumiewaj\u0105cym spokojem.<\/p>\n\n\n\n<p>Jest taki pr\u00f3g b\u00f3lu, pr\u00f3g stresu. Jak kogo\u015b bij\u0105, to do pewnego momentu krzyczy, \u017ce boli, a potem przestaje czu\u0107. Receptory si\u0119 niszcz\u0105. Leje si\u0119 cz\u0142owieka, a on ju\u017c nic nie czuje. I tak si\u0119 go zabija. U mnie jest podobnie. Ten pr\u00f3g dawno przekroczy\u0142em. Zoboj\u0119tnia\u0142em na wiele rzeczy.<\/p>\n\n\n\n<p>Witamy w Twin Peaks<br>Lubin i okolice to miejsce, w kt\u00f3rych problemy za\u0142atwia si\u0119 po cichu, unikaj\u0105c rozg\u0142osu i rozliczania winnych. Lokalne media nie maj\u0105 si\u0142 i \u015brodk\u00f3w, aby prowadzi\u0107 dziennikarskie \u015bledztwa, a politycy z komitetu Roberta Raczy\u0144skiego tkaj\u0105 coraz wi\u0119ksz\u0105 paj\u0119czyn\u0119 zale\u017cno\u015bci.<\/p>\n\n\n\n<p>Dziennikarze oszcz\u0119dnie relacjonuj\u0105 skandaliczne nadu\u017cycia w rodzinnych domach dziecka. Nikt nie porusza sprawy rozwi\u0105zania kolejnej plac\u00f3wki prowadzonej od 13 lat przez ma\u0142\u017ce\u0144stwo nauczycieli, kt\u00f3re jeszcze dwa lata wcze\u015bniej by\u0142o wzorem w kampanii promuj\u0105cej piecz\u0119 zast\u0119pcz\u0105, obj\u0119tej patronatem KGHM.<\/p>\n\n\n\n<p>Patronuj\u0105cy samorz\u0105dowcom Robert Raczy\u0144ski stara si\u0119 nie udziela\u0107 w tematach dzieci i m\u0142odzie\u017cy. Ostatecznie wszelkie skandale i tak umieraj\u0105 \u015bmierci\u0105 naturaln\u0105.<\/p>\n\n\n\n<p>Bartek m\u00f3wi, \u017ce ma poczucie spe\u0142nionego obowi\u0105zku po zapoznaniu si\u0119 z wynikami kontroli \u201eCzarodziejskiego Portu\u201d, wszcz\u0119tej z jego inicjatywy.<\/p>\n\n\n\n<p>Ocena kontroler\u00f3w jest jednoznaczna. W obszernym protokole potwierdzono wszystkie zg\u0142aszane przez niego nieprawid\u0142owo\u015bci, a dodatkowo ujawniono kolejne. Urz\u0119dnicy stwierdzili, \u017ce budynek nie posiada statusu lokalu mieszkalnego, a na wielu etapach zawierania umowy ze starostwem dochodzi\u0142o do celowego wprowadzania w b\u0142\u0105d.<\/p>\n\n\n\n<p>\u201ePCPR nie zbada\u0142 rzetelnie wszystkich okoliczno\u015bci zwi\u0105zanych z wnioskiem pa\u0144stwa Bielak o utworzenie RDD\u201d &#8211; czytamy w protokole.<\/p>\n\n\n\n<p>\u201eDyrektor PCPR przekaza\u0142 nieprawdziwe informacje staro\u015bcie oraz PCPR w Lubinie potwierdzaj\u0105ce, i\u017c pa\u0144stwo And\u017celika Tarczy\u0144ska-Bielak i Bartosz Bielak b\u0119d\u0105 prowadzi\u0107 RDD w wynaj\u0119tym pi\u0119trowym mieszkaniu (\u2026) Pomieszczenia znajduj\u0105 si\u0119 w wynajmowanej cz\u0119\u015bci budynku Unikatonia SPA, kt\u00f3re nie posiadaj\u0105 statusu lokalu mieszkalnego w rozumieniu przepis\u00f3w prawa budowlanego. Ustalono, \u017ce proces decyzyjny by\u0142 niekompletny oraz oparty na niepe\u0142nych informacjach\u201d.<\/p>\n\n\n\n<p>Podczas ogl\u0119dzin budynku przedstawiciele PCPR musieli wykaza\u0107 si\u0119 daleko id\u0105c\u0105 nieuwa\u017cno\u015bci\u0105, skoro nie dostrzegli r\u00f3wnie\u017c licznych zagro\u017ce\u0144 dla bezpiecze\u0144stwa dzieci. Przeoczyli m.in. powa\u017cnie uszkodzony drewniany taras z po\u0142amanymi deskami i wystaj\u0105cymi gwo\u017adziami, betonowy basen wype\u0142niony wod\u0105 \u2013 b\u0119d\u0105cy elementem \u015bciennej fontanny \u2013 schody pozbawione barierek, a tak\u017ce niezabezpieczone puszki elektryczne z wystaj\u0105cymi przewodami.<\/p>\n\n\n\n<p>Pytana przez nas o wyniki kontroli Angelika pr\u00f3buje o\u015bmieszy\u0107 kontroler\u00f3w i zbagatelizowa\u0107 zar\u00f3wno wnioski zawarte w protokole, jak i zalecenia do wdro\u017cenia.<\/p>\n\n\n\n<p>\u2013 Ja niczego nie wdro\u017cy\u0142am, bo si\u0119 z tym nie zgodzi\u0142am \u2013 przyznaje szczerze. \u2013 Nie mia\u0142am co wdra\u017ca\u0107. Mamy na przyk\u0142ad schody, a oni napisali, \u017ce nie ma naklejek \u017c\u00f3\u0142to-czarnych. Zgodzi\u0142by si\u0119 pan z czym\u015b takim?<\/p>\n\n\n\n<p>Najpowa\u017cniejszym zarzutem, kt\u00f3ry wprost podwa\u017ca rodzinny charakter pieczy sprawowanej w \u201eCzarodziejskim Porcie\u201d, pozostaje jednak liczba dzieci przebywaj\u0105cych w plac\u00f3wce \u2013 trzykrotnie przekraczaj\u0105ca ustawowe maksimum \u2013 a tak\u017ce potwierdzone w trakcie kontroli relacje wychowank\u00f3w dotycz\u0105ce przemocy wobec dzieci.<\/p>\n\n\n\n<p>Audytorzy jednoznacznie wskazali, \u017ce \u017cadne okoliczno\u015bci, nawet dramatyczny niedob\u00f3r rodzin zast\u0119pczych, nie zwalniaj\u0105 z obowi\u0105zku przestrzegania prawa.<\/p>\n\n\n\n<p>Istotne uwagi pojawiaj\u0105 si\u0119 r\u00f3wnie\u017c w wyst\u0105pieniu pokontrolnym starostwa, stanowi\u0105cym odpowied\u017a na skarg\u0119 Angeliki dotycz\u0105c\u0105 sposobu przeprowadzenia kontroli w RDD. Sami urz\u0119dnicy zwracaj\u0105 uwag\u0119 na wzajemnie sprzeczne deklaracje prowadz\u0105cej plac\u00f3wk\u0119, poddaj\u0105c w w\u0105tpliwo\u015b\u0107 jej intencje i motywacj\u0119.<\/p>\n\n\n\n<p>\u201eDeklaracja o gotowo\u015bci przekazania dzieci do innych form pieczy zast\u0119pczej wydaje si\u0119 by\u0107 sprzeczna z wcze\u015bniejszymi twierdzeniami o silnych wi\u0119ziach, rodzinnej atmosferze i zapewnieniu najlepszych warunk\u00f3w opieki. Rodzi to w\u0105tpliwo\u015bci co do jednoznaczno\u015bci stanowiska pani Angeliki\u201d &nbsp;<\/p>\n\n\n\n<p>Mam wra\u017cenie, \u017ce gdyby Bartosz Bielak nie postawi\u0142 wszystkiego na jedn\u0105 kart\u0119 i nie poinformowa\u0142 oficjalnie wszystkich mo\u017cliwych instytucji o nieprawid\u0142owo\u015bciach zg\u0142aszanych przez dzieci, sprawa prawdopodobnie albo nie zainteresowa\u0142aby nikogo, albo w og\u00f3le nie ujrza\u0142aby \u015bwiat\u0142a dziennego. W praktyce bowiem skargi sk\u0142adane przez dzieci \u2013 lub w ich imieniu przez opiekun\u00f3w i rodzic\u00f3w \u2013 w Lubinie cz\u0119\u015bciej przynosz\u0105 problemy sk\u0142adaj\u0105cym ni\u017c realn\u0105 ochron\u0119 najm\u0142odszych.<\/p>\n\n\n\n<p>Diane\u2026<br>W maju 2025 roku Komisja Skarg, Wniosk\u00f3w i Petycji Rady Gminy rozpatruje skarg\u0119 na dzia\u0142ania urz\u0119dnik\u00f3w PCPR. Z\u0142o\u017cy\u0142a j\u0105 pani Kornelia \u2014 matka dw\u00f3jki dzieci odebranych jej decyzj\u0105 s\u0105du rodzinnego z powodu zaniedba\u0144 rodzicielskich i umieszczonych w pieczy zast\u0119pczej.<\/p>\n\n\n\n<p>Tre\u015b\u0107 zarzut\u00f3w pozostaje niejawna, podobnie jak nagrania do\u0142\u0105czone do skargi. Pow\u00f3d jest prosty: samorz\u0105dowcy uznaj\u0105, \u017ce skoro kobieta zawiod\u0142a jako rodzic, nie ma prawa kwestionowa\u0107 dzia\u0142a\u0144 instytucji. Wprost sugeruj\u0105 te\u017c, \u017ce sk\u0142adanie takich skarg mo\u017ce przynie\u015b\u0107 jej wi\u0119cej szkody ni\u017c po\u017cytku.<\/p>\n\n\n\n<p>\u2013 Czy pani skar\u017cy nasz\u0105 plac\u00f3wk\u0119, kt\u00f3ra wykona\u0142a wyrok s\u0105du i robi wszystko, by dziecko by\u0142o zdrowe, bezpieczne i mia\u0142o namiastk\u0119 dzieci\u0144stwa? Przecie\u017c bez powodu tych dzieci pani nie odebrano \u2013 m\u00f3wi przewodnicz\u0105cy komisji Gracjan Berkowski, radny PiS, zawodowo zwi\u0105zany z g\u00f3rnictwem. \u2013 Zamiast pisa\u0107 skargi, powinna pani wsp\u00f3\u0142pracowa\u0107 z t\u0105 instytucj\u0105.<\/p>\n\n\n\n<p>Ton rozmowy wzmacnia kolejna radna \u2014 Anna S\u0142owikowska z komitetu Roberta Raczy\u0144skiego \u201eDumni z Lubina\u201d, kt\u00f3ra wielokrotnie podkre\u015bla swoje do\u015bwiadczenie pedagogiczne.<\/p>\n\n\n\n<p>\u2013 Czy pani wie, \u017ce pani zaniedbania r\u00f3wnie\u017c podlegaj\u0105 karze? \u017be s\u0105d mo\u017ce pani\u0105 ukara\u0107 za to, co spotka\u0142o te dzieci? \u2013 m\u00f3wi. \u2013 S\u0105d zobaczy, \u017ce robi pani wszystko, by dzieci mia\u0142y \u017ale, i poniesie pani konsekwencje za nara\u017canie ich zdrowia i \u017cycia. Ca\u0142kowicie nie zgadzam si\u0119 na te pani skargi.<\/p>\n\n\n\n<p>Przewodnicz\u0105cy komisji proponuje jednak rozwi\u0105zanie.<\/p>\n\n\n\n<p>\u2013 Wyci\u0105gam do pani pomocn\u0105 d\u0142o\u0144 \u2013 oznajmia. \u2013 Je\u015bli wycofa pani skargi, uznamy, \u017ce sprawy po prostu nie by\u0142o i \u017cadne zagro\u017cenia nie b\u0119d\u0105 pani dotyczy\u0142y.<\/p>\n\n\n\n<p>Pani Kornelia opuszcza posiedzenie. Berkowski, kt\u00f3ry wcze\u015bniej otwarcie deklarowa\u0142, \u017ce nie chce zajmowa\u0107 si\u0119 t\u0105 spraw\u0105, na kolejnych obradach z ulg\u0105 przyjmuje informacj\u0119, \u017ce biologiczna matka nie dope\u0142ni\u0142a formalno\u015bci. Skarga zostaje uznana za niezasadn\u0105.<\/p>\n\n\n\n<p>W Czerwonym Pokoju<br>Nawet gdy Barbie nie pojawia si\u0119 na sesjach, ma swoj\u0105 sta\u0142\u0105 obro\u0144czyni\u0119. To Jadwiga Musia\u0142 \u2014 przewodnicz\u0105ca Rady Powiatu i dyrektorka Przedszkola nr 10 w Lubinie. Nie szcz\u0119dzi pochwa\u0142 pod adresem dyrektorki PCPR, dodaj\u0105c, \u017ce najwi\u0119kszym problemem s\u0105 ci, kt\u00f3rzy \u201eprzeszkadzaj\u0105 w pracy\u201d i \u201ewsz\u0119dzie pisz\u0105 skargi\u201d.<\/p>\n\n\n\n<p>\u2013 Pozw\u00f3lmy instytucjom dzia\u0142a\u0107 w granicach ich kompetencji, bo ka\u017cde takie dzia\u0142anie os\u0142abia zaanga\u017cowanie s\u0142u\u017cb \u2013 m\u00f3wi. \u2013 Gdy wszyscy pisz\u0105 skargi jeden na drugiego, do wojewody czy do rzecznik\u00f3w, rodzi si\u0119 poczucie bezkarno\u015bci. Ja si\u0119 nie boj\u0119, bo zawsze jestem szczera i prawdziwa.<\/p>\n\n\n\n<p>Starosta Pawe\u0142 Kleszcz, kolejny reprezentant komitetu Roberta Raczy\u0144skiego \u201eDumni z Lubina\u201d, pozostaje nieosi\u0105galny. Czasu na rozmow\u0119 ze mn\u0105 nie znajduje nikt w PCPR. Policja w sprawach dotycz\u0105cych spor\u00f3w wok\u00f3\u0142 RDD zas\u0142ania si\u0119 przepisami, a prokuratura w Legnicy sprawia wra\u017cenie instytucji zagubionej w licznych post\u0119powaniach, ci\u0105gn\u0105cych si\u0119 latami \u2014 a\u017c do momentu, gdy nikt ju\u017c o nich nie pami\u0119ta.<\/p>\n\n\n\n<p>W ko\u0144cu udaje mi si\u0119 zapyta\u0107 Barbie o nieprawid\u0142owo\u015bci w pieczy zast\u0119pczej w powiecie lubi\u0144skim. Ona jednak nie widzi w swoich dzia\u0142aniach \u017cadnych uchybie\u0144.<\/p>\n\n\n\n<p>\u2013 Gdy dochodzi\u0142o do powa\u017cnych nieprawid\u0142owo\u015bci w plac\u00f3wkach, PCPR nie sprawowa\u0142 nad nimi nadzoru. Odpowiada\u0142 za to Wydzia\u0142 Spraw Spo\u0142ecznych. Prokuratura, a \u2013 jak s\u0105dz\u0119 \u2013 tak\u017ce Rzecznik Praw Dziecka,wznowi\u0142 post\u0119powania w\u0142a\u015bnie na wniosek PCPR. Kiedy przej\u0119\u0142am piecz\u0119, dope\u0142ni\u0142am wszystkich procedur i czu\u0142am si\u0119 zobowi\u0105zana powiadomi\u0107 rzecznika. Do przemocy i nieprawid\u0142owo\u015bci dochodzi\u0142o wtedy, gdy PCPR nie mia\u0142 pieczy \u2013 przekonuje.<\/p>\n\n\n\n<p>Wielokrotnie podkre\u015bla, \u017ce jej rola ogranicza\u0142a si\u0119 do zada\u0144 administracyjnych, a odpowiedzialno\u015b\u0107 merytoryczn\u0105 przerzuca na inne wydzia\u0142y starostwa. W sprawie \u201eCzarodziejskiego Portu\u201d \u2014 kt\u00f3ra bez w\u0105tpienia mie\u015bci\u0142a si\u0119 w zakresie zada\u0144 administracyjnych \u2014 t\u0142umaczy, \u017ce dzia\u0142a\u0142a w imi\u0119 \u201ewy\u017cszego dobra\u201d, trzykrotnie przekraczaj\u0105c ustawowy limit wychowank\u00f3w z powodu braku miejsc w pieczy zast\u0119pczej.<\/p>\n\n\n\n<p><\/p>\n","protected":false},"excerpt":{"rendered":"Straszenie \u201epsychiatrykiem\u201d, wykr\u0119canie r\u0105k, wyzywanie od \u201eg\u0142upk\u00f3w\u201d i \u201edebili\u201d &#8211; dzieci z rodzinnego domu dziecka \u201eCzarodziejski Port\u201d m\u00f3wi\u0105 o stosowanej wobec nich psychicznej \n<a class=\"moretag\" href=\"https:\/\/lifevery.biz.ua\/?p=1508\"> [...]<\/a>","protected":false},"author":1,"featured_media":1509,"comment_status":"open","ping_status":"open","sticky":false,"template":"","format":"standard","meta":{"footnotes":""},"categories":[1],"tags":[],"class_list":["post-1508","post","type-post","status-publish","format-standard","has-post-thumbnail","hentry","category-blog"],"_links":{"self":[{"href":"https:\/\/lifevery.biz.ua\/index.php?rest_route=\/wp\/v2\/posts\/1508","targetHints":{"allow":["GET"]}}],"collection":[{"href":"https:\/\/lifevery.biz.ua\/index.php?rest_route=\/wp\/v2\/posts"}],"about":[{"href":"https:\/\/lifevery.biz.ua\/index.php?rest_route=\/wp\/v2\/types\/post"}],"author":[{"embeddable":true,"href":"https:\/\/lifevery.biz.ua\/index.php?rest_route=\/wp\/v2\/users\/1"}],"replies":[{"embeddable":true,"href":"https:\/\/lifevery.biz.ua\/index.php?rest_route=%2Fwp%2Fv2%2Fcomments&post=1508"}],"version-history":[{"count":1,"href":"https:\/\/lifevery.biz.ua\/index.php?rest_route=\/wp\/v2\/posts\/1508\/revisions"}],"predecessor-version":[{"id":1510,"href":"https:\/\/lifevery.biz.ua\/index.php?rest_route=\/wp\/v2\/posts\/1508\/revisions\/1510"}],"wp:featuredmedia":[{"embeddable":true,"href":"https:\/\/lifevery.biz.ua\/index.php?rest_route=\/wp\/v2\/media\/1509"}],"wp:attachment":[{"href":"https:\/\/lifevery.biz.ua\/index.php?rest_route=%2Fwp%2Fv2%2Fmedia&parent=1508"}],"wp:term":[{"taxonomy":"category","embeddable":true,"href":"https:\/\/lifevery.biz.ua\/index.php?rest_route=%2Fwp%2Fv2%2Fcategories&post=1508"},{"taxonomy":"post_tag","embeddable":true,"href":"https:\/\/lifevery.biz.ua\/index.php?rest_route=%2Fwp%2Fv2%2Ftags&post=1508"}],"curies":[{"name":"wp","href":"https:\/\/api.w.org\/{rel}","templated":true}]}}