{"id":15,"date":"2026-01-15T19:31:17","date_gmt":"2026-01-15T19:31:17","guid":{"rendered":"https:\/\/lifevery.biz.ua\/?p=15"},"modified":"2026-01-15T19:31:17","modified_gmt":"2026-01-15T19:31:17","slug":"psychologowie-wyjasniaja-osobowosc-osob-ktore-czesto-nosza-czern","status":"publish","type":"post","link":"https:\/\/lifevery.biz.ua\/?p=15","title":{"rendered":"Psychologowie wyja\u015bniaj\u0105 osobowo\u015b\u0107 os\u00f3b, kt\u00f3re cz\u0119sto nosz\u0105 czer\u0144"},"content":{"rendered":"\n<h2 class=\"wp-block-heading\">Czy zauwa\u017cy\u0142e\u015b kiedy\u015b, \u017ce nawet z szaf\u0105 p\u0119kaj\u0105c\u0105 w szwach, zawsze wracasz do czerni?<\/h2>\n\n\n\n<p>Czarna sukienka, czarny p\u0142aszcz, czarne swetry\u2026 to takie oczywiste.<\/p>\n\n\n\n<p>Ale co, gdyby nie chodzi\u0142o tylko o mod\u0119 czy wygod\u0119? W psychologii kolory, kt\u00f3re nosimy, to prawdziwe, ciche komunikaty.<\/p>\n\n\n\n<p>A czer\u0144, bardziej ni\u017c jakikolwiek inny odcie\u0144, ujawnia wiele o tych, kt\u00f3rzy nosz\u0105 j\u0105 na co dzie\u0144, szczeg\u00f3lnie w kontek\u015bcie psychologii koloru.<\/p>\n\n\n\n<h2 class=\"wp-block-heading\">Czarny, kolor o wiele bardziej z\u0142o\u017cony ni\u017c si\u0119 wydaje<\/h2>\n\n\n\n<figure class=\"wp-block-image\"><img decoding=\"async\" src=\"https:\/\/www.astucesantemag.com\/wp-content\/uploads\/femme-assise.webp\" alt=\"\" class=\"wp-image-95435\"\/><\/figure>\n\n\n\n<p>W historii i w r\u00f3\u017cnych kulturach czer\u0144 zawsze zajmowa\u0142a szczeg\u00f3lne miejsce. Symbolizuje ponadczasow\u0105 elegancj\u0119, pow\u015bci\u0105gliwo\u015b\u0107 i pewien rodzaj mocy. W wielu kontekstach przywo\u0142uje na my\u015bl powag\u0119, profesjonalizm i samokontrol\u0119. Wyb\u00f3r czerni cz\u0119sto ma na celu stworzenie uporz\u0105dkowanego i uspokajaj\u0105cego wizerunku, wolnego od zb\u0119dnych ozdobnik\u00f3w.<\/p>\n\n\n\n<p>Ale czer\u0144 to tak\u017ce tajemnica. Przyci\u0105ga tych, kt\u00f3rzy nie lubi\u0105 zdradza\u0107 wszystkiego na pierwszy rzut oka. Noszenie czerni mo\u017ce by\u0107 subtelnym sposobem na zachowanie cz\u0119\u015bci siebie, na stworzenie delikatnej granicy mi\u0119dzy \u015bwiatem wewn\u0119trznym a zewn\u0119trznym.<\/p>\n\n\n\n<h2 class=\"wp-block-heading\">Spokojna pewno\u015b\u0107 siebie, daleka od potrzeby przesady<\/h2>\n\n\n\n<figure class=\"wp-block-image\"><img decoding=\"async\" src=\"https:\/\/www.astucesantemag.com\/wp-content\/uploads\/shutterstock_2345664251-2.jpg\" alt=\"\" class=\"wp-image-95437\"\/><\/figure>\n\n\n\n<p>Wbrew powszechnemu przekonaniu, osoby nosz\u0105ce du\u017co czerni nie staraj\u0105 si\u0119 wtopi\u0107 w otoczenie. Wr\u0119cz przeciwnie. Psychologowie zauwa\u017caj\u0105, \u017ce kolor ten cz\u0119sto wybieraj\u0105 osoby pewne siebie, kt\u00f3re nie potrzebuj\u0105 jaskrawych barw, by zaznaczy\u0107 swoj\u0105 obecno\u015b\u0107.<\/p>\n\n\n\n<p>Czer\u0144 pozwala zachowa\u0107 kontrol\u0119 nad wizerunkiem. Uspokaja, porz\u0105dkuje i daje poczucie stabilno\u015bci. To dyskretna, opanowana pewno\u015b\u0107 siebie, kt\u00f3ra nie musi by\u0107 nachalna, by istnie\u0107.<\/p>\n\n\n\n<h2 class=\"wp-block-heading\">Kreatywno\u015b\u0107 i niezale\u017cny duch<\/h2>\n\n\n\n<p>Noszenie czerni nie oznacza braku kreatywno\u015bci. Wielu artyst\u00f3w, projektant\u00f3w i ludzi wolnego ducha uczyni\u0142o z niej sw\u00f3j znak rozpoznawczy. Dlaczego? Poniewa\u017c czer\u0144 wyzwala umys\u0142. Eliminuje bod\u017ace wizualne i pozostawia du\u017co miejsca na pomys\u0142y, wyobra\u017ani\u0119 i osobist\u0105 ekspresj\u0119.<\/p>\n\n\n\n<p>Wyb\u00f3r czerni mo\u017ce odzwierciedla\u0107 ch\u0119\u0107 wyrwania si\u0119 z narzuconych trend\u00f3w i pod\u0105\u017cania w\u0142asn\u0105 drog\u0105. Cz\u0119sto jest to oznak\u0105 oryginalnego ducha, osoby, kt\u00f3ra przedk\u0142ada autentyczno\u015b\u0107 nad ulotne mody i w pe\u0142ni oddaje swoj\u0105 siln\u0105 osobowo\u015b\u0107.<\/p>\n\n\n\n<h2 class=\"wp-block-heading\">Cz\u0119sto pomijane bogactwo emocjonalne<\/h2>\n\n\n\n<p>Na poziomie emocjonalnym czer\u0144 cz\u0119sto kojarzy si\u0119 z wielk\u0105 g\u0142\u0119bi\u0105 wewn\u0119trzn\u0105. Osoby, kt\u00f3re poci\u0105ga ten kolor, s\u0105 cz\u0119sto introspektywne, wra\u017cliwe i bardzo \u015bwiadome swoich emocji. Odczuwaj\u0105 intensywne emocje, ale czasami wol\u0105 nie wyra\u017ca\u0107 ich w pe\u0142ni.<\/p>\n\n\n\n<p>Czer\u0144 mo\u017ce w\u00f3wczas sta\u0107 si\u0119 form\u0105 ochrony, sposobem na poczucie bezpiecze\u0144stwa przed wzrokiem innych. Nie oznacza to ani smutku, ani wycofania, lecz raczej potrzeb\u0119 spokoju, emocjonalnej blisko\u015bci i czasu dla siebie.<\/p>\n\n\n\n<h2 class=\"wp-block-heading\">Indywidualizm i samopotwierdzenie<\/h2>\n\n\n\n<figure class=\"wp-block-image\"><img decoding=\"async\" src=\"https:\/\/www.astucesantemag.com\/wp-content\/uploads\/53ce101a-fe98-4a66-bd60-94c38e2cc29c_couv-article-look-noir_520x500_520x500_520x500_c7af2e6f-1768-459d-9080-7bde0ce51f0e.jpg\" alt=\"\" class=\"wp-image-95436\"\/><\/figure>\n\n\n\n<p>Dla wielu ubieranie si\u0119 g\u0142\u00f3wnie na czarno jest r\u00f3wnie\u017c aktem niezale\u017cno\u015bci. To odrzucenie pewnych norm spo\u0142ecznych, nakaz\u00f3w, by zawsze by\u0107 kolorowym, u\u015bmiechni\u0119tym i beztroskim. Czer\u0144 staje si\u0119 w\u00f3wczas osobistym znakiem rozpoznawczym, niemal milcz\u0105cym manifestem.<\/p>\n\n\n\n<p>Psychologowie cz\u0119sto uwa\u017caj\u0105, \u017ce jest to przejaw silnej, zdeterminowanej osobowo\u015bci, zdolnej do podejmowania stanowczych decyzji, nawet je\u015bli s\u0105 one sprzeczne z og\u00f3lnym trendem.<\/p>\n\n\n\n<h2 class=\"wp-block-heading\">A co ze stereotypami w tym wszystkim?<\/h2>\n\n\n\n<p>Czer\u0144 wci\u0105\u017c niesie ze sob\u0105 wiele stereotyp\u00f3w: ch\u0142\u00f3d, dystans, melancholi\u0119. Jednak te stereotypy s\u0105 dalekie od prawdy. Czarny str\u00f3j mo\u017cna wybra\u0107 z bardzo prostych powod\u00f3w: elegancji, praktyczno\u015bci, wygody lub autentycznej mi\u0142o\u015bci do tej estetyki.<\/p>\n\n\n\n<p>Nale\u017cy pami\u0119ta\u0107, \u017ce kolor, kt\u00f3ry nosimy, nigdy w pe\u0142ni nie definiuje tego, kim jeste\u015bmy. To tylko fragment, jeden odcie\u0144 spo\u015br\u00f3d wielu.<\/p>\n\n\n\n<h2 class=\"wp-block-heading\">Jak podnie\u015b\u0107 poziom czerni w \u017cyciu codziennym<\/h2>\n\n\n\n<p>Je\u015bli czer\u0144 to Tw\u00f3j ulubiony kolor, baw si\u0119 tkaninami, krojami i dodatkami. \u0141\u0105czenie faktur, zabawa sylwetkami i dodanie osobistego akcentu to wszystko, czego potrzeba, aby przekszta\u0142ci\u0107 prosty str\u00f3j w prawdziwy wyraz stylu.<\/p>\n\n\n\n<p>I przede wszystkim pami\u0119taj o jednym: pewno\u015b\u0107 siebie jest zawsze najpi\u0119kniejszym dodatkiem.<\/p>\n\n\n\n<p>Noszenie czerni nie ma na celu ukrywania si\u0119\u2026 cz\u0119sto chodzi o ukazanie, z elegancj\u0105 i g\u0142\u0119bi\u0105, silnej osobowo\u015bci, kt\u00f3ra nie musi niczego udowadnia\u0107.<\/p>\n","protected":false},"excerpt":{"rendered":"Czy zauwa\u017cy\u0142e\u015b kiedy\u015b, \u017ce nawet z szaf\u0105 p\u0119kaj\u0105c\u0105 w szwach, zawsze wracasz do czerni? Czarna sukienka, czarny p\u0142aszcz, czarne swetry\u2026 to takie oczywiste. \n<a class=\"moretag\" href=\"https:\/\/lifevery.biz.ua\/?p=15\"> [...]<\/a>","protected":false},"author":1,"featured_media":19,"comment_status":"open","ping_status":"open","sticky":false,"template":"","format":"standard","meta":{"footnotes":""},"categories":[1],"tags":[],"class_list":["post-15","post","type-post","status-publish","format-standard","has-post-thumbnail","hentry","category-blog"],"_links":{"self":[{"href":"https:\/\/lifevery.biz.ua\/index.php?rest_route=\/wp\/v2\/posts\/15","targetHints":{"allow":["GET"]}}],"collection":[{"href":"https:\/\/lifevery.biz.ua\/index.php?rest_route=\/wp\/v2\/posts"}],"about":[{"href":"https:\/\/lifevery.biz.ua\/index.php?rest_route=\/wp\/v2\/types\/post"}],"author":[{"embeddable":true,"href":"https:\/\/lifevery.biz.ua\/index.php?rest_route=\/wp\/v2\/users\/1"}],"replies":[{"embeddable":true,"href":"https:\/\/lifevery.biz.ua\/index.php?rest_route=%2Fwp%2Fv2%2Fcomments&post=15"}],"version-history":[{"count":1,"href":"https:\/\/lifevery.biz.ua\/index.php?rest_route=\/wp\/v2\/posts\/15\/revisions"}],"predecessor-version":[{"id":20,"href":"https:\/\/lifevery.biz.ua\/index.php?rest_route=\/wp\/v2\/posts\/15\/revisions\/20"}],"wp:featuredmedia":[{"embeddable":true,"href":"https:\/\/lifevery.biz.ua\/index.php?rest_route=\/wp\/v2\/media\/19"}],"wp:attachment":[{"href":"https:\/\/lifevery.biz.ua\/index.php?rest_route=%2Fwp%2Fv2%2Fmedia&parent=15"}],"wp:term":[{"taxonomy":"category","embeddable":true,"href":"https:\/\/lifevery.biz.ua\/index.php?rest_route=%2Fwp%2Fv2%2Fcategories&post=15"},{"taxonomy":"post_tag","embeddable":true,"href":"https:\/\/lifevery.biz.ua\/index.php?rest_route=%2Fwp%2Fv2%2Ftags&post=15"}],"curies":[{"name":"wp","href":"https:\/\/api.w.org\/{rel}","templated":true}]}}