{"id":1483,"date":"2026-01-29T10:24:25","date_gmt":"2026-01-29T10:24:25","guid":{"rendered":"https:\/\/lifevery.biz.ua\/?p=1483"},"modified":"2026-01-29T10:24:25","modified_gmt":"2026-01-29T10:24:25","slug":"joanna-jedrzejczyk-przeszla-operacje-legenda-mma-odwlekala-ja-przez-paralizujacy-strach-w-koncu-ktos-mi-sprzedal-kuksanca","status":"publish","type":"post","link":"https:\/\/lifevery.biz.ua\/?p=1483","title":{"rendered":"Joanna J\u0119drzejczyk przesz\u0142a operacj\u0119. Legenda MMA odwleka\u0142a j\u0105 przez parali\u017cuj\u0105cy strach. &#8220;W ko\u0144cu kto\u015b mi sprzeda\u0142 kuksa\u0144ca&#8221;"},"content":{"rendered":"\n<p>Joanna J\u0119drzejczyk \u2014 ikona \u015bwiatowego MMA i duma narodowa, kt\u00f3ra w 2024 roku trafi\u0142a do presti\u017cowej Galerii S\u0142aw UFC, w\u0142a\u015bnie ujawni\u0142a prawd\u0119 o swoim stanie zdrowia. Cho\u0107 w oktagonie by\u0142a niezniszczalna i przyjmowa\u0142a ciosy, od kt\u00f3rych inni by padli, przez lata parali\u017cowa\u0142 j\u0105 strach przed jednym zabiegiem. W ko\u0144cu jednak powiedzia\u0142a &#8220;do\u015b\u0107&#8221;<\/p>\n\n\n\n<p>Joanna J\u0119drzejczyk p\u0119k\u0142a. Przera\u017ca\u0142a j\u0105 wizja &#8220;metr\u00f3w gazy&#8221; w nosie<br>Dla fan\u00f3w sport\u00f3w walki brzmi to jak paradoks. Kobieta, kt\u00f3ra stoczy\u0142a jedne z najkrwawszych wojen w historii UFC, ba\u0142a si\u0119 wizyty u chirurga. 28 stycznia Joanna J\u0119drzejczyk opublikowa\u0142a zdj\u0119cie ze szpitalnego \u0142\u00f3\u017cka, z opatrunkiem na twarzy, przyznaj\u0105c si\u0119 do swojej s\u0142abo\u015bci. Przez lata \u017cy\u0142a z problemami z przegrod\u0105 nosow\u0105, bo parali\u017cowa\u0142a j\u0105 &#8220;mitologia b\u00f3lu&#8221; zwi\u0105zana z rekonwalescencj\u0105.<\/p>\n\n\n\n<p>Mistrzyni wyzna\u0142a, \u017ce w jej wyobra\u017ani zabieg wi\u0105za\u0142 si\u0119 z dantejskimi scenami. Rzeczywisto\u015b\u0107 na szcz\u0119\u015bcie okaza\u0142a si\u0119 \u0142askawsza dzi\u0119ki nowoczesnym metodom, kt\u00f3re zast\u0105pi\u0142y tradycyjne, bolesne rozwi\u0105zania.<\/p>\n\n\n\n<blockquote class=\"wp-block-quote is-layout-flow wp-block-quote-is-layout-flow\">\n<p>Tyle lat odk\u0142ada\u0142am operacj\u0119 przegrody nosowej, bo ba\u0142am si\u0119 opowie\u015bci o b\u00f3lu i metrach gazy wpychanej do noska&#8230; A tu zero b\u00f3lu i z nowoczesnym kompresem \u017celowym w nosku. Bajka. Teraz rekonwalescencja i czekanie na efekty.<\/p>\n<\/blockquote>\n\n\n\n<p>J\u0119drzejczyk, znana z ogromnego dystansu do siebie, nie omieszka\u0142a za\u017cartowa\u0107 ze swojego obecnego wygl\u0105du. W swoim stylu skwitowa\u0142a sytuacj\u0119, nawi\u0105zuj\u0105c do swojej walecznej przesz\u0142o\u015bci.<\/p>\n\n\n\n<blockquote class=\"wp-block-quote is-layout-flow wp-block-quote-is-layout-flow\">\n<p>I po krzyku (bo w og\u00f3le nie bola\u0142o i nie boli). No i w ko\u0144cu kto\u015b tej wyszeczkanej JJ sprzeda\u0142 kuksa\u0144ca.<\/p>\n<\/blockquote>\n\n\n\n<p><img loading=\"lazy\" decoding=\"async\" src=\"https:\/\/img.styl.fm\/resize\/w1280\/newsy\/wp-content\/uploads\/2026\/01\/joanna-jedrzejczyk.jpg\" alt=\"joanna j\u0119drzejczyk z opatrunkiem na nosie\" width=\"1080\" height=\"1440\">instagram.com\/joannajedrzejczyk<\/p>\n\n\n\n<p>Reklama<\/p>\n\n\n\n<h2 class=\"wp-block-heading\">Mistrzynie trzymaj\u0105 si\u0119 razem. Anita W\u0142odarczyk doskonale wie, co czuje JJ<\/h2>\n\n\n\n<p>Reakcja \u015brodowiska sportowego by\u0142a b\u0142yskawiczna. Cho\u0107 fani zalali profil Joanny fal\u0105 serduszek, najcieplejsze s\u0142owa pop\u0142yn\u0119\u0142y od innej legendy polskiego sportu. Mistrzynie trzymaj\u0105 si\u0119 razem, a Anita W\u0142odarczyk doskonale wie, z czym wi\u0105\u017ce si\u0119 ten konkretny zabieg.<\/p>\n\n\n\n<p>Reklama<\/p>\n\n\n\n<p>Trzykrotna mistrzyni olimpijska w rzucie m\u0142otem podzieli\u0142a si\u0119 swoim, do\u015b\u0107 traumatycznym wspomnieniem sprzed lat, dodaj\u0105c otuchy kole\u017cance. To moment, na kt\u00f3ry J\u0119drzejczyk czeka\u0142a, cho\u0107 odwleka\u0142a go znacznie d\u0142u\u017cej ni\u017c W\u0142odarczyk.<\/p>\n\n\n\n<p>Reklama<\/p>\n\n\n\n<blockquote class=\"wp-block-quote is-layout-flow wp-block-quote-is-layout-flow\">\n<p>Witaj w klubie mistrzyni. Ja ju\u017c 13 lat po operacji przegrody. Do dzisiaj pami\u0119tam, jak wyj\u0119li tamponad\u0119 i ten pierwszy wdech powietrza.<\/p>\n<\/blockquote>\n\n\n\n<h2 class=\"wp-block-heading\">To nie pierwsza wizyta u &#8220;cudotw\u00f3rcy&#8221; z Bielska. Mordercza podr\u00f3\u017c do domu<\/h2>\n\n\n\n<p>Operacja nosa to tylko jeden z przystank\u00f3w w drodze do pe\u0142nego zdrowia na sportowej emeryturze. Cia\u0142o mistrzyni, wyeksploatowane latami morderczych trening\u00f3w, wymaga generalnego remontu.<a href=\"https:\/\/styl.fm\/newsy\/738111.joanna-jedrzejczyk-musiala-wybrac-miedzy-tvp-a-tvn-przez-to-stracila-role-w-popularnym-serialu\" target=\"_blank\" rel=\"noreferrer noopener\">&nbsp;Joanna J\u0119drzejczyk<\/a>&nbsp;ma ju\u017c za sob\u0105 operacje \u015br\u00f3dr\u0119cza i lewego barku (2023), a w sierpniu 2024 roku trafi\u0142a &#8220;pod n\u00f3\u017c&#8221; ze wzgl\u0119du na prawy bark.<\/p>\n\n\n\n<p>Reklama<\/p>\n\n\n\n<p>Za napraw\u0119 r\u0105k mistrzyni odpowiada\u0142 dr Roman Brz\u00f3ska z Bielska-Bia\u0142ej, u kt\u00f3rego sportsmenka leczy si\u0119 regularnie. Tym razem powr\u00f3t do domu by\u0142 jednak prawdziwym wyzwaniem. J\u0119drzejczyk zdradzi\u0142a, \u017ce podr\u00f3\u017c powrotna by\u0142a wyczerpuj\u0105ca, ale na szcz\u0119\u015bcie mog\u0142a liczy\u0107 na wsparcie &#8220;Kamilka&#8221; \u2013 bliskiego przyjaciela i specjalisty, kt\u00f3ry czuwa nad jej form\u0105.<\/p>\n\n\n\n<blockquote class=\"wp-block-quote is-layout-flow wp-block-quote-is-layout-flow\">\n<p>W ko\u0144cu w domu po wyczerpuj\u0105cej sze\u015bciogodzinnej podr\u00f3\u017cy ze szpitala w Bielsku. Jestem szcz\u0119\u015bciar\u0105 maj\u0105c cudownych ludzi przy sobie. Kamilku jeste\u015b nie tylko najlepszym specjalist\u0105, ale I wspania\u0142ym przyjacielem. Regeneracja w domu jest najlepsza.<\/p>\n<\/blockquote>\n","protected":false},"excerpt":{"rendered":"Joanna J\u0119drzejczyk \u2014 ikona \u015bwiatowego MMA i duma narodowa, kt\u00f3ra w 2024 roku trafi\u0142a do presti\u017cowej Galerii S\u0142aw UFC, w\u0142a\u015bnie ujawni\u0142a prawd\u0119 o \n<a class=\"moretag\" href=\"https:\/\/lifevery.biz.ua\/?p=1483\"> [...]<\/a>","protected":false},"author":1,"featured_media":1484,"comment_status":"open","ping_status":"open","sticky":false,"template":"","format":"standard","meta":{"footnotes":""},"categories":[1],"tags":[],"class_list":["post-1483","post","type-post","status-publish","format-standard","has-post-thumbnail","hentry","category-blog"],"_links":{"self":[{"href":"https:\/\/lifevery.biz.ua\/index.php?rest_route=\/wp\/v2\/posts\/1483","targetHints":{"allow":["GET"]}}],"collection":[{"href":"https:\/\/lifevery.biz.ua\/index.php?rest_route=\/wp\/v2\/posts"}],"about":[{"href":"https:\/\/lifevery.biz.ua\/index.php?rest_route=\/wp\/v2\/types\/post"}],"author":[{"embeddable":true,"href":"https:\/\/lifevery.biz.ua\/index.php?rest_route=\/wp\/v2\/users\/1"}],"replies":[{"embeddable":true,"href":"https:\/\/lifevery.biz.ua\/index.php?rest_route=%2Fwp%2Fv2%2Fcomments&post=1483"}],"version-history":[{"count":1,"href":"https:\/\/lifevery.biz.ua\/index.php?rest_route=\/wp\/v2\/posts\/1483\/revisions"}],"predecessor-version":[{"id":1485,"href":"https:\/\/lifevery.biz.ua\/index.php?rest_route=\/wp\/v2\/posts\/1483\/revisions\/1485"}],"wp:featuredmedia":[{"embeddable":true,"href":"https:\/\/lifevery.biz.ua\/index.php?rest_route=\/wp\/v2\/media\/1484"}],"wp:attachment":[{"href":"https:\/\/lifevery.biz.ua\/index.php?rest_route=%2Fwp%2Fv2%2Fmedia&parent=1483"}],"wp:term":[{"taxonomy":"category","embeddable":true,"href":"https:\/\/lifevery.biz.ua\/index.php?rest_route=%2Fwp%2Fv2%2Fcategories&post=1483"},{"taxonomy":"post_tag","embeddable":true,"href":"https:\/\/lifevery.biz.ua\/index.php?rest_route=%2Fwp%2Fv2%2Ftags&post=1483"}],"curies":[{"name":"wp","href":"https:\/\/api.w.org\/{rel}","templated":true}]}}