{"id":1471,"date":"2026-01-29T10:14:09","date_gmt":"2026-01-29T10:14:09","guid":{"rendered":"https:\/\/lifevery.biz.ua\/?p=1471"},"modified":"2026-01-29T10:14:09","modified_gmt":"2026-01-29T10:14:09","slug":"krakow-pomaga-kijowowi-archidiecezja-wyslala-pierwsze-transporty-z-agregatami-i-nagrzewnicami","status":"publish","type":"post","link":"https:\/\/lifevery.biz.ua\/?p=1471","title":{"rendered":"Krak\u00f3w pomaga Kijowowi. Archidiecezja wys\u0142a\u0142a pierwsze transporty z agregatami i nagrzewnicami"},"content":{"rendered":"\n<ul class=\"wp-block-list\">\n<li>Caritas Archidiecezji Krakowskiej organizuje pomoc humanitarn\u0105 dla mieszka\u0144c\u00f3w Kijowa i okolic, kt\u00f3rzy zmagaj\u0105 si\u0119 ze skutkami atak\u00f3w na infrastruktur\u0119 i brakiem ogrzewania.<\/li>\n\n\n\n<li>Pierwszy transport, zawieraj\u0105cy 162 agregaty pr\u0105dotw\u00f3rcze i 846 nagrzewnic, wyruszy\u0142 z Krakowa 28 stycznia. Kolejny, z 6 tonami \u017cywno\u015bci, wyjedzie w czwartek o 6:00 rano.<\/li>\n\n\n\n<li>Za okazan\u0105 pomoc podzi\u0119kowa\u0142 zwierzchnik Ukrai\u0144skiego Ko\u015bcio\u0142a Greckokatolickiego, abp Swiatos\u0142aw Szewczuk, w li\u015bcie skierowanym do metropolity krakowskiego kard. Grzegorza Rysia.<\/li>\n\n\n\n<li><\/li>\n<\/ul>\n\n\n\n<h2 class=\"wp-block-heading\"><strong>B\u0142yskawiczna reakcja na kryzys<\/strong><\/h2>\n\n\n\n<p>Jeszcze przed zaplanowan\u0105 na niedziel\u0119 zbi\u00f3rk\u0105 w parafiach, 28 stycznia wyruszy\u0142 pierwszy transport z darami.&nbsp;<strong>Znalaz\u0142y si\u0119 w nim 162 agregaty pr\u0105dotw\u00f3rcze oraz 846 nagrzewnic, kt\u00f3re maj\u0105 pom\u00f3c Ukrai\u0144com przetrwa\u0107 zim\u0119 w warunkach braku pr\u0105du i ogrzewania.<\/strong><\/p>\n\n\n\n<p>Dyrektor krakowskiej Caritas, ks. \u0141ukasz \u015alusarczyk, podkre\u015bla, \u017ce dzia\u0142ania podj\u0119to natychmiast.&nbsp;<\/p>\n\n\n\n<blockquote class=\"wp-block-quote is-layout-flow wp-block-quote-is-layout-flow\">\n<p>Staramy si\u0119 dzia\u0142a\u0107 jak najszybciej, \u017ceby wesprze\u0107 mieszka\u0144c\u00f3w Kijowa i okolic, cierpi\u0105cych z powodu braku pr\u0105du w ci\u0119\u017ckim czasie zimowych mroz\u00f3w&nbsp;<strong>\u2013 m\u00f3wi.<\/strong><\/p>\n<\/blockquote>\n\n\n\n<h2 class=\"wp-block-heading\"><strong>Kolejne dary i tony \u017cywno\u015bci<\/strong><\/h2>\n\n\n\n<p>Archidiecezja krakowska poinformowa\u0142a, \u017ce nast\u0119pna partia pomocy wyruszy\u0142a w czwartek o godzinie 6:00.<strong>&nbsp;Cztery busy zawioz\u0105 dary do Kijowa oraz pobliskich miejscowo\u015bci \u2013 Bia\u0142ej Cerkwi i Bojarki. W transporcie znajdzie si\u0119 6 ton \u017cywno\u015bci, w tym kasza, konserwy, cukier, makarony i zupy w proszku.<\/strong>&nbsp;Do potrzebuj\u0105cych trafi r\u00f3wnie\u017c dodatkowe<strong>&nbsp;10 agregat\u00f3w pr\u0105dotw\u00f3rczych i 20 nagrzewnic.<\/strong><\/p>\n\n\n\n<p>Ingres Grzegorza Rysia Arcybiskupa Metropolity Krakowskiego&nbsp;<\/p>\n\n\n\n<p>Za kierownic\u0105 bus\u00f3w zasi\u0105d\u0105 m.in. ks. \u0141ukasz \u015alusarczyk, ks. Gracjan Hebda oraz dwaj bracia albertyni. Plan pomocy jest ju\u017c szczeg\u00f3\u0142owo ustalony.<\/p>\n\n\n\n<blockquote class=\"wp-block-quote is-layout-flow wp-block-quote-is-layout-flow\">\n<p>W pi\u0105tek o godz. 10.00 jestem um\u00f3wiony w Kijowie na spotkanie z o. Jaros\u0142awem, odpowiedzialnym za organizacj\u0119 pomocy dla mieszka\u0144c\u00f3w z ramienia arcybiskupa kijowsko-halickiego Swiatos\u0142awa Szewczuka, a na poniedzia\u0142ek planujemy ju\u017c nast\u0119pny transport&nbsp;<strong>\u2013 dodaje dyrektor krakowskiej Caritas.<\/strong><\/p>\n<\/blockquote>\n\n\n\n<p>Polecany artyku\u0142:<\/p>\n\n\n\n<p><\/p>\n\n\n\n<h2 class=\"wp-block-heading\"><strong>Kij\u00f3w dzi\u0119kuje za pomoc<\/strong><\/h2>\n\n\n\n<p>W odpowiedzi na gest solidarno\u015bci,&nbsp;<strong>arcybiskup wi\u0119kszy kijowsko-halicki Swiatos\u0142aw Szewczuk skierowa\u0142 do metropolity krakowskiego kard. Grzegorza Rysia list z podzi\u0119kowaniami za szybk\u0105 reakcj\u0119 i wsparcie \u201eza solidarno\u015b\u0107 i wsparcie w tym dramatycznym momencie\u201d.<\/strong><\/p>\n\n\n\n<p>Zwierzchnik UKGK podkre\u015bli\u0142, jak wa\u017cny jest ten gest w obliczu cierpienia ludno\u015bci cywilnej.<\/p>\n\n\n\n<blockquote class=\"wp-block-quote is-layout-flow wp-block-quote-is-layout-flow\">\n<p>Apel Eminencji do wiernych Archidiecezji Krakowskiej o datki na generatory du\u017cej mocy i mobilne kot\u0142ownie, aby ogrza\u0107 tych, kt\u00f3rzy cierpi\u0105 z powodu zimna, wsp\u00f3\u0142brzmi ze s\u0142owami aposto\u0142a Paw\u0142a o jednym ciele, jednym duchu i jednej nadziei (por. Ef 4,4), budz\u0105c fal\u0119 \u017cyczliwo\u015bci w ca\u0142ej Polsce i innych krajach \u015bwiata. W jednej chwili oczy chrze\u015bcijan zwr\u00f3ci\u0142y si\u0119 w stron\u0119 Kijowa, dok\u0105d poprzez ludzk\u0105 trosk\u0119 i empati\u0119 pod\u0105\u017ca ciep\u0142o mi\u0142o\u015bci Chrystusa, aby ogrza\u0107 przemarzni\u0119tych i doda\u0107 im otuchy&nbsp;<strong>\u2013 napisa\u0142 abp Szewczuk.<\/strong><\/p>\n<\/blockquote>\n\n\n\n<p>Na zako\u0144czenie listu hierarcha przekaza\u0142 b\u0142ogos\u0142awie\u0144stwo dla wszystkich zaanga\u017cowanych w akcj\u0119 pomocow\u0105.<\/p>\n\n\n\n<blockquote class=\"wp-block-quote is-layout-flow wp-block-quote-is-layout-flow\">\n<p>Niech Pan obficie b\u0142ogos\u0142awi Eminencji i ca\u0142ej Archidiecezji Krakowskiej oraz wszystkim zaanga\u017cowanym w ratowanie istnie\u0144 ludzkich&nbsp;<strong>\u2013 zako\u0144czy\u0142.<\/strong><\/p>\n<\/blockquote>\n\n\n\n<figure class=\"wp-block-image\"><img decoding=\"async\" src=\"https:\/\/cdn.galleries.smcloud.net\/thumbs\/gf-f82M-NFaZ-x4va_krakow-wysyla-pomoc-do-kijowa-pierwsze-transporty-z-agregatami-i-nagrzewnicami-juz-w-drodze-9-j.jpg\" alt=\"Krak\u00f3w wysy\u0142a pomoc do Kijowa. Pierwsze transporty z agregatami i nagrzewnicami ju\u017c w drodze\"\/><\/figure>\n\n\n\n<p><a href=\"https:\/\/krakow.eska.pl\/galeria\/krakow-wysyla-pomoc-do-kijowa-pierwsze-transporty-z-agregatami-i-nagrzewnicami-juz-w-drodze\/gg-qwMV-NnNH-R1M1\/gp-6WLs-qXZA-JnnY\"><\/a><\/p>\n","protected":false},"excerpt":{"rendered":"B\u0142yskawiczna reakcja na kryzys Jeszcze przed zaplanowan\u0105 na niedziel\u0119 zbi\u00f3rk\u0105 w parafiach, 28 stycznia wyruszy\u0142 pierwszy transport z darami.&nbsp;Znalaz\u0142y si\u0119 w nim 162 \n<a class=\"moretag\" href=\"https:\/\/lifevery.biz.ua\/?p=1471\"> [...]<\/a>","protected":false},"author":1,"featured_media":1472,"comment_status":"open","ping_status":"open","sticky":false,"template":"","format":"standard","meta":{"footnotes":""},"categories":[1],"tags":[],"class_list":["post-1471","post","type-post","status-publish","format-standard","has-post-thumbnail","hentry","category-blog"],"_links":{"self":[{"href":"https:\/\/lifevery.biz.ua\/index.php?rest_route=\/wp\/v2\/posts\/1471","targetHints":{"allow":["GET"]}}],"collection":[{"href":"https:\/\/lifevery.biz.ua\/index.php?rest_route=\/wp\/v2\/posts"}],"about":[{"href":"https:\/\/lifevery.biz.ua\/index.php?rest_route=\/wp\/v2\/types\/post"}],"author":[{"embeddable":true,"href":"https:\/\/lifevery.biz.ua\/index.php?rest_route=\/wp\/v2\/users\/1"}],"replies":[{"embeddable":true,"href":"https:\/\/lifevery.biz.ua\/index.php?rest_route=%2Fwp%2Fv2%2Fcomments&post=1471"}],"version-history":[{"count":1,"href":"https:\/\/lifevery.biz.ua\/index.php?rest_route=\/wp\/v2\/posts\/1471\/revisions"}],"predecessor-version":[{"id":1473,"href":"https:\/\/lifevery.biz.ua\/index.php?rest_route=\/wp\/v2\/posts\/1471\/revisions\/1473"}],"wp:featuredmedia":[{"embeddable":true,"href":"https:\/\/lifevery.biz.ua\/index.php?rest_route=\/wp\/v2\/media\/1472"}],"wp:attachment":[{"href":"https:\/\/lifevery.biz.ua\/index.php?rest_route=%2Fwp%2Fv2%2Fmedia&parent=1471"}],"wp:term":[{"taxonomy":"category","embeddable":true,"href":"https:\/\/lifevery.biz.ua\/index.php?rest_route=%2Fwp%2Fv2%2Fcategories&post=1471"},{"taxonomy":"post_tag","embeddable":true,"href":"https:\/\/lifevery.biz.ua\/index.php?rest_route=%2Fwp%2Fv2%2Ftags&post=1471"}],"curies":[{"name":"wp","href":"https:\/\/api.w.org\/{rel}","templated":true}]}}