{"id":1465,"date":"2026-01-29T10:10:07","date_gmt":"2026-01-29T10:10:07","guid":{"rendered":"https:\/\/lifevery.biz.ua\/?p=1465"},"modified":"2026-01-29T10:10:07","modified_gmt":"2026-01-29T10:10:07","slug":"rzad-zaostrza-kary-dla-przestepcow-drogowych-zmiany-od-29-stycznia","status":"publish","type":"post","link":"https:\/\/lifevery.biz.ua\/?p=1465","title":{"rendered":"Rz\u0105d zaostrza kary dla przest\u0119pc\u00f3w drogowych. Zmiany od 29 stycznia"},"content":{"rendered":"\n<p>Recydywi\u015bci \u0142ami\u0105cy s\u0105dowy zakaz prowadzenia pojazd\u00f3w co do zasady b\u0119d\u0105 traci\u0107 prawo jazdy do\u017cywotnio, a konsekwencje ponosi\u0107 zaczn\u0105 r\u00f3wnie\u017c uczestnicy i organizatorzy nielegalnych wy\u015bcig\u00f3w. To tylko niekt\u00f3re z wielu zmian, jakie zaczn\u0105 obowi\u0105zywa\u0107 od czwartku, kiedy wejdzie w \u017cycie ustawa o poprawie bezpiecze\u0144stwa w ruchu l\u0105dowym &#8211; informuje serwis Prawo.pl.<\/p>\n\n\n\n<figure class=\"wp-block-image\"><img decoding=\"async\" src=\"https:\/\/cdn.galleries.smcloud.net\/thumbs\/gf-39xr-mzJe-yhW8_latwiej-stracic-prawko-zmiany-od-29-stycznia-7-j.jpg\" alt=\"\u0141atwiej straci\u0107 prawko. Zmiany od 29 stycznia\"\/><figcaption class=\"wp-element-caption\">Autor: Podkarpacka Policja \/ Materia\u0142y prasowe<\/figcaption><\/figure>\n\n\n\n<ul class=\"wp-block-list\">\n<li><strong>Od 29 stycznia wchodz\u0105 w \u017cycie nowe przepisy zaostrzaj\u0105ce kary dla sprawc\u00f3w wypadk\u00f3w drogowych.<\/strong><\/li>\n\n\n\n<li><strong>Za spowodowanie wypadku ze skutkiem \u015bmiertelnym lub ci\u0119\u017ckim uszczerbkiem na zdrowiu w okre\u015blonych okoliczno\u015bciach grozi od roku do 10 lat wi\u0119zienia.<\/strong><\/li>\n\n\n\n<li><strong>Nowelizacja przewiduje r\u00f3wnie\u017c przepadek pojazdu dla pijanych kierowc\u00f3w oraz do\u017cywotni zakaz prowadzenia pojazd\u00f3w za recydyw\u0119.<\/strong><\/li>\n<\/ul>\n\n\n\n<h2 class=\"wp-block-heading\">Rz\u0105d zaostrza kary dla przest\u0119pc\u00f3w drogowych<\/h2>\n\n\n\n<p>Przepisy, kt\u00f3re zaczn\u0105 obowi\u0105zywa\u0107 od&nbsp;<strong>29 stycznia<\/strong>, wprowadzaj\u0105 do kodeksu karnego n<strong>owy, kwalifikowany typ przest\u0119pstwa zwi\u0105zany ze spowodowaniem wypadku komunikacyjnego.&nbsp;<\/strong>Od tej pory sprawca wypadku ze skutkiem w postaci \u015bmierci albo powoduj\u0105cego ci\u0119\u017cki uszczerbek na zdrowiu, kt\u00f3ry uczestniczy\u0142 w nielegalnym wy\u015bcigu pojazd\u00f3w mechanicznych, ra\u017c\u0105co przekroczy\u0142 pr\u0119dko\u015b\u0107 i zasady bezpiecze\u0144stwa lub naruszy\u0142 orzeczony wobec niego zakaz prowadzenia pojazd\u00f3w, b\u0119dzie podlega\u0142 karze od roku do 10 lat pozbawienia wolno\u015bci.<\/p>\n\n\n\n<p>No\u017cowniczka grozi\u0142a taks\u00f3wkarzowi no\u017cem. Szokuj\u0105ce sceny na \u0142\u00f3dzkim Widzewie<\/p>\n\n\n\n<p>Jak czytamy w serwisie Prawo.pl, do kodeksu karnego dodany zostanie te\u017c artyku\u0142 penalizuj\u0105cy organizowanie lub prowadzenie nielegalnego wy\u015bcigu pojazd\u00f3w mechanicznych b\u0105d\u017a uczestniczenie w nim jako osoba kieruj\u0105ca takim pojazdem. Czyn ten zagro\u017cony b\u0119dzie kar\u0105 pozbawienia wolno\u015bci od trzech miesi\u0119cy do pi\u0119ciu lat.<\/p>\n\n\n\n<h2 class=\"wp-block-heading\">Przepadek auta za powy\u017cej 1,5 promila&nbsp;<\/h2>\n\n\n\n<p>Nowela doprecyzowuje r\u00f3wnie\u017c okoliczno\u015bci, w kt\u00f3rych s\u0105d mo\u017ce, a niekiedy musi, orzec&nbsp;<strong>przepadek pojazdu.<\/strong>&nbsp;W przepisach tych bardzo istotna jest granica zawarto\u015bci alkoholu w organizmie sprawcy.<\/p>\n\n\n\n<p>Prawo.pl informuje, \u017ce je\u015bli kierowca (pojazdu w ruchu l\u0105dowym, wodnym lub powietrznym) b\u0119dzie mia\u0142&nbsp;<strong>od 0,5 do 1,5 promila alkoholu we krwi lub jest obj\u0119ty zakazem prowadzenia pojazd\u00f3w<\/strong>&nbsp;&#8211; s\u0105d b\u0119dzie m\u00f3g\u0142 zdecydowa\u0107 o przepadku pojazdu. Z kolei wynik badania wskazuj\u0105cy&nbsp;<strong>powy\u017cej 1,5 promila nak\u0142ada na s\u0105d obowi\u0105zek orzeczenia przepadku pojazdu<\/strong>, chyba \u017ce zachodzi wyj\u0105tkowy przypadek, uzasadniony szczeg\u00f3lnymi okoliczno\u015bciami.<\/p>\n\n\n\n<p><strong>Do\u017cywotni zakaz prowadzenia pojazd\u00f3w<\/strong>&nbsp;czeka z kolei kierowc\u00f3w, kt\u00f3rzy zdecyduj\u0105 si\u0119 wsi\u0105\u015b\u0107 za kierownic\u0119 mimo orzeczonego ju\u017c wcze\u015bniej s\u0105dowego zakazu.<\/p>\n","protected":false},"excerpt":{"rendered":"Recydywi\u015bci \u0142ami\u0105cy s\u0105dowy zakaz prowadzenia pojazd\u00f3w co do zasady b\u0119d\u0105 traci\u0107 prawo jazdy do\u017cywotnio, a konsekwencje ponosi\u0107 zaczn\u0105 r\u00f3wnie\u017c uczestnicy i organizatorzy nielegalnych \n<a class=\"moretag\" href=\"https:\/\/lifevery.biz.ua\/?p=1465\"> [...]<\/a>","protected":false},"author":1,"featured_media":1466,"comment_status":"open","ping_status":"open","sticky":false,"template":"","format":"standard","meta":{"footnotes":""},"categories":[1],"tags":[],"class_list":["post-1465","post","type-post","status-publish","format-standard","has-post-thumbnail","hentry","category-blog"],"_links":{"self":[{"href":"https:\/\/lifevery.biz.ua\/index.php?rest_route=\/wp\/v2\/posts\/1465","targetHints":{"allow":["GET"]}}],"collection":[{"href":"https:\/\/lifevery.biz.ua\/index.php?rest_route=\/wp\/v2\/posts"}],"about":[{"href":"https:\/\/lifevery.biz.ua\/index.php?rest_route=\/wp\/v2\/types\/post"}],"author":[{"embeddable":true,"href":"https:\/\/lifevery.biz.ua\/index.php?rest_route=\/wp\/v2\/users\/1"}],"replies":[{"embeddable":true,"href":"https:\/\/lifevery.biz.ua\/index.php?rest_route=%2Fwp%2Fv2%2Fcomments&post=1465"}],"version-history":[{"count":1,"href":"https:\/\/lifevery.biz.ua\/index.php?rest_route=\/wp\/v2\/posts\/1465\/revisions"}],"predecessor-version":[{"id":1467,"href":"https:\/\/lifevery.biz.ua\/index.php?rest_route=\/wp\/v2\/posts\/1465\/revisions\/1467"}],"wp:featuredmedia":[{"embeddable":true,"href":"https:\/\/lifevery.biz.ua\/index.php?rest_route=\/wp\/v2\/media\/1466"}],"wp:attachment":[{"href":"https:\/\/lifevery.biz.ua\/index.php?rest_route=%2Fwp%2Fv2%2Fmedia&parent=1465"}],"wp:term":[{"taxonomy":"category","embeddable":true,"href":"https:\/\/lifevery.biz.ua\/index.php?rest_route=%2Fwp%2Fv2%2Fcategories&post=1465"},{"taxonomy":"post_tag","embeddable":true,"href":"https:\/\/lifevery.biz.ua\/index.php?rest_route=%2Fwp%2Fv2%2Ftags&post=1465"}],"curies":[{"name":"wp","href":"https:\/\/api.w.org\/{rel}","templated":true}]}}