{"id":1456,"date":"2026-01-29T10:05:16","date_gmt":"2026-01-29T10:05:16","guid":{"rendered":"https:\/\/lifevery.biz.ua\/?p=1456"},"modified":"2026-01-29T10:05:16","modified_gmt":"2026-01-29T10:05:16","slug":"karolina-gilon-na-ponad-miesiac-zniknela-z-mediow-spolecznosciowych-wiadomo-co-za-tym-stoi","status":"publish","type":"post","link":"https:\/\/lifevery.biz.ua\/?p=1456","title":{"rendered":"Karolina Gilon na ponad miesi\u0105c znikn\u0119\u0142a z medi\u00f3w spo\u0142eczno\u015bciowych. Wiadomo, co za tym stoi"},"content":{"rendered":"\n<p>Karolina Gilon &#8211; prezenterka telewizyjna oraz by\u0142a uczestniczka programu &#8220;Top model&#8221; do tej pory by\u0142a bardzo aktywna w mediach spo\u0142eczno\u015bciowych. Internauci zauwa\u017cyli jednak, \u017ce od 31 grudnia 2025 roku na jej oficjalnym koncie na Instagramie nie pojawi\u0142 si\u0119 \u017caden nowy post. Nic wi\u0119c dziwnego, \u017ce zacz\u0119li si\u0119 niepokoi\u0107. Wiadomo, co stoi za znikni\u0119ciem prezenterki z medi\u00f3w spo\u0142eczno\u015bciowych.<\/p>\n\n\n\n<figure class=\"wp-block-image\"><img decoding=\"async\" src=\"https:\/\/cdn.galleries.smcloud.net\/thumbs\/gf-3hAT-P8jM-kzji_karolina-gilon-na-ponad-miesiac-zniknela-z-mediow-spolecznosciowych-wiadomo-co-za-tym-stoi-9-j.jpg\" alt=\"Karolina Gilon na ponad miesi\u0105c znikn\u0119\u0142a z medi\u00f3w spo\u0142eczno\u015bciowych. Wiadomo, co za tym stoi \"\/><figcaption class=\"wp-element-caption\">Autor: Kobieta, Portret, W\u0142osy Proste, \u015acianka, W\u0142osy Rozpuszczone, W\u0142osy Br\u0105zowe, Program \u015aniadaniowy, Telewizja Polsat, Telewizja \u015aniadaniowa, Halo Tu Polsat , Halo Tu Polsat &#8211; Odc. 116, Czerwiec 2025, Kar\/ AKPA<\/figcaption><\/figure>\n\n\n\n<p>Pocz\u0105tki kariery&nbsp;<a href=\"https:\/\/www.eska.pl\/tag\/karolina-gilon,tg-Mrad-yMwn-wsQH\/\" target=\"_blank\" rel=\"noreferrer noopener\"><strong>Karoliny Gilon<\/strong><\/a>&nbsp;to \u015bwiat modelingu. Udzia\u0142 w programie &#8220;Top Model&#8221; otworzy\u0142 jej drzwi do bran\u017cy i pozwoli\u0142 zdoby\u0107 pierwsze do\u015bwiadczenia przed kamer\u0105. Cho\u0107 nie wygra\u0142a programu, to zdecydowanie wykorzysta\u0142a t\u0119 szans\u0119 do rozwoju dalszej kariery medialnej. Kolejnym krokiem by\u0142a wsp\u00f3\u0142praca ze stacj\u0105 TTV, dla kt\u00f3rej prowadzi\u0142a takie formaty, jak &#8220;DeFacto&#8221; i &#8220;Druga twarz&#8221;. Karolina szybko udowodni\u0142a, \u017ce ma talent do prowadzenia program\u00f3w , a jej spontaniczno\u015b\u0107, poczucie humoru i umiej\u0119tno\u015b\u0107 improwizacji sprawi\u0142y, \u017ce sta\u0142a si\u0119 ulubienic\u0105 widz\u00f3w. W 2019 roku nawi\u0105za\u0142a wsp\u00f3\u0142prac\u0119 z Telewizj\u0105 Polsat, gdzie z powodzeniem wcieli\u0142a si\u0119 w rol\u0119 gospodyni i przewodniczki dla uczestnik\u00f3w randkowego show &#8220;Love Island. Wyspa mi\u0142o\u015bci&#8221;. Jednak, po urodzeniu synka Frania, kt\u00f3ry przyszed\u0142 na \u015bwiat w styczniu 2025 roku, Gilon nie wr\u00f3ci\u0142a do pracy. Mimo to, nadal by\u0142a bardzo aktywna w mediach spo\u0142eczno\u015bciowych, gdzie dzieli\u0142a si\u0119 z internautami fragmentami swojej codzienno\u015bci.<\/p>\n\n\n\n<p>Karolina Gilon niedawno po raz pierwszy zosta\u0142a mam\u0105. Prezenterka zdradzi\u0142a, czy pobiera 800+<\/p>\n\n\n\n<p><\/p>\n\n\n\n<h2 class=\"wp-block-heading\">Karolina Gilon znikn\u0119\u0142a z medi\u00f3w spo\u0142eczno\u015bciowych<\/h2>\n\n\n\n<p><strong>Karolina Gilon<\/strong>&nbsp;s\u0142ynie z niezwyk\u0142ej szczero\u015bci i otwarto\u015bci. Nie boi si\u0119 porusza\u0107 trudnych i niewygodnych temat\u00f3w. Cz\u0119sto tak\u017ce zwraca si\u0119 do swoich obserwator\u00f3w z zapytaniami i pro\u015bb\u0105 o rad\u0119 w przer\u00f3\u017cnych kwestiach. Jaki\u015b czas temu Karolina przekaza\u0142a za pomoc\u0105 medi\u00f3w spo\u0142eczno\u015bciowych, i\u017c wraz z partnerem Mateuszem \u015awierczy\u0144skim postanowi\u0142a uda\u0107 si\u0119 na terapi\u0119 dla par. Ostatni post na jej oficjalnym profilu w mediach spo\u0142eczno\u015bciowych pojawi\u0142 si\u0119 31 grudnia 2025 roku. Od tamtej pory Gilon nie zamie\u015bci\u0142a \u017cadnego postu ani relacji. Nic wi\u0119c dziwnego, i\u017c fani prezenterki zacz\u0119li zastanawia\u0107 si\u0119, czy wszystko u niej w porz\u0105dku. Jak ustali\u0142 serwis Pudelek, by\u0142a gospodyni &#8220;Love Island&#8221; postanowi\u0142a zrobi\u0107 sobie ma\u0142\u0105 przerw\u0119 od medi\u00f3w spo\u0142eczno\u015bciowych.<\/p>\n\n\n\n<blockquote class=\"wp-block-quote is-layout-flow wp-block-quote-is-layout-flow\">\n<p>Karolina postanowi\u0142a zrobi\u0107 sobie przerw\u0119 od social medi\u00f3w i skupi\u0107 si\u0119 na synu. Ostatnie dni sp\u0119dzi\u0142a na wakacjach w Egipcie, ale ju\u017c wraca do obowi\u0105zk\u00f3w. Czeka j\u0105 te\u017c spora zmiana, bo przeprowadza si\u0119 do nowego mieszkania &#8211; przekaza\u0142 Pudelek, powo\u0142uj\u0105c si\u0119 na swojego informatora.<\/p>\n<\/blockquote>\n\n\n\n<figure class=\"wp-block-image\"><img decoding=\"async\" src=\"https:\/\/cdn.galleries.smcloud.net\/thumbs\/gf-fUWT-fwaK-jJ1Q_czy-love-island-powroci-karolina-gilon-odpowiada-i-mowi-wprost-tesknie-9-j.jpg\" alt=\"Czy Love Island powr\u00f3ci? Karolina Gilon odpowiada i m\u00f3wi wprost: T\u0119skni\u0119\"\/><\/figure>\n\n\n\n<p><a href=\"https:\/\/www.eska.pl\/rozrywka\/galeria\/czy-love-island-powroci-karolina-gilon-odpowiada-i-mowi-wprost-tesknie\/gg-2aBi-G786-DRs8\/gp-zYnZ-5r9A-a9pj\"><\/a><\/p>\n","protected":false},"excerpt":{"rendered":"Karolina Gilon &#8211; prezenterka telewizyjna oraz by\u0142a uczestniczka programu &#8220;Top model&#8221; do tej pory by\u0142a bardzo aktywna w mediach spo\u0142eczno\u015bciowych. Internauci zauwa\u017cyli jednak, \n<a class=\"moretag\" href=\"https:\/\/lifevery.biz.ua\/?p=1456\"> [...]<\/a>","protected":false},"author":1,"featured_media":1457,"comment_status":"open","ping_status":"open","sticky":false,"template":"","format":"standard","meta":{"footnotes":""},"categories":[1],"tags":[],"class_list":["post-1456","post","type-post","status-publish","format-standard","has-post-thumbnail","hentry","category-blog"],"_links":{"self":[{"href":"https:\/\/lifevery.biz.ua\/index.php?rest_route=\/wp\/v2\/posts\/1456","targetHints":{"allow":["GET"]}}],"collection":[{"href":"https:\/\/lifevery.biz.ua\/index.php?rest_route=\/wp\/v2\/posts"}],"about":[{"href":"https:\/\/lifevery.biz.ua\/index.php?rest_route=\/wp\/v2\/types\/post"}],"author":[{"embeddable":true,"href":"https:\/\/lifevery.biz.ua\/index.php?rest_route=\/wp\/v2\/users\/1"}],"replies":[{"embeddable":true,"href":"https:\/\/lifevery.biz.ua\/index.php?rest_route=%2Fwp%2Fv2%2Fcomments&post=1456"}],"version-history":[{"count":1,"href":"https:\/\/lifevery.biz.ua\/index.php?rest_route=\/wp\/v2\/posts\/1456\/revisions"}],"predecessor-version":[{"id":1458,"href":"https:\/\/lifevery.biz.ua\/index.php?rest_route=\/wp\/v2\/posts\/1456\/revisions\/1458"}],"wp:featuredmedia":[{"embeddable":true,"href":"https:\/\/lifevery.biz.ua\/index.php?rest_route=\/wp\/v2\/media\/1457"}],"wp:attachment":[{"href":"https:\/\/lifevery.biz.ua\/index.php?rest_route=%2Fwp%2Fv2%2Fmedia&parent=1456"}],"wp:term":[{"taxonomy":"category","embeddable":true,"href":"https:\/\/lifevery.biz.ua\/index.php?rest_route=%2Fwp%2Fv2%2Fcategories&post=1456"},{"taxonomy":"post_tag","embeddable":true,"href":"https:\/\/lifevery.biz.ua\/index.php?rest_route=%2Fwp%2Fv2%2Ftags&post=1456"}],"curies":[{"name":"wp","href":"https:\/\/api.w.org\/{rel}","templated":true}]}}