{"id":1452,"date":"2026-01-29T09:58:33","date_gmt":"2026-01-29T09:58:33","guid":{"rendered":"https:\/\/lifevery.biz.ua\/?p=1452"},"modified":"2026-01-29T09:58:33","modified_gmt":"2026-01-29T09:58:33","slug":"rzadki-widok-aneta-kreglicka-zabrala-25-letniego-syna-na-premiere-aleksander-odziedziczyl-urode-po-mamie-zdjecia","status":"publish","type":"post","link":"https:\/\/lifevery.biz.ua\/?p=1452","title":{"rendered":"RZADKI WIDOK: Aneta Kr\u0119glicka zabra\u0142a 25-letniego syna na premier\u0119. Aleksander odziedziczy\u0142 urod\u0119 po mamie? (ZDJ\u0118CIA)"},"content":{"rendered":"\n<p>Aneta Kr\u0119glicka uczestniczy\u0142a w pokazie nowego filmu swojego m\u0119\u017ca. W ramach tego wielkiego rodzinnego wydarzenia fotoreporterzy zyskali niezwykle rzadk\u0105 mo\u017cliwo\u015b\u0107 uwiecznienia na zdj\u0119ciach ich jedynego syna. Czy wprowadzenie Aleksandra na salony to pr\u00f3ba wykreowania jego medialnej kariery?<\/p>\n\n\n\n<p>1<\/p>\n\n\n\n<p>&nbsp;\/&nbsp;7<\/p>\n\n\n\n<p>RZADKI WIDOK: Aneta Kr\u0119glicka zabra\u0142a 25-letniego syna na premier\u0119. Aleksander odziedziczy\u0142 urod\u0119 po mamie? (ZDJ\u0118CIA)<\/p>\n\n\n\n<figure class=\"wp-block-image\"><img decoding=\"async\" src=\"https:\/\/v.wpimg.pl\/NTUzMTNjYTU0GDtnYRFsIHdAbz0nSGJ2IFh3dmFddmAtVSs9Ig88MSUVYzM8Hz41IgpjJCJFLyQ8VTtlYQ4nJyUWLC1hDyM2MB5iYShZLTdgHHh5KA8sYXhOLjV6Ry9tNB5gYXpae2FgSXxnLQx_dig\" alt=\"Aneta Kr\u0119glicka pojawi\u0142a si\u0119 na czerwonym dywanie z synem\"\/><\/figure>\n\n\n\n<p>105<\/p>\n\n\n\n<p>61<\/p>\n\n\n\n<p><strong>Aneta Kr\u0119glicka<\/strong>\u00a0w\u00a0ubieg\u0142ym roku \u015bwi\u0119towa\u0142a okr\u0105g\u0142e urodziny. Obserwuj\u0105c jej nieprzemijalne pi\u0119kno, wrodzon\u0105 klas\u0119, a\u00a0tak\u017ce\u00a0, na utrzymanie kt\u00f3rej ca\u0142y czas pracuje w\u00a0pocie czo\u0142a, \u015bmia\u0142o mo\u017cna by za\u0142o\u017cy\u0107, \u017ce zdmuchiwa\u0142a co najwy\u017cej 40 \u015bwieczek na torcie. Tymczasem jedyna w\u00a0historii Polski zwyci\u0119\u017cczyni konkursu Miss \u015awiata do\u0142\u0105czy\u0142a do grona 60-latek. Z\u00a0tej okazji, przy okazji ucieraj\u0105c nosa natr\u0119tnym krytykom.<\/p>\n\n\n\n<p><\/p>\n\n\n\n<p>Modelka regularnie bryluje na warszawskich salonach, nieraz\u00a0Tym razem opu\u015bci\u0142a domowe pielesze, by wesprze\u0107 swojego m\u0119\u017ca,\u00a0<strong>Macieja \u017baka<\/strong>, podczas uroczystej premiery jego nowego filmu &#8220;Zapiski \u015bmiertelnika&#8221;. Tego wieczoru towarzyszy\u0142 jej te\u017c jedyny syn, 25-letni ju\u017c\u00a0<strong>Aleksander<\/strong>.<\/p>\n\n\n\n<h2 class=\"wp-block-heading\">Aneta Kr\u0119glicka pokaza\u0142a si\u0119 publicznie ze swoim dzieckiem<\/h2>\n\n\n\n<p>Muza wielu rodzimych projektant\u00f3w wielokrotnie wypowiada\u0142a si\u0119 o\u00a0synu z\u00a0czu\u0142o\u015bci\u0105 i\u00a0nieukrywan\u0105 dum\u0105. M\u0142ody m\u0119\u017cczyzna w\u00a02024 r.\u00a0 Jego s\u0142ynna mama w\u00a0wywiadzie dla &#8220;Dzie\u0144 Dobry TVN&#8221; opowiedzia\u0142a o\u00a0ich bliskiej wi\u0119zi i\u00a0wsp\u00f3lnych mianownikach.<\/p>\n\n\n\n<p>Mamy podobne poczucie humoru. Wszyscy w tr\u00f3jk\u0119 jeste\u015bmy sarkastyczni. Te same rzeczy nas bawi\u0105. Tych samych rzeczy nie lubimy. Mamy podobn\u0105 estetyk\u0119. Podobne rzeczy nam si\u0119 podobaj\u0105, wi\u0119c du\u017co podobie\u0144stw. Przede wszystkim m\u00f3j syn jest podobny do mnie. To chyba taka widoczna cecha<\/p>\n\n\n\n<p>&#8212; wspomnia\u0142a na wizji.<\/p>\n\n\n\n<p>O podobnych walorach urodowych matki i&nbsp;syna mieli w\u0142a\u015bnie okazj\u0119 przekona\u0107 si\u0119 sto\u0142eczni paparazzi. Odziana w&nbsp;monochromatyczny zestaw Aneta Kr\u0119glicka ch\u0119tnie zapozowa\u0142a do zdj\u0119\u0107&nbsp;<strong>z eleganckim Aleksandrem u&nbsp;boku<\/strong>. Jak wida\u0107 na za\u0142\u0105czonych obrazkach, gwiazda nie rzuca s\u0142\u00f3w na wiatr. M\u0142odzieniec \u015bmia\u0142o m\u00f3g\u0142by kontynuowa\u0107 jej drog\u0119 zawodow\u0105.<\/p>\n\n\n\n<p>Wyr\u00f3s\u0142 z&nbsp;niego przystojniak?<\/p>\n\n\n\n<p><\/p>\n\n\n\n<p>Aneta Kr\u0119glicka<\/p>\n\n\n\n<figure class=\"wp-block-image\"><img decoding=\"async\" src=\"https:\/\/v.wpimg.pl\/ZTQyMmE4dTUwGzteak94IHNDbwQsFnZ2JFt3T2oDYmApVisEKVEoMSEWYwo3QSo1JgljHSkbOyQ4VjtcalAzJyEVLBRqUTc2NB1iCXFXP2xlSi9AdFc-MHxNf15wGWM3Z0xgWyENYzFlS38MfVVpdiw\" alt=\"Aneta Kr\u0119glicka\"\/><\/figure>\n\n\n\n<p><a href=\"https:\/\/www.pudelek.pl\/zac-efron-jest-zamieszany-w-proces-o-handel-ludzmi-7248391161637248a\"><\/a><\/p>\n\n\n\n<p><a href=\"https:\/\/www.pudelek.pl\/zac-efron-jest-zamieszany-w-proces-o-handel-ludzmi-7248391161637248a\"><\/a><\/p>\n\n\n\n<p><\/p>\n\n\n\n<p>Aneta Kr\u0119glicka<\/p>\n\n\n\n<figure class=\"wp-block-image\"><img decoding=\"async\" src=\"https:\/\/v.wpimg.pl\/ODAzYjkyYCUgGC9ZRAJtMGNAewMCW2NmNFhjSEROd3A5VT8DBxw9ITEVdw0ZDD8lNgp3GgdWLjQoVS9bRB0mNzEWOBNEHCImJB52CwpJenwgGTtHWEx8fGxOaFkJVHZzck90Ul5IKnxxSTtTWRosZjw\" alt=\"Aneta Kr\u0119glicka\"\/><\/figure>\n\n\n\n<p>130<\/p>\n\n\n\n<p><\/p>\n\n\n\n<p>Aneta Kr\u0119glicka z synem<\/p>\n\n\n\n<figure class=\"wp-block-image\"><img decoding=\"async\" src=\"https:\/\/v.wpimg.pl\/YjE4NmEydgskVjheagJ7HmcObAQsW3VIMBZ0T2pOYV49GygEKRwrDzVbYAo3DCkLMkRgHSlWOBosGzhcah0wGTVYLxRqHDQIIFBhCXYcP159A31AckhrWWgAewghVDhdcQxjVHJLagh0DHgMd0xoSDg\" alt=\"Aneta Kr\u0119glicka z synem\"\/><\/figure>\n\n\n\n<p>143<\/p>\n\n\n\n<p>48<\/p>\n\n\n\n<p>Zobacz tak\u017ce:&nbsp;Dorota Szel\u0105gowska o synu. Tak zareagowa\u0142a na pytanie o jego karier\u0119<\/p>\n","protected":false},"excerpt":{"rendered":"Aneta Kr\u0119glicka uczestniczy\u0142a w pokazie nowego filmu swojego m\u0119\u017ca. W ramach tego wielkiego rodzinnego wydarzenia fotoreporterzy zyskali niezwykle rzadk\u0105 mo\u017cliwo\u015b\u0107 uwiecznienia na zdj\u0119ciach \n<a class=\"moretag\" href=\"https:\/\/lifevery.biz.ua\/?p=1452\"> [...]<\/a>","protected":false},"author":1,"featured_media":1453,"comment_status":"open","ping_status":"open","sticky":false,"template":"","format":"standard","meta":{"footnotes":""},"categories":[1],"tags":[],"class_list":["post-1452","post","type-post","status-publish","format-standard","has-post-thumbnail","hentry","category-blog"],"_links":{"self":[{"href":"https:\/\/lifevery.biz.ua\/index.php?rest_route=\/wp\/v2\/posts\/1452","targetHints":{"allow":["GET"]}}],"collection":[{"href":"https:\/\/lifevery.biz.ua\/index.php?rest_route=\/wp\/v2\/posts"}],"about":[{"href":"https:\/\/lifevery.biz.ua\/index.php?rest_route=\/wp\/v2\/types\/post"}],"author":[{"embeddable":true,"href":"https:\/\/lifevery.biz.ua\/index.php?rest_route=\/wp\/v2\/users\/1"}],"replies":[{"embeddable":true,"href":"https:\/\/lifevery.biz.ua\/index.php?rest_route=%2Fwp%2Fv2%2Fcomments&post=1452"}],"version-history":[{"count":1,"href":"https:\/\/lifevery.biz.ua\/index.php?rest_route=\/wp\/v2\/posts\/1452\/revisions"}],"predecessor-version":[{"id":1454,"href":"https:\/\/lifevery.biz.ua\/index.php?rest_route=\/wp\/v2\/posts\/1452\/revisions\/1454"}],"wp:featuredmedia":[{"embeddable":true,"href":"https:\/\/lifevery.biz.ua\/index.php?rest_route=\/wp\/v2\/media\/1453"}],"wp:attachment":[{"href":"https:\/\/lifevery.biz.ua\/index.php?rest_route=%2Fwp%2Fv2%2Fmedia&parent=1452"}],"wp:term":[{"taxonomy":"category","embeddable":true,"href":"https:\/\/lifevery.biz.ua\/index.php?rest_route=%2Fwp%2Fv2%2Fcategories&post=1452"},{"taxonomy":"post_tag","embeddable":true,"href":"https:\/\/lifevery.biz.ua\/index.php?rest_route=%2Fwp%2Fv2%2Ftags&post=1452"}],"curies":[{"name":"wp","href":"https:\/\/api.w.org\/{rel}","templated":true}]}}