{"id":1436,"date":"2026-01-29T04:57:59","date_gmt":"2026-01-29T04:57:59","guid":{"rendered":"https:\/\/lifevery.biz.ua\/?p=1436"},"modified":"2026-01-29T04:57:59","modified_gmt":"2026-01-29T04:57:59","slug":"sylwia-peretti-znana-z-programu-krolowe-zycia-od-czasu-tragicznej-smierci-syna-rzadko-udziela-sie-w-mediach-teraz-opublikowala-zdjecie-bardzo-osobistego-tatuazu-wykonanego-na-dloni","status":"publish","type":"post","link":"https:\/\/lifevery.biz.ua\/?p=1436","title":{"rendered":"Sylwia Peretti, znana z programu &#8220;Kr\u00f3lowe \u017cycia&#8221; od czasu tragicznej \u015bmierci syna rzadko udziela si\u0119 w mediach. Teraz opublikowa\u0142a zdj\u0119cie bardzo osobistego tatua\u017cu wykonanego na d\u0142oni."},"content":{"rendered":"\n<p>przez lata kojarzona by\u0142a z luksusem\u00a0i bezkompromisowo\u015bci\u0105, kt\u00f3r\u0105 prezentowa\u0142a w telewizyjnym hicie TTV &#8220;Kr\u00f3lowe \u017cycia&#8221;. Jej \u017cycie zmieni\u0142o si\u0119 bezpowrotnie w\u00a0<strong>lipcu 2023 roku<\/strong>, kiedy w wypadku samochodowym\u00a0. Po tym traumatycznym wydarzeniu celebrytka wycofa\u0142a si\u0119 z \u017cycia publicznego, skupiaj\u0105c si\u0119 na prze\u017cywaniu \u017ca\u0142oby. Dzi\u015b jej media spo\u0142eczno\u015bciowe sta\u0142y si\u0119 miejscem pami\u0119ci o Patryku, a najnowszy gest gwiazdy jest kolejnym dowodem na to, jak wielka pustka pozosta\u0142a w jej sercu.<\/p>\n\n\n\n<p>Gr\u00f3b Patryka Perettiego w przeddzie\u0144 2 rocznicy \u015bmierci<\/p>\n\n\n\n<h2 class=\"wp-block-heading\" id=\"wymowny-tatuaz\">Wymowny tatua\u017c<\/h2>\n\n\n\n<p>Mimo wycofania si\u0119 z blasku fleszy, Sylwia Peretti pozostaje w kontakcie z blisko p\u00f3\u0142milionow\u0105 rzesz\u0105 obserwator\u00f3w na Instagramie. Czasami&nbsp;s\u0105 to kadry z cmentarza, pe\u0142ne zadumy. Tym razem jednak zdecydowa\u0142a si\u0119 na inny krok \u2013 postanowi\u0142a uwieczni\u0107 pami\u0119\u0107 o synu w wyj\u0105tkowy i trwa\u0142y spos\u00f3b.&nbsp;Gwiazda zaprezentowa\u0142a na d\u0142oni \u015bwie\u017co wykonany tatua\u017c. Na fotografii widzimy bardzo prostu wz\u00f3r, wr\u0119cz&nbsp;minimalistyczny i surowy. Na jej d\u0142oni widnieje ci\u0105g cyfr:&nbsp;<strong>12.05.99 7:25<\/strong>&nbsp;&#8211; to data i godzina urodzenia jej syna Patryka.<\/p>\n\n\n\n<figure class=\"wp-block-image\"><img decoding=\"async\" src=\"https:\/\/cdn.galleries.smcloud.net\/thumbs\/gf-K7uA-ZZmw-sn7s_sylwia-peretti-upamietnila-syna-zrobila-tatuaz-na-czesc-zmarlego-3-lata-temu-patryka-8-j.jpg\" alt=\"Sylwia Peretti upami\u0119tni\u0142a syna. Zrobi\u0142a tatua\u017c na cze\u015b\u0107 zmar\u0142ego 3 lata temu Patryka\"\/><figcaption class=\"wp-element-caption\">Autor: sylwia_peretti\/ Instagram<\/figcaption><\/figure>\n","protected":false},"excerpt":{"rendered":"przez lata kojarzona by\u0142a z luksusem\u00a0i bezkompromisowo\u015bci\u0105, kt\u00f3r\u0105 prezentowa\u0142a w telewizyjnym hicie TTV &#8220;Kr\u00f3lowe \u017cycia&#8221;. Jej \u017cycie zmieni\u0142o si\u0119 bezpowrotnie w\u00a0lipcu 2023 roku, \n<a class=\"moretag\" href=\"https:\/\/lifevery.biz.ua\/?p=1436\"> [...]<\/a>","protected":false},"author":1,"featured_media":1437,"comment_status":"open","ping_status":"open","sticky":false,"template":"","format":"standard","meta":{"footnotes":""},"categories":[1],"tags":[],"class_list":["post-1436","post","type-post","status-publish","format-standard","has-post-thumbnail","hentry","category-blog"],"_links":{"self":[{"href":"https:\/\/lifevery.biz.ua\/index.php?rest_route=\/wp\/v2\/posts\/1436","targetHints":{"allow":["GET"]}}],"collection":[{"href":"https:\/\/lifevery.biz.ua\/index.php?rest_route=\/wp\/v2\/posts"}],"about":[{"href":"https:\/\/lifevery.biz.ua\/index.php?rest_route=\/wp\/v2\/types\/post"}],"author":[{"embeddable":true,"href":"https:\/\/lifevery.biz.ua\/index.php?rest_route=\/wp\/v2\/users\/1"}],"replies":[{"embeddable":true,"href":"https:\/\/lifevery.biz.ua\/index.php?rest_route=%2Fwp%2Fv2%2Fcomments&post=1436"}],"version-history":[{"count":1,"href":"https:\/\/lifevery.biz.ua\/index.php?rest_route=\/wp\/v2\/posts\/1436\/revisions"}],"predecessor-version":[{"id":1438,"href":"https:\/\/lifevery.biz.ua\/index.php?rest_route=\/wp\/v2\/posts\/1436\/revisions\/1438"}],"wp:featuredmedia":[{"embeddable":true,"href":"https:\/\/lifevery.biz.ua\/index.php?rest_route=\/wp\/v2\/media\/1437"}],"wp:attachment":[{"href":"https:\/\/lifevery.biz.ua\/index.php?rest_route=%2Fwp%2Fv2%2Fmedia&parent=1436"}],"wp:term":[{"taxonomy":"category","embeddable":true,"href":"https:\/\/lifevery.biz.ua\/index.php?rest_route=%2Fwp%2Fv2%2Fcategories&post=1436"},{"taxonomy":"post_tag","embeddable":true,"href":"https:\/\/lifevery.biz.ua\/index.php?rest_route=%2Fwp%2Fv2%2Ftags&post=1436"}],"curies":[{"name":"wp","href":"https:\/\/api.w.org\/{rel}","templated":true}]}}