{"id":1425,"date":"2026-01-29T04:41:47","date_gmt":"2026-01-29T04:41:47","guid":{"rendered":"https:\/\/lifevery.biz.ua\/?p=1425"},"modified":"2026-01-29T04:41:47","modified_gmt":"2026-01-29T04:41:47","slug":"nie-spi-od-tygodni-a-jej-organizm-mowi-dosc-doda-w-szpitalu-oglosila-ostatnie-widzenie","status":"publish","type":"post","link":"https:\/\/lifevery.biz.ua\/?p=1425","title":{"rendered":"Nie \u015bpi od tygodni, a jej organizm m\u00f3wi &#8220;do\u015b\u0107&#8221;. Doda w szpitalu og\u0142osi\u0142a &#8220;ostatnie widzenie&#8221;"},"content":{"rendered":"\n<p>Doda potrafi zelektryzowa\u0107 internet jednym zdj\u0119ciem, ale tym razem posz\u0142a o krok dalej. Gdy na jej profilu pojawi\u0142y si\u0119 kadry ze szpitala i z\u0142owieszczo brzmi\u0105ce po\u017cegnanie, sie\u0107 zap\u0142on\u0119\u0142a. Obserwatorzy, maj\u0105cy w pami\u0119ci jej ostatnie dramatyczne wyznania o zdrowiu psychicznym, zacz\u0119li \u0142\u0105czy\u0107 kropki w najczarniejszy scenariusz. Na szcz\u0119\u015bcie, zanim plotki wymkn\u0119\u0142y si\u0119 spod kontroli, gwiazda w swoim stylu wyja\u015bni\u0142a, co tak naprawd\u0119 dzieje si\u0119 za zamkni\u0119tymi drzwiami kliniki.<\/p>\n\n\n\n<p>Szpital, \u0142zy i \u201eostatnie widzenie\u201d. Fani Dody prze\u017cyli chwile grozy<br>Kiedy Doda w\u0142\u0105cza kamer\u0119 na Instagramie w sterylnych, szpitalnych wn\u0119trzach, zazwyczaj nie wr\u00f3\u017cy to nic dobrego. Tym razem artystka stan\u0119\u0142a u boku swojego wieloletniego menad\u017cera, Rafa\u0142a Bogacza, i rzuci\u0142a do telefonu zdanie, kt\u00f3re bez kontekstu brzmia\u0142o jak definitywny koniec ich wsp\u00f3\u0142pracy, a mo\u017ce nawet co\u015b gorszego.<\/p>\n\n\n\n<p>No dobrze Kochani, nadszed\u0142 ten dzie\u0144. Rafi mnie widzi po raz ostatni.<\/p>\n\n\n\n<p>Wielu fan\u00f3w wstrzyma\u0142o oddech. Czy to koniec wieloletniej przyja\u017ani? A mo\u017ce stan zdrowia samej artystki drastycznie si\u0119 pogorszy\u0142? Doda jednak b\u0142yskawicznie roz\u0142adowa\u0142a napi\u0119cie, serwuj\u0105c internautom klasyczny dla siebie zwrot akcji. Chodzi\u0142o o wad\u0119 wzroku, z kt\u00f3r\u0105 od lat zmaga\u0142 si\u0119 Rafi, menad\u017cer Dody, a &#8220;ostatnie widzenie&#8221; dotyczy\u0142o jedynie\u2026 nieostrego obrazu przed zabiegiem.<\/p>\n\n\n\n<p>Oczywi\u015bcie, tak\u0105 troszeczk\u0119 zamazan\u0105.<\/p>\n\n\n\n<p>Okaza\u0142o si\u0119, \u017ce piosenkarka wcieli\u0142a si\u0119 w rol\u0119 najwierniejszej piel\u0119gniarki i wsparcia, towarzysz\u0105c przyjacielowi w kluczowym momencie. To w\u0142a\u015bnie operacja oczu by\u0142a powodem wizyty Dody w szpitalu. Gwiazda, dbaj\u0105c o morale pacjenta, zaanga\u017cowa\u0142a w proces ca\u0142\u0105 swoj\u0105 spo\u0142eczno\u015b\u0107:<\/p>\n\n\n\n<p>Trzymajcie kciuki za Rafiego..<\/p>\n\n\n\n<p><img loading=\"lazy\" decoding=\"async\" src=\"https:\/\/img.styl.fm\/resize\/w1280\/newsy\/wp-content\/uploads\/2026\/01\/doda-rafal-bogacz.png\" alt=\"Doda i Rafa\u0142 Bogacz w szpitalu przed operacj\u0105 oczu Rafiego\" width=\"484\" height=\"764\">instagram.com\/dodaqueen<\/p>\n\n\n\n<p>Reklama<\/p>\n\n\n\n<h2 class=\"wp-block-heading\">Emocjonalny walec przejecha\u0142 po gwie\u017adzie. Cena za walk\u0119 o zwierz\u0119ta jest przera\u017caj\u0105ca<\/h2>\n\n\n\n<p>Cho\u0107 tym razem to nie&nbsp;<strong>Doda<\/strong>&nbsp;by\u0142a pacjentk\u0105, jej obecno\u015b\u0107 w plac\u00f3wce medycznej jest gorzkim memento jej obecnego stanu. Artystka jest wycie\u0144czona, ale wci\u0105\u017c trwa na posterunku. Ostatnie tygodnie to dla niej prawdziwy emocjonalny rollercoaster, a pomoc zwierz\u0119tom sta\u0142a si\u0119 misj\u0105, kt\u00f3ra zacz\u0119\u0142a zjada\u0107 jej w\u0142asne zdrowie.<\/p>\n\n\n\n<p><\/p>\n\n\n\n<p>Widzieli\u015bmy j\u0105 wsz\u0119dzie \u2014\u00a0 Interweniowa\u0142a u prezydenta Bytomia w sprawie zaniedbanego schroniska i walczy\u0142a z patologiami w tzw. &#8220;patochroniskach&#8221;.<\/p>\n\n\n\n<p><\/p>\n\n\n\n<p>Ta determinacja ma jednak swoj\u0105 cen\u0119<\/p>\n\n\n\n<p><\/p>\n\n\n\n<blockquote class=\"wp-block-quote is-layout-flow wp-block-quote-is-layout-flow\">\n<p>Dzi\u015b spa\u0142am trzy godziny. To jest ju\u017c tydzie\u0144, odk\u0105d prawie w og\u00f3le nie \u015bpi\u0119. Obrazy i informacje, kt\u00f3re do mnie dotar\u0142y w ostatnich dniach, bardzo mnie psychicznie poturbowa\u0142y. Najnormalniej w \u015bwiecie nie daj\u0119 sobie ju\u017c z tym rady.<\/p>\n<\/blockquote>\n\n\n\n<p>To nie jest zwyk\u0142e zm\u0119czenie materia\u0142u.&nbsp;<strong>Doda<\/strong>&nbsp;przyzna\u0142a wprost, \u017ce dla ratowania czworonog\u00f3w po\u015bwi\u0119ci\u0142a absolutnie wszystko \u2014 od kariery po \u017cycie prywatne. Jej organizm wysy\u0142a sygna\u0142y alarmowe, a bezsenno\u015b\u0107 sta\u0142a si\u0119 jej now\u0105, mroczn\u0105 codzienno\u015bci\u0105.<\/p>\n\n\n\n<blockquote class=\"wp-block-quote is-layout-flow wp-block-quote-is-layout-flow\">\n<p>Od trzech tygodni nie istnieje moja praca, nie istnieje moje \u017cycie prywatne. Moi bliscy zapytali mnie, gdzie jest granica. Obieca\u0142am sobie, \u017ce je\u015bli uda si\u0119 zamkn\u0105\u0107 cho\u0107 dwa patoschroniska, powiem stop.<\/p>\n<\/blockquote>\n\n\n\n<p><img loading=\"lazy\" decoding=\"async\" src=\"https:\/\/img.styl.fm\/resize\/w1280\/newsy\/wp-content\/uploads\/2026\/01\/doda-1-1.jpg\" alt=\"Doda w r\u00f3\u017cowej czapce i r\u00f3\u017cowym dresie obok piesk\u00f3w ze schroniska\" width=\"1080\" height=\"1440\">instagram.com\/dodaqueen<\/p>\n\n\n\n<h2 class=\"wp-block-heading\">\u201eRafi, trzymaj si\u0119!\u201d. Doda porzuca w\u0142asne problemy, by ratowa\u0107 wzrok przyjaciela<\/h2>\n\n\n\n<p>W \u015bwiecie show-biznesu, gdzie przyja\u017anie cz\u0119sto ko\u0144cz\u0105 si\u0119 wraz z wyga\u015bni\u0119ciem kontraktu, relacja na linii&nbsp;<strong>Doda-Rafa\u0142 Bogacz<\/strong>&nbsp;to ewenement. Mimo \u017ce sama ledwo trzyma si\u0119 na nogach, walcz\u0105c z atakami paniki i brakiem snu, artystka nie zawaha\u0142a si\u0119 ani chwili, by by\u0107 przy swoim menad\u017cerze.<\/p>\n\n\n\n<p>To rzadki moment czu\u0142o\u015bci i absolutnej lojalno\u015bci.&nbsp;<strong>Doda<\/strong>&nbsp;Instagram traktuje jak pole bitwy o sprawy wa\u017cne, ale tym razem pokaza\u0142a, \u017ce najwa\u017cniejsi s\u0105 dla niej ludzie (i zwierz\u0119ta), kt\u00f3rych kocha. Miejmy nadziej\u0119, \u017ce teraz, gdy Rafi odzyska pe\u0142n\u0105 ostro\u015b\u0107 widzenia, dostrze\u017ce r\u00f3wnie\u017c, \u017ce jego szefowa potrzebuje chwili oddechu bardziej ni\u017c kiedykolwiek.<\/p>\n","protected":false},"excerpt":{"rendered":"Doda potrafi zelektryzowa\u0107 internet jednym zdj\u0119ciem, ale tym razem posz\u0142a o krok dalej. Gdy na jej profilu pojawi\u0142y si\u0119 kadry ze szpitala i \n<a class=\"moretag\" href=\"https:\/\/lifevery.biz.ua\/?p=1425\"> [...]<\/a>","protected":false},"author":1,"featured_media":1426,"comment_status":"open","ping_status":"open","sticky":false,"template":"","format":"standard","meta":{"footnotes":""},"categories":[1],"tags":[],"class_list":["post-1425","post","type-post","status-publish","format-standard","has-post-thumbnail","hentry","category-blog"],"_links":{"self":[{"href":"https:\/\/lifevery.biz.ua\/index.php?rest_route=\/wp\/v2\/posts\/1425","targetHints":{"allow":["GET"]}}],"collection":[{"href":"https:\/\/lifevery.biz.ua\/index.php?rest_route=\/wp\/v2\/posts"}],"about":[{"href":"https:\/\/lifevery.biz.ua\/index.php?rest_route=\/wp\/v2\/types\/post"}],"author":[{"embeddable":true,"href":"https:\/\/lifevery.biz.ua\/index.php?rest_route=\/wp\/v2\/users\/1"}],"replies":[{"embeddable":true,"href":"https:\/\/lifevery.biz.ua\/index.php?rest_route=%2Fwp%2Fv2%2Fcomments&post=1425"}],"version-history":[{"count":1,"href":"https:\/\/lifevery.biz.ua\/index.php?rest_route=\/wp\/v2\/posts\/1425\/revisions"}],"predecessor-version":[{"id":1427,"href":"https:\/\/lifevery.biz.ua\/index.php?rest_route=\/wp\/v2\/posts\/1425\/revisions\/1427"}],"wp:featuredmedia":[{"embeddable":true,"href":"https:\/\/lifevery.biz.ua\/index.php?rest_route=\/wp\/v2\/media\/1426"}],"wp:attachment":[{"href":"https:\/\/lifevery.biz.ua\/index.php?rest_route=%2Fwp%2Fv2%2Fmedia&parent=1425"}],"wp:term":[{"taxonomy":"category","embeddable":true,"href":"https:\/\/lifevery.biz.ua\/index.php?rest_route=%2Fwp%2Fv2%2Fcategories&post=1425"},{"taxonomy":"post_tag","embeddable":true,"href":"https:\/\/lifevery.biz.ua\/index.php?rest_route=%2Fwp%2Fv2%2Ftags&post=1425"}],"curies":[{"name":"wp","href":"https:\/\/api.w.org\/{rel}","templated":true}]}}