{"id":1418,"date":"2026-01-29T04:36:58","date_gmt":"2026-01-29T04:36:58","guid":{"rendered":"https:\/\/lifevery.biz.ua\/?p=1418"},"modified":"2026-01-29T04:36:58","modified_gmt":"2026-01-29T04:36:58","slug":"karol-nawrocki-jako-pierwszy-prezydent-odcial-sie-od-wosp-powod-zwala-z-nog","status":"publish","type":"post","link":"https:\/\/lifevery.biz.ua\/?p=1418","title":{"rendered":"Karol Nawrocki jako pierwszy prezydent odci\u0105\u0142 si\u0119 od WO\u015aP. Pow\u00f3d zwala z n\u00f3g!"},"content":{"rendered":"\n<p><strong>Podczas gdy ca\u0142a Polska gra\u0142a z Wielk\u0105 Orkiestr\u0105 \u015awi\u0105tecznej Pomocy, a na ulicach miast miliony serc bi\u0142y w rytmie pomagania, w Pa\u0142acu Prezydenckim panowa\u0142a wymowna cisza. Tegoroczny, 34. Fina\u0142 WO\u015aP przeszed\u0142 do historii nie tylko ze wzgl\u0119du na rekordowe zbi\u00f3rki, ale przede wszystkim przez bezprecedensow\u0105 decyzj\u0119 g\u0142owy pa\u0144stwa. Karol Nawrocki jako pierwszy prezydent w historii III RP ca\u0142kowicie zignorowa\u0142 akcj\u0119 Jurka Owsiaka. To koniec pewnej ery.<\/strong><\/p>\n\n\n\n<p>Reklama<\/p>\n\n\n\n<h2 class=\"wp-block-heading\">Sk\u0105d taka decyzja? Zbigniew Bogucki przerywa milczenie w sprawie WO\u015aP<\/h2>\n\n\n\n<p>Gdy miliony Polak\u00f3w wrzuca\u0142y pieni\u0105dze do puszek, by wesprze\u0107 akcj\u0119\u00a0\u00a0&#8220;Zdrowe brzuszki naszych dzieci&#8221;, wielu zastanawia\u0142o si\u0119, co na licytacj\u0119 przekaza\u0142 prezydent. Pocz\u0105tkowo Kancelaria Prezydenta nabra\u0142a wody w usta. Gdy portal Gazeta.pl zapyta\u0142 o dary na aukcj\u0119, urz\u0119dnicy zas\u0142onili si\u0119 przepisami, twierdz\u0105c, \u017ce &#8220;pytania o zdarzenia przysz\u0142e nie podlegaj\u0105 ustawie&#8221;. Ta dyplomatyczna wym\u00f3wka szybko jednak przesta\u0142a by\u0107 aktualna.<\/p>\n\n\n\n<p>Prawdziwe powody wy\u0142o\u017cy\u0142 kaw\u0119 na \u0142aw\u0119 szef Kancelarii Prezydenta,\u00a0<strong>Zbigniew Bogucki<\/strong>. W rozmowie z Radiem ZET przyzna\u0142 wprost, \u017ce powodem\u00a0nie by\u0142 brak czasu, lecz kwestie ideologiczne. Wed\u0142ug niego\u00a0<strong>Jerzy Owsiak<\/strong>\u00a0przesta\u0142 by\u0107 jedynie filantropem.<\/p>\n\n\n\n<p><\/p>\n\n\n\n<blockquote class=\"wp-block-quote is-layout-flow wp-block-quote-is-layout-flow\">\n<p>Jurek Owsiak zbyt mocno wszed\u0142 w polityk\u0119.<\/p>\n<\/blockquote>\n\n\n\n<p><strong>Bogucki<\/strong>&nbsp;nie gryz\u0142 si\u0119 w j\u0119zyk, wspominaj\u0105c swoje do\u015bwiadczenia z Przystankiem Woodstock. Jego zdaniem has\u0142a o mi\u0142o\u015bci to tylko fasada, pod kt\u00f3r\u0105 kryje si\u0119 brutalna walka polityczna.<\/p>\n\n\n\n<blockquote class=\"wp-block-quote is-layout-flow wp-block-quote-is-layout-flow\">\n<p>Sta\u0142o si\u0119 zupe\u0142nie inaczej. Oficjalnie by\u0142o has\u0142o mi\u0142o\u015b\u0107, przyja\u017a\u0144, muzyka a by\u0142o tam mn\u00f3stwo polityki. Arty\u015bci podburzali t\u0142um, \u017ceby wykrzykiwa\u0107 wulgarne has\u0142o pod adresem PiS.<\/p>\n<\/blockquote>\n\n\n\n<p><img loading=\"lazy\" decoding=\"async\" src=\"https:\/\/img.styl.fm\/resize\/w1280\/newsy\/wp-content\/uploads\/2025\/11\/karol-nawrocki-tv-republika-prezydent-pl-3.jpg\" alt=\"Karol Nawrocki w garniturze i niebieskim krawacie rozk\u0142ada r\u0119ce nad sto\u0142em z bukietem kwiat\u00f3w\" width=\"1920\" height=\"1281\">prezydent.pl<\/p>\n\n\n\n<p><\/p>\n\n\n\n<h2 class=\"wp-block-heading\">Tradycja zerwana po latach. Nawet Andrzej Duda wspiera\u0142 Owsiaka<\/h2>\n\n\n\n<p>Tego dnia Pa\u0142ac Prezydencki dos\u0142ownie \u015bwieci\u0142 pustkami. To historyczny precedens, bo do tej pory, niezale\u017cnie od barw partyjnych, urz\u0119duj\u0105cy prezydenci zawsze dorzucali swoj\u0105 cegie\u0142k\u0119 do zbi\u00f3rki. Robi\u0142 to\u00a0<strong>Lech Kaczy\u0144ski<\/strong>, a<\/p>\n\n\n\n<p><\/p>\n\n\n\n<p>Izolacja prezydenta by\u0142a tym bardziej widoczna, gdy spojrzy si\u0119 na wyniki aukcji jego politycznych oponent\u00f3w. Podczas gdy&nbsp;<strong>Karol Nawrocki<\/strong>&nbsp;milcza\u0142, premier<strong>&nbsp;Donald Tusk<\/strong>&nbsp;rozbi\u0142 bank \u2013 jego z\u0142ote buty pi\u0142karskie osi\u0105gn\u0119\u0142y zawrotn\u0105 cen\u0119 ponad 115 tys. z\u0142.&nbsp;<strong>Rados\u0142aw Sikorski<\/strong>&nbsp;za przeja\u017cd\u017ck\u0119 rowerow\u0105 zebra\u0142 ponad 65 tys. z\u0142. Tymczasem urz\u0119duj\u0105cy prezydent sta\u0142 si\u0119 jedynym, kt\u00f3ry ostentacyjnie odwr\u00f3ci\u0142 wzrok od najwi\u0119kszej akcji charytatywnej w Polsce.<\/p>\n","protected":false},"excerpt":{"rendered":"Podczas gdy ca\u0142a Polska gra\u0142a z Wielk\u0105 Orkiestr\u0105 \u015awi\u0105tecznej Pomocy, a na ulicach miast miliony serc bi\u0142y w rytmie pomagania, w Pa\u0142acu Prezydenckim \n<a class=\"moretag\" href=\"https:\/\/lifevery.biz.ua\/?p=1418\"> [...]<\/a>","protected":false},"author":1,"featured_media":1420,"comment_status":"open","ping_status":"open","sticky":false,"template":"","format":"standard","meta":{"footnotes":""},"categories":[1],"tags":[],"class_list":["post-1418","post","type-post","status-publish","format-standard","has-post-thumbnail","hentry","category-blog"],"_links":{"self":[{"href":"https:\/\/lifevery.biz.ua\/index.php?rest_route=\/wp\/v2\/posts\/1418","targetHints":{"allow":["GET"]}}],"collection":[{"href":"https:\/\/lifevery.biz.ua\/index.php?rest_route=\/wp\/v2\/posts"}],"about":[{"href":"https:\/\/lifevery.biz.ua\/index.php?rest_route=\/wp\/v2\/types\/post"}],"author":[{"embeddable":true,"href":"https:\/\/lifevery.biz.ua\/index.php?rest_route=\/wp\/v2\/users\/1"}],"replies":[{"embeddable":true,"href":"https:\/\/lifevery.biz.ua\/index.php?rest_route=%2Fwp%2Fv2%2Fcomments&post=1418"}],"version-history":[{"count":1,"href":"https:\/\/lifevery.biz.ua\/index.php?rest_route=\/wp\/v2\/posts\/1418\/revisions"}],"predecessor-version":[{"id":1421,"href":"https:\/\/lifevery.biz.ua\/index.php?rest_route=\/wp\/v2\/posts\/1418\/revisions\/1421"}],"wp:featuredmedia":[{"embeddable":true,"href":"https:\/\/lifevery.biz.ua\/index.php?rest_route=\/wp\/v2\/media\/1420"}],"wp:attachment":[{"href":"https:\/\/lifevery.biz.ua\/index.php?rest_route=%2Fwp%2Fv2%2Fmedia&parent=1418"}],"wp:term":[{"taxonomy":"category","embeddable":true,"href":"https:\/\/lifevery.biz.ua\/index.php?rest_route=%2Fwp%2Fv2%2Fcategories&post=1418"},{"taxonomy":"post_tag","embeddable":true,"href":"https:\/\/lifevery.biz.ua\/index.php?rest_route=%2Fwp%2Fv2%2Ftags&post=1418"}],"curies":[{"name":"wp","href":"https:\/\/api.w.org\/{rel}","templated":true}]}}