{"id":1399,"date":"2026-01-28T12:04:18","date_gmt":"2026-01-28T12:04:18","guid":{"rendered":"https:\/\/lifevery.biz.ua\/?p=1399"},"modified":"2026-01-28T12:04:18","modified_gmt":"2026-01-28T12:04:18","slug":"posepni-beckhamowie-snuja-sie-po-paryzu-z-przybita-harper-tak-bardzo-tesknia-za-brooklynem-zdjecia","status":"publish","type":"post","link":"https:\/\/lifevery.biz.ua\/?p=1399","title":{"rendered":"Pos\u0119pni Beckhamowie snuj\u0105 si\u0119 po Pary\u017cu z przybit\u0105 Harper. Tak bardzo t\u0119skni\u0105 za Brooklynem? (ZDJ\u0118CIA)"},"content":{"rendered":"\n<p>Wielu fan\u00f3w zastanawia si\u0119 nad mo\u017cliwym ko\u0144cem rodzinnych spor\u00f3w Beckham\u00f3w. Plotki wskazuj\u0105, \u017ce&nbsp;<strong>Victoria&nbsp;<\/strong>i&nbsp;<strong>David Beckhamowie&nbsp;<\/strong>pragn\u0105 za\u017cegna\u0107 konflikt z&nbsp;<strong>Brooklynem<\/strong>&nbsp;pod jednym kluczowym warunkiem. \u017bona aspiruj\u0105cego kucharza,&nbsp;<strong>Nicola Peltz<\/strong>, jest wed\u0142ug nich przeszkod\u0105 w&nbsp;odbudowie relacji.<\/p>\n\n\n\n<p><strong><a href=\"https:\/\/www.pudelek.pl\/david-i-victoria-beckhamowie-chca-pokoju-z-brooklynem-ale-stawiaja-ultimatum-nicola-musi-zniknac-7248038037395712a\">David i&nbsp;Victoria Beckhamowie chc\u0105 pokoju z&nbsp;Brooklynem, ale stawiaj\u0105 ultimatum: &#8220;Nicola musi&nbsp;ZNIKN\u0104\u0106&#8221;<\/a><\/strong><\/p>\n\n\n\n<p>Brooklyn oskar\u017cy\u0142 rodzic\u00f3w o&nbsp;manipulowanie jego ma\u0142\u017ce\u0144stwem oraz pr\u00f3b\u0119 kontrolowania go. Konflikt ten sta\u0142 si\u0119 jednym z&nbsp;wa\u017cniejszych temat\u00f3w w&nbsp;brytyjskich mediach, kt\u00f3re doszukuj\u0105 si\u0119 analogii mi\u0119dzy Beckhamami a&nbsp;rodzin\u0105 kr\u00f3lewsk\u0105 &#8211;&nbsp;Brooklyna i&nbsp;jego ma\u0142\u017conk\u0119 por\u00f3wnuje si\u0119 do&nbsp;<strong>ksi\u0119cia Harry&#8217;ego<\/strong>&nbsp;i&nbsp;<strong>Meghan Markle<\/strong>. \u017beby by\u0142o ciekawiej, podobnie jak rudow\u0142osy royals, 26-latek te\u017c pono\u0107 szykuje ju\u017c swoj\u0105 autobiografi\u0119, w&nbsp;kt\u00f3rej wypierze rodzinne brudy.<\/p>\n\n\n\n<p><strong><a href=\"https:\/\/www.pudelek.pl\/rodzice-brooklyna-beckhama-sa-calkowicie-rozbici-po-jego-bezlitosnych-slowach-nie-moga-uwierzyc-ze-on-to-zrobil-7247961356134656a\">Rodzice Brooklyna Beckhama s\u0105 &#8220;CA\u0141KOWICIE ROZBICI&#8221; po jego bezlitosnych s\u0142owach: &#8220;Nie mog\u0105 uwierzy\u0107, \u017ce on to&nbsp;zrobi\u0142&#8221;<\/a><\/strong><\/p>\n\n\n\n<p>Od wybuchu afery media z&nbsp;uwag\u0105 \u015bledz\u0105 ka\u017cdy krok s\u0142ynnej familii. W&nbsp;poniedzia\u0142ek Victoria i&nbsp;David Beckhamowie<strong>&nbsp;<\/strong>wraz z&nbsp;trojgiem m\u0142odszych dzieci i&nbsp;ich drugimi po\u0142\u00f3wkami zaliczyli&nbsp;<strong>pierwsze oficjalne wyj\u015bcie od wybuchu skandalu.<\/strong>&nbsp;Zawitali do&nbsp;<strong>Pary\u017ca<\/strong>, gdzie trwa akurat&nbsp;<strong>fashion week.<\/strong>&nbsp;Rodzina zd\u0105\u017cy\u0142a spotka\u0107 si\u0119 z&nbsp;przedstawicielami francuskiego Ministerstwa Kultury, przez kt\u00f3re<strong><a href=\"https:\/\/www.pudelek.pl\/victoria-beckham-podczas-przemowy-w-paryzu-podziekowala-mezowi-i-dzieciom-zawsze-wierza-w-moja-wizje-zdjecia-7247855936272576a\">&nbsp;Posh zosta\u0142a nagrodzona Orderem Sztuki&nbsp;i&nbsp;Literatury.<\/a>&nbsp;<\/strong>W kolejnych dniach czekaj\u0105 ich te\u017c r\u00f3\u017cnej ma\u015bci pokazy mody najbardziej presti\u017cowych marek.<\/p>\n\n\n\n<p>Zdaje si\u0119 jednak, \u017ce nawet je\u015bli nie chc\u0105 sprawia\u0107 takiego wra\u017cenia, rodzinny skandal mocno odbi\u0142 si\u0119 na Beckhamach. We wtorek cz\u0142onkowie s\u0142ynnej familii zostali sfotografowani, jak opuszczali sw\u00f3j paryski hotel z&nbsp;niet\u0119gimi minami. Ani odziany w&nbsp;szary sweter i&nbsp;jeansy, ani Victoria w&nbsp;niebieskim garniturze nie tryskali humorem. Najsmutniejsza zdawa\u0142a si\u0119 by\u0107 jednak najm\u0142odsza z&nbsp;rodze\u0144stwa, czyli Harper, kt\u00f3ra kroczy\u0142a po czerwonym dywanie rozwini\u0119tym przed hotelem ze wzrokiem wbitym w&nbsp;ziemi\u0119.<\/p>\n\n\n\n<p><strong>Przykry widok?<\/strong><\/p>\n\n\n\n<p>2<\/p>\n\n\n\n<p>&nbsp;\/&nbsp;7<\/p>\n\n\n\n<p>Pos\u0119pni Beckhamowie snuj\u0105 si\u0119 po Pary\u017cu<\/p>\n\n\n\n<figure class=\"wp-block-image\"><img decoding=\"async\" src=\"https:\/\/v.wpimg.pl\/NjVhMWVkYQs3CjtkeRBsHnRSbz4_SWJII0p3dXlcdl4uRys-Og48DyYHYzAkHj4LIRhjJzpELxo_RztmeQ8nGSYELC55DiMIMwxiYzUOfVpvXH16M1J8XXtceDIzRndTNV1gNjJZflxjCXwyMlgoSCs\" alt=\"Pos\u0119pni Beckhamowie snuj\u0105 si\u0119 po Pary\u017cu\"\/><\/figure>\n\n\n\n<p>17<\/p>\n\n\n\n<p>12<\/p>\n\n\n\n<ul class=\"wp-block-list\">\n<li>Najnowsze<\/li>\n\n\n\n<li>Powi\u0105zane<\/li>\n\n\n\n<li>Popularne<\/li>\n\n\n\n<li><\/li>\n<\/ul>\n\n\n\n<p><a href=\"https:\/\/www.pudelek.pl\/internauci-kpia-z-brooklyna-beckhama-i-nicoli-peltz-dobrze-wam-idzie-zachowanie-prywatnosci-zdjecia-7248229601429824a\"><\/a><\/p>\n\n\n\n<p><a href=\"https:\/\/www.pudelek.pl\/internauci-kpia-z-brooklyna-beckhama-i-nicoli-peltz-dobrze-wam-idzie-zachowanie-prywatnosci-zdjecia-7248229601429824a\"><\/a><\/p>\n\n\n\n<p><a href=\"https:\/\/www.pudelek.pl\/internauci-kpia-z-brooklyna-beckhama-i-nicoli-peltz-dobrze-wam-idzie-zachowanie-prywatnosci-zdjecia-7248229601429824a\">Internauci KPI\u0104 z Brooklyna Beckhama i Nicoli Peltz: &#8220;Dobrze wam idzie zachowanie PRYWATNO\u015aCI&#8221; (ZDJ\u0118CIA)<\/a><\/p>\n\n\n\n<p><a href=\"https:\/\/www.pudelek.pl\/mateusz-hladki-twierdzi-ze-rozenek-wyleciala-z-ddtvn-bo-ciagle-mowila-o-sobie-zrobiono-takie-badania-7248223947356448a\"><\/a><\/p>\n\n\n\n<p><a href=\"https:\/\/www.pudelek.pl\/mateusz-hladki-twierdzi-ze-rozenek-wyleciala-z-ddtvn-bo-ciagle-mowila-o-sobie-zrobiono-takie-badania-7248223947356448a\"><\/a><\/p>\n\n\n\n<p><a href=\"https:\/\/www.pudelek.pl\/mateusz-hladki-twierdzi-ze-rozenek-wyleciala-z-ddtvn-bo-ciagle-mowila-o-sobie-zrobiono-takie-badania-7248223947356448a\">Mateusz H\u0142adki twierdzi, \u017ce Rozenek wylecia\u0142a z &#8220;DDTVN&#8221;, bo&#8230; CI\u0104GLE M\u00d3WI\u0141A O SOBIE! &#8220;Zrobiono takie badania&#8230;&#8221;<\/a><\/p>\n\n\n\n<p><a href=\"https:\/\/www.pudelek.pl\/tylko-na-pudelku-karolina-gilon-milczy-od-niemal-miesiaca-wiemy-co-dzieje-sie-z-celebrytka-7248231439559040a\"><\/a><\/p>\n\n\n\n<p><a href=\"https:\/\/www.pudelek.pl\/tylko-na-pudelku-karolina-gilon-milczy-od-niemal-miesiaca-wiemy-co-dzieje-sie-z-celebrytka-7248231439559040a\"><\/a><\/p>\n\n\n\n<p><a href=\"https:\/\/www.pudelek.pl\/tylko-na-pudelku-karolina-gilon-milczy-od-niemal-miesiaca-wiemy-co-dzieje-sie-z-celebrytka-7248231439559040a\">TYLKO NA PUDELKU: Karolina Gilon MILCZY od niemal miesi\u0105ca! Wiemy, co dzieje si\u0119 z celebrytk\u0105<\/a><\/p>\n\n\n\n<figure class=\"wp-block-image\"><img decoding=\"async\" src=\"https:\/\/v.wpimg.pl\/ZXJfd3AudTkrBBIAbg54LGhcRlAxHQUrPgJGH2MAeGJoSQ1eIBI_K2UHAEVuBTY5KQMMXC0RPyoVERQdMgM9ejc\" alt=\"\"\/><\/figure>\n\n\n\n<p>3<\/p>\n\n\n\n<p>&nbsp;\/&nbsp;7<\/p>\n\n\n\n<p>Pos\u0119pni Beckhamowie snuj\u0105 si\u0119 po Pary\u017cu<\/p>\n\n\n\n<figure class=\"wp-block-image\"><img decoding=\"async\" src=\"https:\/\/v.wpimg.pl\/MWY0NWY5YjY4Ujhkdk5vI3sKbD4wF2F1LBJ0dXYCdWMhHyg-NVA_MilfYDArQD02LkBgJzUaLCcwHzhmdlEkJClcLy52UCA1PFRhZjhUKGVvU396bAR7ZHQEfm46GCxnOwBjNmsNeWY_BHsxYAF6dSQ\" alt=\"Pos\u0119pni Beckhamowie snuj\u0105 si\u0119 po Pary\u017cu\"\/><\/figure>\n\n\n\n<p>17<\/p>\n\n\n\n<p>9<\/p>\n\n\n\n<figure class=\"wp-block-image\"><img decoding=\"async\" src=\"https:\/\/v.wpimg.pl\/ZXJfd3AudTkrBBIAbg54LGhcRlAxHQUrPgJGH2MAeGJoSQ1eIBI_K2UHAEVuBTY5KQMMXC0RPyoVERQdMgM9ejc\" alt=\"\"\/><\/figure>\n\n\n\n<p>4<\/p>\n\n\n\n<p>&nbsp;\/&nbsp;7<\/p>\n\n\n\n<p>Pos\u0119pni Beckhamowie snuj\u0105 si\u0119 po Pary\u017cu<\/p>\n\n\n\n<figure class=\"wp-block-image\"><img decoding=\"async\" src=\"https:\/\/v.wpimg.pl\/NGVkNGI1YSY3CTh0ZkpsM3RRbC4gE2JlI0l0ZWYGdnMuRCguJVQ8IiYEYCA7RD4mIRtgNyUeLzc_RDh2ZlUnNCYHLz5mVCMlMw9hJX4GK3c3XChqeQN2c3tffyJwHCwhNApjJHlXd3MzD3olfFR4ZSs\" alt=\"Pos\u0119pni Beckhamowie snuj\u0105 si\u0119 po Pary\u017cu\"\/><\/figure>\n\n\n\n<p>15<\/p>\n\n\n\n<p>23<\/p>\n\n\n\n<p>Zobacz t<\/p>\n","protected":false},"excerpt":{"rendered":"Wielu fan\u00f3w zastanawia si\u0119 nad mo\u017cliwym ko\u0144cem rodzinnych spor\u00f3w Beckham\u00f3w. Plotki wskazuj\u0105, \u017ce&nbsp;Victoria&nbsp;i&nbsp;David Beckhamowie&nbsp;pragn\u0105 za\u017cegna\u0107 konflikt z&nbsp;Brooklynem&nbsp;pod jednym kluczowym warunkiem. \u017bona aspiruj\u0105cego kucharza,&nbsp;Nicola \n<a class=\"moretag\" href=\"https:\/\/lifevery.biz.ua\/?p=1399\"> [...]<\/a>","protected":false},"author":1,"featured_media":1400,"comment_status":"open","ping_status":"open","sticky":false,"template":"","format":"standard","meta":{"footnotes":""},"categories":[1],"tags":[],"class_list":["post-1399","post","type-post","status-publish","format-standard","has-post-thumbnail","hentry","category-blog"],"_links":{"self":[{"href":"https:\/\/lifevery.biz.ua\/index.php?rest_route=\/wp\/v2\/posts\/1399","targetHints":{"allow":["GET"]}}],"collection":[{"href":"https:\/\/lifevery.biz.ua\/index.php?rest_route=\/wp\/v2\/posts"}],"about":[{"href":"https:\/\/lifevery.biz.ua\/index.php?rest_route=\/wp\/v2\/types\/post"}],"author":[{"embeddable":true,"href":"https:\/\/lifevery.biz.ua\/index.php?rest_route=\/wp\/v2\/users\/1"}],"replies":[{"embeddable":true,"href":"https:\/\/lifevery.biz.ua\/index.php?rest_route=%2Fwp%2Fv2%2Fcomments&post=1399"}],"version-history":[{"count":1,"href":"https:\/\/lifevery.biz.ua\/index.php?rest_route=\/wp\/v2\/posts\/1399\/revisions"}],"predecessor-version":[{"id":1401,"href":"https:\/\/lifevery.biz.ua\/index.php?rest_route=\/wp\/v2\/posts\/1399\/revisions\/1401"}],"wp:featuredmedia":[{"embeddable":true,"href":"https:\/\/lifevery.biz.ua\/index.php?rest_route=\/wp\/v2\/media\/1400"}],"wp:attachment":[{"href":"https:\/\/lifevery.biz.ua\/index.php?rest_route=%2Fwp%2Fv2%2Fmedia&parent=1399"}],"wp:term":[{"taxonomy":"category","embeddable":true,"href":"https:\/\/lifevery.biz.ua\/index.php?rest_route=%2Fwp%2Fv2%2Fcategories&post=1399"},{"taxonomy":"post_tag","embeddable":true,"href":"https:\/\/lifevery.biz.ua\/index.php?rest_route=%2Fwp%2Fv2%2Ftags&post=1399"}],"curies":[{"name":"wp","href":"https:\/\/api.w.org\/{rel}","templated":true}]}}