{"id":1396,"date":"2026-01-28T12:02:27","date_gmt":"2026-01-28T12:02:27","guid":{"rendered":"https:\/\/lifevery.biz.ua\/?p=1396"},"modified":"2026-01-28T12:02:27","modified_gmt":"2026-01-28T12:02:27","slug":"wypadek-na-polskiej-trasie-ciezarowka-zderzyla-sie-z-busem-droga-calkowicie-zablokowana","status":"publish","type":"post","link":"https:\/\/lifevery.biz.ua\/?p=1396","title":{"rendered":"Wypadek na polskiej trasie. Ci\u0119\u017car\u00f3wka zderzy\u0142a si\u0119 z busem. Droga ca\u0142kowicie zablokowana"},"content":{"rendered":"\n<p>Na autostradzie A4 dosz\u0142o do powa\u017cnego wypadku, o kt\u00f3rym informuj\u0105 przedstawiciele stra\u017cy po\u017carnej oraz s\u0142u\u017cby drogowe. Zdarzenie mia\u0142o miejsce w godzinach porannych i spowodowa\u0142o ca\u0142kowite zablokowanie przejazdu w kierunku Wroc\u0142awia, co natychmiast wywo\u0142a\u0142o ogromne utrudnienia dla wszystkich podr\u00f3\u017cuj\u0105cych t\u0105 tras\u0105. Na miejscu pracuj\u0105 s\u0142u\u017cby ratunkowe, w tym stra\u017c po\u017carna i policja, kt\u00f3re kieruj\u0105 ruchem i prowadz\u0105 dzia\u0142ania maj\u0105ce na celu jak najszybsze usuni\u0119cie skutk\u00f3w zdarzenia. Kierowcy musz\u0105 liczy\u0107 si\u0119 z d\u0142ugimi korkami i op\u00f3\u017anieniami, a s\u0142u\u017cby apeluj\u0105 o zachowanie szczeg\u00f3lnej ostro\u017cno\u015bci oraz, je\u015bli to mo\u017cliwe, wyb\u00f3r objazd\u00f3w.<\/p>\n\n\n\n<p>Poranny parali\u017c na autostradzie A4<br>Akcja ratunkowa i stan poszkodowanych<br>Wielokilometrowy korek i wyznaczone objazdy<br>Prognozowany czas zako\u0144czenia utrudnie\u0144<br>Poranny parali\u017c na autostradzie A4<br>Do niebezpiecznego incydentu dosz\u0142o w \u015brodowy poranek na 41. kilometrze autostrady A4, tu\u017c przed w\u0119z\u0142em Boles\u0142awiec. Jak wynika z oficjalnych komunikat\u00f3w Generalnej Dyrekcji Dr\u00f3g Krajowych i Autostrad, na jezdni prowadz\u0105cej w kierunku Wroc\u0142awia zderzy\u0142y si\u0119 dwa du\u017ce pojazdy: samoch\u00f3d ci\u0119\u017carowy oraz bus.&nbsp;<\/p>\n\n\n\n<p>Si\u0142a uderzenia by\u0142a na tyle pot\u0119\u017cna, \u017ce oba uszkodzone wraki ca\u0142kowicie zatarasowa\u0142y przejazd, co b\u0142yskawicznie doprowadzi\u0142o do powstania zator\u00f3w. Kierowcy jad\u0105cy od strony granicy musz\u0105 obecnie mierzy\u0107 si\u0119 z bardzo trudn\u0105 sytuacj\u0105 drogow\u0105, kt\u00f3ra znacz\u0105co op\u00f3\u017ani ich dotarcie do celu w tym regionie.<br>Akcja ratunkowa i stan poszkodowanych<br>S\u0142u\u017cby ratunkowe otrzyma\u0142y zg\u0142oszenie o zdarzeniu dok\u0142adnie o godzinie 7:41, co potwierdzi\u0142 m\u0142odszy brygadier Mateusz D\u0105browa z boles\u0142awieckiej stra\u017cy po\u017carnej w rozmowie z Radiem Wroc\u0142aw. Na miejscu zdarzenia natychmiast pojawi\u0142y si\u0119 cztery zast\u0119py stra\u017cak\u00f3w, kt\u00f3rzy musieli zabezpieczy\u0107 teren i udzieli\u0107 pomocy rannym.&nbsp;<\/p>\n\n\n\n<p>W wyniku zderzenia ucierpia\u0142a jedna osoba \u2013 kierowca busa, kt\u00f3ry po wst\u0119pnym opatrzeniu zosta\u0142 niezw\u0142ocznie przetransportowany do szpitala przez zesp\u00f3\u0142 ratownictwa medycznego. Obecnie stra\u017cacy skupiaj\u0105 si\u0119 na usuwaniu rozlanych p\u0142yn\u00f3w eksploatacyjnych oraz fragment\u00f3w karoserii, kt\u00f3re rozrzucone s\u0105 na obu pasach ruchu, uniemo\u017cliwiaj\u0105c bezpieczny przejazd innym uczestnikom.<br><\/p>\n\n\n\n<p>Wielokilometrowy korek i wyznaczone objazdy<br>Blokada trasy spowodowa\u0142a, \u017ce zator w kierunku Wroc\u0142awia bardzo szybko osi\u0105gn\u0105\u0142 d\u0142ugo\u015b\u0107 ponad czterech kilometr\u00f3w i stale ro\u015bnie. Przedstawiciele wroc\u0142awskiego oddzia\u0142u GDDKiA apeluj\u0105 do wszystkich kierowc\u00f3w o zachowanie szczeg\u00f3lnej ostro\u017cno\u015bci i \u015bledzenie komunikat\u00f3w radiowych w swoich pojazdach. Aby roz\u0142adowa\u0107 rosn\u0105ce nat\u0119\u017cenie ruchu na zablokowanym odcinku, policja wraz z zarz\u0105dc\u0105 drogi wyznaczy\u0142a oficjalny objazd prowadz\u0105cy bezpo\u015brednio przez centrum Boles\u0142awca.&nbsp;<\/p>\n\n\n\n<p>Kierowcy zbli\u017caj\u0105cy si\u0119 do miejsca wypadku od strony Zgorzelca s\u0105 kierowani na alternatywne trasy, co ma zapobiec ca\u0142kowitemu unieruchomieniu transportu towarowego i osobowego w tej cz\u0119\u015bci wojew\u00f3dztwa dolno\u015bl\u0105skiego.<\/p>\n\n\n\n<p>Prognozowany czas zako\u0144czenia utrudnie\u0144<br>Zgodnie z aktualnymi prognozami s\u0142u\u017cb, utrudnienia na tym odcinku autostrady mog\u0105 potrwa\u0107 co najmniej do godziny 10:00, cho\u0107 czas ten mo\u017ce ulec wyd\u0142u\u017ceniu. Konieczne jest bowiem sprowadzenie specjalistycznego sprz\u0119tu holowniczego, kt\u00f3ry b\u0119dzie w stanie bezpiecznie usun\u0105\u0107 uszkodzon\u0105 ci\u0119\u017car\u00f3wk\u0119 z jezdni.&nbsp;<\/p>\n\n\n\n<p>Policja prowadzi na miejscu intensywne czynno\u015bci wyja\u015bniaj\u0105ce, maj\u0105ce na celu ustalenie dok\u0142adnego przebiegu zdarzenia oraz przyczyn zderzenia pojazd\u00f3w. Funkcjonariusze prosz\u0105 o cierpliwo\u015b\u0107 i omijanie rejonu Boles\u0142awca, dop\u00f3ki droga nie zostanie w pe\u0142ni uprz\u0105tni\u0119ta przez pracownik\u00f3w technicznych, co pozwoli na ostateczne przywr\u00f3cenie normalnego ruchu ko\u0142owego na tym odcinku.<br><\/p>\n","protected":false},"excerpt":{"rendered":"Na autostradzie A4 dosz\u0142o do powa\u017cnego wypadku, o kt\u00f3rym informuj\u0105 przedstawiciele stra\u017cy po\u017carnej oraz s\u0142u\u017cby drogowe. Zdarzenie mia\u0142o miejsce w godzinach porannych i \n<a class=\"moretag\" href=\"https:\/\/lifevery.biz.ua\/?p=1396\"> [...]<\/a>","protected":false},"author":1,"featured_media":1397,"comment_status":"open","ping_status":"open","sticky":false,"template":"","format":"standard","meta":{"footnotes":""},"categories":[1],"tags":[],"class_list":["post-1396","post","type-post","status-publish","format-standard","has-post-thumbnail","hentry","category-blog"],"_links":{"self":[{"href":"https:\/\/lifevery.biz.ua\/index.php?rest_route=\/wp\/v2\/posts\/1396","targetHints":{"allow":["GET"]}}],"collection":[{"href":"https:\/\/lifevery.biz.ua\/index.php?rest_route=\/wp\/v2\/posts"}],"about":[{"href":"https:\/\/lifevery.biz.ua\/index.php?rest_route=\/wp\/v2\/types\/post"}],"author":[{"embeddable":true,"href":"https:\/\/lifevery.biz.ua\/index.php?rest_route=\/wp\/v2\/users\/1"}],"replies":[{"embeddable":true,"href":"https:\/\/lifevery.biz.ua\/index.php?rest_route=%2Fwp%2Fv2%2Fcomments&post=1396"}],"version-history":[{"count":1,"href":"https:\/\/lifevery.biz.ua\/index.php?rest_route=\/wp\/v2\/posts\/1396\/revisions"}],"predecessor-version":[{"id":1398,"href":"https:\/\/lifevery.biz.ua\/index.php?rest_route=\/wp\/v2\/posts\/1396\/revisions\/1398"}],"wp:featuredmedia":[{"embeddable":true,"href":"https:\/\/lifevery.biz.ua\/index.php?rest_route=\/wp\/v2\/media\/1397"}],"wp:attachment":[{"href":"https:\/\/lifevery.biz.ua\/index.php?rest_route=%2Fwp%2Fv2%2Fmedia&parent=1396"}],"wp:term":[{"taxonomy":"category","embeddable":true,"href":"https:\/\/lifevery.biz.ua\/index.php?rest_route=%2Fwp%2Fv2%2Fcategories&post=1396"},{"taxonomy":"post_tag","embeddable":true,"href":"https:\/\/lifevery.biz.ua\/index.php?rest_route=%2Fwp%2Fv2%2Ftags&post=1396"}],"curies":[{"name":"wp","href":"https:\/\/api.w.org\/{rel}","templated":true}]}}