{"id":1368,"date":"2026-01-28T05:38:06","date_gmt":"2026-01-28T05:38:06","guid":{"rendered":"https:\/\/lifevery.biz.ua\/?p=1368"},"modified":"2026-01-28T05:38:06","modified_gmt":"2026-01-28T05:38:06","slug":"krzysztof-ibisz-reaguje-na-zmiane-nazwiska-przez-syna-wskazal-dwa-powody","status":"publish","type":"post","link":"https:\/\/lifevery.biz.ua\/?p=1368","title":{"rendered":"Krzysztof Ibisz reaguje na zmian\u0119 nazwiska przez syna. Wskaza\u0142 DWA POWODY"},"content":{"rendered":"\n<p><a href=\"https:\/\/telewizja.jastrzabpost.pl\/syn-krzysztofa-ibisza-zagral-w-komisarzu-aleksie-widzowie-tvp-smieszkuja-wyglada-starzej-od-ojca,7215075821525664a\">Maksymilian Zejdler niedawno udzieli\u0142 wywiadu<\/a>, w&nbsp;kt\u00f3rym lakonicznie wypowiada\u0142 si\u0119 o&nbsp;swoim s\u0142awnym tacie, a&nbsp;wi\u0119kszo\u015b\u0107 uwagi skupi\u0142 na mamie. Wyja\u015bni\u0142, \u017ce&nbsp;<strong>od jakiego\u015b czasu wyst\u0119puje pod nazwiskiem rodowym Anny Zejdler, by odda\u0107 ho\u0142d swojemu dziadkowi<\/strong>. Teraz o&nbsp;spraw\u0119 zosta\u0142 zapytany jego tata.<\/p>\n\n\n\n<h2 class=\"wp-block-heading\" id=\"title-603987176917001487\">TYLKO U NAS: Krzysztof Ibisz o plusach i minusach dojrza\u0142ego ojcostwa<\/h2>\n\n\n\n<h2 class=\"wp-block-heading\" id=\"title-603987176917067023\">Krzysztof Ibisz zareagowa\u0142 na decyzj\u0119 syna o zmianie nazwiska<\/h2>\n\n\n\n<p>Krzysztof Ibisz w&nbsp;rozmowie z&nbsp;redakcj\u0105 &#8220;Faktu&#8221; powt\u00f3rzy\u0142 argumenty, kt\u00f3re w&nbsp;niedawnym wywiadzie przytoczy\u0142 jego syn. Wspominaj\u0105c o&nbsp;by\u0142ym te\u015bciu,&nbsp;<strong>Wojciechu Zejdlerze<\/strong>, powiedzia\u0142:<\/p>\n\n\n\n<figure class=\"wp-block-image\"><img decoding=\"async\" src=\"https:\/\/v.wpimg.pl\/ZXJfd3AudTkrBBIAbg54LGhcRlAxHQUrPgJGH2MAeGJoSQ1eIBI_K2UHAEVuBTY5KQMMXC0RPyoVERQdMgM9ejc\" alt=\"\"\/><\/figure>\n\n\n\n<blockquote class=\"wp-block-quote is-layout-flow wp-block-quote-is-layout-flow\">\n<p>M\u00f3j syn by\u0142 bardzo zwi\u0105zany ze swoim dziadkiem, kt\u00f3rego ju\u017c, niestety, nie ma z&nbsp;nami. I&nbsp;z&nbsp;szacunku dla dziadka postanowi\u0142 mie\u0107 to nazwisko, bo ten r\u00f3d si\u0119 ko\u0144czy, dlatego, \u017ce nazwisko nosi jego mama, moja by\u0142a \u017cona i&nbsp;tam nie ma m\u0119skiego potomka. No, wi\u0119c taka tradycja mojego syna i&nbsp;on j\u0105 szanuje. I&nbsp;absolutnie te\u017c by\u0142em za.<\/p>\n<\/blockquote>\n\n\n\n<p><strong>ZOBACZ TE\u017b<\/strong>:&nbsp;<a href=\"https:\/\/telewizja.jastrzabpost.pl\/krzysztof-ibisz-zdradzil-jeden-z-patentow-na-mlody-wyglad-wyrzuc,7242685688589280a\">Krzysztof Ibisz zdradzi\u0142 jeden z&nbsp;patent\u00f3w na m\u0142ody wygl\u0105d<\/a><\/p>\n\n\n\n<p>Krzysztof Ibisz wspomnia\u0142 te\u017c o&nbsp;drugim powodzie, dla kt\u00f3rego Maksymilian Zejdler zacz\u0105\u0142 wyst\u0119powa\u0107 po nazwiskiem matki. Wyja\u015bni\u0142:<\/p>\n\n\n\n<figure class=\"wp-block-image\"><img decoding=\"async\" src=\"https:\/\/v.wpimg.pl\/ZXJfd3AudTkrBBIAbg54LGhcRlAxHQUrPgJGH2MAeGJoSQ1eIBI_K2UHAEVuBTY5KQMMXC0RPyoVERQdMgM9ejc\" alt=\"\"\/><\/figure>\n\n\n\n<blockquote class=\"wp-block-quote is-layout-flow wp-block-quote-is-layout-flow\">\n<p>Wiedzia\u0142, \u017ce b\u0119dzie zdawa\u0142 do szko\u0142y teatralnej i&nbsp;bardzo nie chcia\u0142, by z&nbsp;g\u00f3ry by\u0142 brany za syna Krzysztofa Ibisza. I&nbsp;dosta\u0142 si\u0119 do Akademii Teatralnej w&nbsp;Krakowie absolutnie anonimowo. Tak \u017ce, synu, wielki szacunek!<\/p>\n<\/blockquote>\n\n\n\n<p><strong>ZOBACZ TE\u017b<\/strong>:&nbsp;<a href=\"https:\/\/jastrzabpost.pl\/krzysztof-ibisz-na-instagramie-pokazuje-swoj-dom-mieszka-stylowo-i-elegancko-zdjecia,7213240543472608g\">Krzysztof Ibisz urz\u0105dzi\u0142 si\u0119 na medal. Jego dom to wz\u00f3r stylu (ZDJ\u0118CIA)<\/a><\/p>\n\n\n\n<figure class=\"wp-block-image\"><img decoding=\"async\" src=\"https:\/\/v.wpimg.pl\/N2U2MTcxYVM0UDtnTANsRncIbz0KWmIQIBB3dkwbYQZkAHUsVUl3AHpUJDgGCitCOhwqJhYIL0UlHD04TBk-W3pEfHsHET1COVM0ewYVLFcxHSg2Akx5UTBTYGEFQXofYVAuZk5Bf1AxH3Q1B08rBGQFfDUHQGxP\" alt=\"Krzysztof Ibisz\"\/><figcaption class=\"wp-element-caption\">Krzysztof Ibisz zareagowa\u0142 na decyzj\u0119 starszego syna&nbsp;<strong>\u00a9 KAPIF<\/strong><\/figcaption><\/figure>\n","protected":false},"excerpt":{"rendered":"Maksymilian Zejdler niedawno udzieli\u0142 wywiadu, w&nbsp;kt\u00f3rym lakonicznie wypowiada\u0142 si\u0119 o&nbsp;swoim s\u0142awnym tacie, a&nbsp;wi\u0119kszo\u015b\u0107 uwagi skupi\u0142 na mamie. Wyja\u015bni\u0142, \u017ce&nbsp;od jakiego\u015b czasu wyst\u0119puje pod \n<a class=\"moretag\" href=\"https:\/\/lifevery.biz.ua\/?p=1368\"> [...]<\/a>","protected":false},"author":1,"featured_media":1369,"comment_status":"open","ping_status":"open","sticky":false,"template":"","format":"standard","meta":{"footnotes":""},"categories":[1],"tags":[],"class_list":["post-1368","post","type-post","status-publish","format-standard","has-post-thumbnail","hentry","category-blog"],"_links":{"self":[{"href":"https:\/\/lifevery.biz.ua\/index.php?rest_route=\/wp\/v2\/posts\/1368","targetHints":{"allow":["GET"]}}],"collection":[{"href":"https:\/\/lifevery.biz.ua\/index.php?rest_route=\/wp\/v2\/posts"}],"about":[{"href":"https:\/\/lifevery.biz.ua\/index.php?rest_route=\/wp\/v2\/types\/post"}],"author":[{"embeddable":true,"href":"https:\/\/lifevery.biz.ua\/index.php?rest_route=\/wp\/v2\/users\/1"}],"replies":[{"embeddable":true,"href":"https:\/\/lifevery.biz.ua\/index.php?rest_route=%2Fwp%2Fv2%2Fcomments&post=1368"}],"version-history":[{"count":1,"href":"https:\/\/lifevery.biz.ua\/index.php?rest_route=\/wp\/v2\/posts\/1368\/revisions"}],"predecessor-version":[{"id":1370,"href":"https:\/\/lifevery.biz.ua\/index.php?rest_route=\/wp\/v2\/posts\/1368\/revisions\/1370"}],"wp:featuredmedia":[{"embeddable":true,"href":"https:\/\/lifevery.biz.ua\/index.php?rest_route=\/wp\/v2\/media\/1369"}],"wp:attachment":[{"href":"https:\/\/lifevery.biz.ua\/index.php?rest_route=%2Fwp%2Fv2%2Fmedia&parent=1368"}],"wp:term":[{"taxonomy":"category","embeddable":true,"href":"https:\/\/lifevery.biz.ua\/index.php?rest_route=%2Fwp%2Fv2%2Fcategories&post=1368"},{"taxonomy":"post_tag","embeddable":true,"href":"https:\/\/lifevery.biz.ua\/index.php?rest_route=%2Fwp%2Fv2%2Ftags&post=1368"}],"curies":[{"name":"wp","href":"https:\/\/api.w.org\/{rel}","templated":true}]}}