{"id":1338,"date":"2026-01-27T21:38:39","date_gmt":"2026-01-27T21:38:39","guid":{"rendered":"https:\/\/lifevery.biz.ua\/?p=1338"},"modified":"2026-01-27T21:38:39","modified_gmt":"2026-01-27T21:38:39","slug":"wisniewski-zwlekal-ws-owsiaka-do-samego-konca-tuz-po-finale-nie-gryzl-sie-w-jezyk","status":"publish","type":"post","link":"https:\/\/lifevery.biz.ua\/?p=1338","title":{"rendered":"Wi\u015bniewski zwleka\u0142 ws. Owsiaka do samego ko\u0144ca. Tu\u017c po finale nie gryz\u0142 si\u0119 w j\u0119zyk"},"content":{"rendered":"\n<p>Nie m\u00f3wi\u0142 p\u00f3\u0142s\u0142\u00f3wkami. Nie udawa\u0142, \u017ce nie widzi, co dzieje si\u0119 wok\u00f3\u0142 WO\u015aP i Jerzego Owsiaka. Micha\u0142 Wi\u015bniewski w rozmowie z \u201eFaktem\u201d wr\u00f3ci\u0142 do tematu, kt\u00f3ry co roku wraca jak bumerang \u2013 i wprost uderzy\u0142 w krytyk\u00f3w akcji. W jego s\u0142owach by\u0142o du\u017co emocji, ale te\u017c jedna my\u015bl, kt\u00f3ra wybrzmia\u0142a najmocniej:&nbsp;<strong>sprz\u0119t WO\u015aP i tak b\u0119dzie ratowa\u0142 ludzi, tak\u017ce tych, kt\u00f3rzy dzi\u015b atakuj\u0105<\/strong>.<\/p>\n\n\n\n<ul class=\"wp-block-list\">\n<li>Zobacz tak\u017ce:\u00a0<a href=\"https:\/\/wlocie.pl\/polityka\/szef-mon-nie-gryzl-sie-w-jezyk-i-nagle-wypalil-o-nawrockim-na-oczach-calej-polski\">Szef MON nie gryz\u0142 si\u0119 w j\u0119zyk i nagle wypali\u0142 o Nawrockim. Na oczach ca\u0142ej Polski<\/a><\/li>\n<\/ul>\n\n\n\n<h2 class=\"wp-block-heading\">Micha\u0142 Wi\u015bniewski o Jerzym Owsiaku: \u201eJa si\u0119 dziwi\u0119 Jurkowi, \u017ce on ma jeszcze si\u0142\u0119\u201d<\/h2>\n\n\n\n<p>Lider Ich Troje w wywiadzie dla \u201eFaktu\u201d przyzna\u0142, \u017ce postawa Jerzego Owsiaka robi na nim wra\u017cenie. Zwr\u00f3ci\u0142 uwag\u0119 na tempo i presj\u0119, z jak\u0105 musi mierzy\u0107 si\u0119 szef WO\u015aP, oraz na fal\u0119 krytyki, kt\u00f3ra spada na niego niemal codziennie.<\/p>\n\n\n\n<blockquote class=\"wp-block-quote is-layout-flow wp-block-quote-is-layout-flow\">\n<p>\u201eJa si\u0119 dziwi\u0119 Jurkowi, \u017ce on ma jeszcze si\u0142\u0119\u201d<\/p>\n<\/blockquote>\n\n\n\n<p>W dalszej cz\u0119\u015bci rozmowy Wi\u015bniewski m\u00f3wi\u0142, \u017ce jest z Owsiaka dumny i \u017ce jego zdaniem jest pow\u00f3d, dla kt\u00f3rego ten wci\u0105\u017c to ci\u0105gnie.<\/p>\n\n\n\n<blockquote class=\"wp-block-quote is-layout-flow wp-block-quote-is-layout-flow\">\n<p>\u201ePowiem tak: jestem z niego bardzo dumny. Widzisz, jakie tu jest tempo narzucone? To, \u017ce on daje rad\u0119, to musi mie\u0107 pow\u00f3d \u2013 a pow\u00f3d jest taki, \u017ce te pieni\u0105dze s\u0105 po prostu wszystkim potrzebne\u201d<\/p>\n<\/blockquote>\n\n\n\n<h2 class=\"wp-block-heading\">\u201ePsy szczekaj\u0105, karawana jedzie dalej\u201d. Wi\u015bniewski uderza w krytyk\u00f3w WO\u015aP<\/h2>\n\n\n\n<p>Najmocniejszy fragment wywiadu dotyczy\u0142 os\u00f3b, kt\u00f3re atakuj\u0105 WO\u015aP. Wi\u015bniewski nie pr\u00f3bowa\u0142 ich zrozumie\u0107 ani usprawiedliwia\u0107. Stwierdzi\u0142, \u017ce jego zdaniem wielu z nich nie ma \u015bwiadomo\u015bci, o czym m\u00f3wi.<\/p>\n\n\n\n<blockquote class=\"wp-block-quote is-layout-flow wp-block-quote-is-layout-flow\">\n<p>\u201ePsy szczekaj\u0105, karawana jedzie dalej. Wydaje mi si\u0119, \u017ce ci ludzie nie wiedz\u0105, co m\u00f3wi\u0105. Po prostu nie maj\u0105 zielonego poj\u0119cia\u201d<\/p>\n<\/blockquote>\n\n\n\n<p>W tej cz\u0119\u015bci rozmowy&nbsp;<a href=\"http:\/\/interia.pl\/\">podkre\u015bli\u0142<\/a>&nbsp;te\u017c, \u017ce najbardziej denerwuje go w\u0142a\u015bnie&nbsp;<strong>brak \u015bwiadomo\u015bci<\/strong>, ile realnie daje WO\u015aP i jak cz\u0119sto sprz\u0119t fundacji jest wykorzystywany w szpitalach.<\/p>\n\n\n\n<h2 class=\"wp-block-heading\">\u201eOby tak by\u0142o\u201d. Najbardziej gorzki fragment o szpitalu i sprz\u0119cie WO\u015aP<\/h2>\n\n\n\n<p>Wi\u015bniewski powiedzia\u0142, \u017ce jest mu przykro, gdy s\u0142yszy, jak WO\u015aP jest krytykowana, a jednocze\u015bnie zaznaczy\u0142, \u017ce nie \u017cyczy nikomu do\u015bwiadcze\u0144 zwi\u0105zanych z ci\u0119\u017ck\u0105 chorob\u0105 i pobytem w szpitalu. Doda\u0142 jednak co\u015b, co wybrzmia\u0142o jak puenta ca\u0142ej jego wypowiedzi: sprz\u0119t b\u0119dzie dla wszystkich \u2013 bez wzgl\u0119du na to, co dzi\u015b m\u00f3wi\u0105.<\/p>\n\n\n\n<blockquote class=\"wp-block-quote is-layout-flow wp-block-quote-is-layout-flow\">\n<p>\u201eJest mi strasznie przykro i mam nadziej\u0119, \u017ce nigdy nie b\u0119d\u0105 musieli tego do\u015bwiadczy\u0107 \u2013 trafi\u0107 do szpitala i korzysta\u0107 z tego sprz\u0119tu. Ale on dla nich b\u0119dzie. Bez wzgl\u0119du na to, czy [krytykuj\u0105], czy nie. B\u0119dzie ratowa\u0142 im \u017cycie. Oby tak by\u0142o\u201d<\/p>\n<\/blockquote>\n\n\n\n<h2 class=\"wp-block-heading\">\u201eNa samym ko\u0144cu liczy si\u0119 cz\u0142owiek\u201d. Wi\u015bniewski o refleksji, kt\u00f3ra mo\u017ce przyj\u015b\u0107 p\u00f3\u017ano<\/h2>\n\n\n\n<p>Na koniec lider Ich Troje wr\u00f3ci\u0142 do tematu hejtu i krytyki, w tym r\u00f3wnie\u017c tej, kt\u00f3rej sam do\u015bwiadcza od lat. Podkre\u015bli\u0142, \u017ce niezale\u017cnie od tego, czy kogo\u015b si\u0119 lubi, czy nie, finalnie liczy si\u0119 cz\u0142owiek i konkretne dobro, kt\u00f3re pomaga.<\/p>\n\n\n\n<blockquote class=\"wp-block-quote is-layout-flow wp-block-quote-is-layout-flow\">\n<p>\u201eTego do\u015bwiadczenia im nigdy nie \u017cycz\u0119, ale je\u015bli tak si\u0119 stanie, mo\u017ce przyjdzie moment refleksji. A to jest bardzo wa\u017cne. Bo tak naprawd\u0119, cokolwiek by nie powiedzie\u0107 \u2013 mo\u017cna kogo\u015b lubi\u0107 albo nie lubi\u0107 \u2013 ja jestem najlepszym przyk\u0142adem, bo jestem obiektem [krytyki] od 30 lat \u2013 to na samym ko\u0144cu liczy si\u0119 cz\u0142owiek\u201d<\/p>\n<\/blockquote>\n","protected":false},"excerpt":{"rendered":"Nie m\u00f3wi\u0142 p\u00f3\u0142s\u0142\u00f3wkami. Nie udawa\u0142, \u017ce nie widzi, co dzieje si\u0119 wok\u00f3\u0142 WO\u015aP i Jerzego Owsiaka. Micha\u0142 Wi\u015bniewski w rozmowie z \u201eFaktem\u201d wr\u00f3ci\u0142 \n<a class=\"moretag\" href=\"https:\/\/lifevery.biz.ua\/?p=1338\"> [...]<\/a>","protected":false},"author":1,"featured_media":1339,"comment_status":"open","ping_status":"open","sticky":false,"template":"","format":"standard","meta":{"footnotes":""},"categories":[1],"tags":[],"class_list":["post-1338","post","type-post","status-publish","format-standard","has-post-thumbnail","hentry","category-blog"],"_links":{"self":[{"href":"https:\/\/lifevery.biz.ua\/index.php?rest_route=\/wp\/v2\/posts\/1338","targetHints":{"allow":["GET"]}}],"collection":[{"href":"https:\/\/lifevery.biz.ua\/index.php?rest_route=\/wp\/v2\/posts"}],"about":[{"href":"https:\/\/lifevery.biz.ua\/index.php?rest_route=\/wp\/v2\/types\/post"}],"author":[{"embeddable":true,"href":"https:\/\/lifevery.biz.ua\/index.php?rest_route=\/wp\/v2\/users\/1"}],"replies":[{"embeddable":true,"href":"https:\/\/lifevery.biz.ua\/index.php?rest_route=%2Fwp%2Fv2%2Fcomments&post=1338"}],"version-history":[{"count":1,"href":"https:\/\/lifevery.biz.ua\/index.php?rest_route=\/wp\/v2\/posts\/1338\/revisions"}],"predecessor-version":[{"id":1340,"href":"https:\/\/lifevery.biz.ua\/index.php?rest_route=\/wp\/v2\/posts\/1338\/revisions\/1340"}],"wp:featuredmedia":[{"embeddable":true,"href":"https:\/\/lifevery.biz.ua\/index.php?rest_route=\/wp\/v2\/media\/1339"}],"wp:attachment":[{"href":"https:\/\/lifevery.biz.ua\/index.php?rest_route=%2Fwp%2Fv2%2Fmedia&parent=1338"}],"wp:term":[{"taxonomy":"category","embeddable":true,"href":"https:\/\/lifevery.biz.ua\/index.php?rest_route=%2Fwp%2Fv2%2Fcategories&post=1338"},{"taxonomy":"post_tag","embeddable":true,"href":"https:\/\/lifevery.biz.ua\/index.php?rest_route=%2Fwp%2Fv2%2Ftags&post=1338"}],"curies":[{"name":"wp","href":"https:\/\/api.w.org\/{rel}","templated":true}]}}