{"id":1329,"date":"2026-01-27T19:28:56","date_gmt":"2026-01-27T19:28:56","guid":{"rendered":"https:\/\/lifevery.biz.ua\/?p=1329"},"modified":"2026-01-27T19:28:56","modified_gmt":"2026-01-27T19:28:56","slug":"dziennikarz-tvp-po-30-latach-w-telewizji-wybral-zawod-o-ktorym-wielu-boi-sie-nawet-myslec-to-moja-misja","status":"publish","type":"post","link":"https:\/\/lifevery.biz.ua\/?p=1329","title":{"rendered":"Dziennikarz TVP po 30 latach w telewizji wybra\u0142 zaw\u00f3d, o kt\u00f3rym wielu boi si\u0119 nawet my\u015ble\u0107. &#8220;To moja misja&#8221;"},"content":{"rendered":"\n<p>Przez lata budzi\u0142 miliony Polak\u00f3w aromatem porannej kawy w \u015bwietle studyjnych reflektor\u00f3w, a dzi\u015b towarzyszy im w ostatniej drodze po\u015br\u00f3d cmentarnej ciszy. Pawe\u0142 Pochwa\u0142a, legendarny dziennikarz TVP, przeszed\u0142 jedn\u0105 z najbardziej zaskakuj\u0105cych metamorfoz w polskim show-biznesie. Gwiazdor oficjalnie zosta\u0142 certyfikowanym mistrzem ceremonii pogrzebowych.<\/p>\n\n\n\n<h2 class=\"wp-block-heading\">Od u\u015bmiechu przy \u015bniadaniu do powagi nad grobem<\/h2>\n\n\n\n<p>Przez dwie dekady tworzy\u0142 duet, kt\u00f3ry zna\u0142 ka\u017cdy Polak. Razem z Iwon\u0105 Schymall\u0105 w kultowej&nbsp;<strong>&#8220;Kawie czy herbacie?&#8221;<\/strong>&nbsp;byli dla widz\u00f3w jak dobrzy znajomi, z kt\u00f3rymi zaczyna si\u0119 dzie\u0144.<\/p>\n\n\n\n<p><a href=\"https:\/\/styl.fm\/tagi\/gwiazdy\" target=\"_blank\" rel=\"noreferrer noopener\"><strong>Pawe\u0142 Pochwa\u0142a<\/strong><\/a>, z wykszta\u0142cenia socjolog i re\u017cyser, kojarzy\u0142 si\u0119 z domowym ciep\u0142em, lifestylowymi rozmowami i kulinarnymi podr\u00f3\u017cami w &#8220;Kuchni z Okras\u0105&#8221;. Nikt nie spodziewa\u0142 si\u0119, \u017ce cz\u0142owiek, kt\u00f3ry przez lata wnosi\u0142 do naszych dom\u00f3w energi\u0119 i u\u015bmiech, teraz stanie twarz\u0105 w twarz ze \u015bmierci\u0105.<\/p>\n\n\n\n<p>Reklama<\/p>\n\n\n\n<p>Informacja przekazana przez&nbsp;<a href=\"https:\/\/styl.fm\/tagi\/pogrzeb\" target=\"_blank\" rel=\"noreferrer noopener\"><strong>Polsk\u0105 Izb\u0119 Bran\u017cy Pogrzebowej<\/strong>&nbsp;<\/a>zszokowa\u0142a wielu fan\u00f3w, ale dla samego zainteresowanego to naturalna konsekwencja \u017cyciowej drogi.<\/p>\n\n\n\n<p><img loading=\"lazy\" decoding=\"async\" src=\"https:\/\/img.styl.fm\/resize\/w1280\/newsy\/wp-content\/uploads\/2026\/01\/pawel-pochwala2.jpg\" alt=\"Beata Chmielowska-Olech, Pawe\u0142 Pochwa\u0142a na planie &quot;Kawa czy herbata?&quot;\" width=\"998\" height=\"1500\">Niemiec\/AKPA<\/p>\n\n\n\n<p>Reklama<\/p>\n\n\n\n<h2 class=\"wp-block-heading\">Pawe\u0142 Pochwa\u0142a ma now\u0105 misj\u0119. Wykorzysta re\u017cyserski fach<\/h2>\n\n\n\n<p>65-letni dziennikarz nie traktuje nowego zaj\u0119cia jako emerytalnej odskoczni, ale jako powa\u017cne wyzwanie, w kt\u00f3rym wykorzysta swoje unikalne kompetencje. Okazuje si\u0119, \u017ce 30-letnie do\u015bwiadczenie re\u017cyserskie i dziennikarskie to idealne zaplecze do tworzenia oprawy artystycznej po\u017cegna\u0144 i pisania poruszaj\u0105cych m\u00f3w.<\/p>\n\n\n\n<p>Reklama<\/p>\n\n\n\n<p><strong>Pochwa\u0142a<\/strong>&nbsp;oferuje profesjonalne przygotowanie ceremonii, dbaj\u0105c o ka\u017cdy detal ostatniej drogi zmar\u0142ego. O swojej zaskakuj\u0105cej decyzji by\u0142y gwiazdor TVP m\u00f3wi z niezwyk\u0142\u0105 pokor\u0105:<\/p>\n\n\n\n<p>Reklama<\/p>\n\n\n\n<blockquote class=\"wp-block-quote is-layout-flow wp-block-quote-is-layout-flow\">\n<p>Nie nazywam tego ambicj\u0105, to&nbsp;moja misja. Szanowni Pa\u0144stwo, nazywam si\u0119 Pawe\u0142 Pochwa\u0142a. Jestem Mistrzem Ceremonii Pogrzebowych. Podejmuj\u0119 si\u0119 tej misji z g\u0142\u0119bi serca, po wielu latach przemy\u015ble\u0144, a ponad trzydzie\u015bci lat pracy jako dziennikarz i re\u017cyser telewizyjny nauczy\u0142y mnie wra\u017cliwo\u015bci na ludzi i ich historie.<\/p>\n<\/blockquote>\n\n\n\n<p><img loading=\"lazy\" decoding=\"async\" src=\"https:\/\/img.styl.fm\/resize\/w1280\/newsy\/wp-content\/uploads\/2026\/01\/pawel-pochwala4.jpg\" alt=\"Pawe\u0142 Pochwa\u0142a na planie &quot;Kawa czy herbata?&quot;\" width=\"998\" height=\"1500\">AKPA<\/p>\n\n\n\n<p>Reklama<\/p>\n\n\n\n<h2 class=\"wp-block-heading\">Toga zamiast kolorowej marynarki. Gwiazdor TVP wyczu\u0142 nisz\u0119<\/h2>\n\n\n\n<p>Wygl\u0105da na to, \u017ce dziennikarz TVP doskonale wyczu\u0142 rynkowe trendy i znalaz\u0142 dla siebie obiecuj\u0105c\u0105 nisz\u0119. Pogrzeb \u015bwiecki przestaje by\u0107 w Polsce tematem tabu, a uroczysto\u015bci prowadzone przez certyfikowanych mistrz\u00f3w stanowi\u0105 ju\u017c oko\u0142o 5 proc. wszystkich poch\u00f3wk\u00f3w.<\/p>\n\n\n\n<p>To blisko 25 tysi\u0119cy po\u017cegna\u0144 rocznie, kt\u00f3re wymagaj\u0105 odpowiedniej klasy i taktu. Zamiast kolorowych marynarek z planu \u015bniadani\u00f3wki, teraz&nbsp;<strong>Pawe\u0142 Pochwa\u0142a<\/strong>&nbsp;wk\u0142ada dostojn\u0105 tog\u0119 i ci\u0119\u017cki \u0142a\u0144cuch. Cho\u0107 w Polsce dzia\u0142a dopiero oko\u0142o 100 mistrz\u00f3w ceremonii pogrzebowych, nazwisko znanego dziennikarza z pewno\u015bci\u0105 przyci\u0105gnie uwag\u0119 os\u00f3b szukaj\u0105cych wyj\u0105tkowej oprawy dla bliskich.<\/p>\n\n\n\n<p><strong>Groby gwiazd. Tak wygl\u0105daj\u0105 miejsca wiecznego spoczynku s\u0142awnych Polak\u00f3w, kt\u00f3rzy odeszli<\/strong><\/p>\n","protected":false},"excerpt":{"rendered":"Przez lata budzi\u0142 miliony Polak\u00f3w aromatem porannej kawy w \u015bwietle studyjnych reflektor\u00f3w, a dzi\u015b towarzyszy im w ostatniej drodze po\u015br\u00f3d cmentarnej ciszy. Pawe\u0142 \n<a class=\"moretag\" href=\"https:\/\/lifevery.biz.ua\/?p=1329\"> [...]<\/a>","protected":false},"author":1,"featured_media":1330,"comment_status":"open","ping_status":"open","sticky":false,"template":"","format":"standard","meta":{"footnotes":""},"categories":[1],"tags":[],"class_list":["post-1329","post","type-post","status-publish","format-standard","has-post-thumbnail","hentry","category-blog"],"_links":{"self":[{"href":"https:\/\/lifevery.biz.ua\/index.php?rest_route=\/wp\/v2\/posts\/1329","targetHints":{"allow":["GET"]}}],"collection":[{"href":"https:\/\/lifevery.biz.ua\/index.php?rest_route=\/wp\/v2\/posts"}],"about":[{"href":"https:\/\/lifevery.biz.ua\/index.php?rest_route=\/wp\/v2\/types\/post"}],"author":[{"embeddable":true,"href":"https:\/\/lifevery.biz.ua\/index.php?rest_route=\/wp\/v2\/users\/1"}],"replies":[{"embeddable":true,"href":"https:\/\/lifevery.biz.ua\/index.php?rest_route=%2Fwp%2Fv2%2Fcomments&post=1329"}],"version-history":[{"count":1,"href":"https:\/\/lifevery.biz.ua\/index.php?rest_route=\/wp\/v2\/posts\/1329\/revisions"}],"predecessor-version":[{"id":1331,"href":"https:\/\/lifevery.biz.ua\/index.php?rest_route=\/wp\/v2\/posts\/1329\/revisions\/1331"}],"wp:featuredmedia":[{"embeddable":true,"href":"https:\/\/lifevery.biz.ua\/index.php?rest_route=\/wp\/v2\/media\/1330"}],"wp:attachment":[{"href":"https:\/\/lifevery.biz.ua\/index.php?rest_route=%2Fwp%2Fv2%2Fmedia&parent=1329"}],"wp:term":[{"taxonomy":"category","embeddable":true,"href":"https:\/\/lifevery.biz.ua\/index.php?rest_route=%2Fwp%2Fv2%2Fcategories&post=1329"},{"taxonomy":"post_tag","embeddable":true,"href":"https:\/\/lifevery.biz.ua\/index.php?rest_route=%2Fwp%2Fv2%2Ftags&post=1329"}],"curies":[{"name":"wp","href":"https:\/\/api.w.org\/{rel}","templated":true}]}}