{"id":1326,"date":"2026-01-27T18:09:04","date_gmt":"2026-01-27T18:09:04","guid":{"rendered":"https:\/\/lifevery.biz.ua\/?p=1326"},"modified":"2026-01-27T18:09:04","modified_gmt":"2026-01-27T18:09:04","slug":"doda-pokazala-zdjecie-babci-z-mlodosci-spojrzala-na-fotografie-i-wszystko-stalo-sie-jasne-juz-wiadomo-po-kim-ta-uroda","status":"publish","type":"post","link":"https:\/\/lifevery.biz.ua\/?p=1326","title":{"rendered":"Doda pokaza\u0142a zdj\u0119cie babci z m\u0142odo\u015bci. Spojrza\u0142a na fotografi\u0119 i wszystko sta\u0142o si\u0119 jasne. &#8220;Ju\u017c wiadomo, po kim ta uroda&#8221;"},"content":{"rendered":"\n<p>Doda odwiedzi\u0142a dom rodzinny w Ciechanowie i pokaza\u0142a fanom co\u015b, czego dot\u0105d nie widzieli. W starym albumie odnalaz\u0142a zdj\u0119cie babki z Wilna. Ten jeden kadr wyja\u015bnia fenomen jej charakteru lepiej ni\u017c tysi\u0105c wywiad\u00f3w.<\/p>\n\n\n\n<p>Unikalne znalezisko w rodzinnym Ciechanowie<br>Artystka \u015bwi\u0119towa\u0142a Bo\u017ce Narodzenie z Wand\u0105 i Paw\u0142em Rabczewskimi. To w\u0142a\u015bnie tam, w rodzinnym archiwum, dokopa\u0142a si\u0119 do przesz\u0142o\u015bci. Gwiazda uwielbia sp\u0119dza\u0107 czas z bliskimi i ch\u0119tnie dzieli si\u0119 prywatnymi chwilami, pokazuj\u0105c, \u017ce mimo statusu ikony, rodzina jest dla niej priorytetem.<\/p>\n\n\n\n<p>Doda nigdy nie ukrywa\u0142a, \u017ce wysportowan\u0105 sylwetk\u0119 i wol\u0119 walki ma po tacie, Pawle Rabczewskim. Na jednym z uj\u0119\u0107 wida\u0107 nawet, jak artystka le\u017cy z ojcem w \u0142\u00f3\u017cku, co tylko potwierdza ich niezwykle blisk\u0105 wi\u0119\u017a i sportowego ducha, kt\u00f3rego po nim odziedziczy\u0142a. Ale to znalezisko z szuflady rzuca zupe\u0142nie nowe \u015bwiat\u0142o na kobiec\u0105 stron\u0119 jej natury.<\/p>\n\n\n\n<p><img loading=\"lazy\" decoding=\"async\" src=\"https:\/\/img.styl.fm\/resize\/w1280\/newsy\/wp-content\/uploads\/2026\/01\/doda-5.jpg\" alt=\"babcia dody\" width=\"894\" height=\"1566\">instagram.com\/dodaqueen<\/p>\n\n\n\n<h2 class=\"wp-block-heading\">Gen\u00f3w nie oszukasz. Kim by\u0142a babcia Dody?<\/h2>\n\n\n\n<p>Przeszukuj\u0105c stare albumy, gwiazda trafi\u0142a na zdj\u0119cie babci&nbsp;<a href=\"https:\/\/styl.fm\/newsy\/906126.doda-w-nieprzyzwoicie-wycietej-kreacji-rozgrzewa-zmysly-jeden-nieostrozny-ruch-a-odslonilaby-zbyt-wiele\" target=\"_blank\" rel=\"noreferrer noopener\">Dody<\/a>&nbsp;z Wilna. Mimo \u017ce fotografia jest mocno uszkodzona, a przez twarz kobiety przebiega wielka rysa i przeci\u0119cie, uroda seniorki jest wr\u0119cz uderzaj\u0105ca. Jednak to nie wygl\u0105d robi tu najwi\u0119ksze wra\u017cenie.<\/p>\n\n\n\n<blockquote class=\"wp-block-quote is-layout-flow wp-block-quote-is-layout-flow\">\n<p>Wed\u0142ug Wandy i Paw\u0142a Rabczewskich, Dorota Rabczewska to &#8220;sk\u00f3ra zdj\u0119ta z babki&#8221;. To po niej mia\u0142a odziedziczy\u0107 nie tylko wyj\u0105tkow\u0105 urod\u0119, ale przede wszystkim niespotykan\u0105 charyzm\u0119.<\/p>\n<\/blockquote>\n\n\n\n<p>Babcia piosenkarki nie by\u0142a typow\u0105 kobiet\u0105 swoich czas\u00f3w. Zawsze sz\u0142a pod pr\u0105d, gardzi\u0142a konwenansami i by\u0142a ca\u0142kowicie odporna na hejt oraz krytyk\u0119 otoczenia. Jej styl bycia i odwaga w wyra\u017caniu siebie brzmi\u0105 zaskakuj\u0105co znajomo. Patrz\u0105c na zdj\u0119cie z m\u0142odo\u015bci, go\u0142ym okiem wida\u0107, sk\u0105d wzi\u0119\u0142a si\u0119 legendarna Doda charyzma.<\/p>\n\n\n\n<h2 class=\"wp-block-heading\">Reakcja fan\u00f3w i refleksja nad up\u0142ywaj\u0105cym czasem<\/h2>\n\n\n\n<p>Fani natychmiast wy\u0142apali uderzaj\u0105ce podobie\u0144stwo, komentuj\u0105c, \u017ce pewne cechy s\u0105 w tej rodzinie po prostu nie do zatarcia. Rodzina Dody to mieszanka wybuchowa, kt\u00f3ra ukszta\u0142towa\u0142a jedn\u0105 z najwi\u0119kszych gwiazd w Polsce.&nbsp;<strong>Doda<\/strong>&nbsp;mo\u017ce mie\u0107 cia\u0142o atlety po ojcu, ale ten b\u0142ysk w oku i odwaga bycia sob\u0105 to czyste dziedzictwo po babci. Wygl\u0105da na to, \u017ce w klanie Rabczewskich uroda to tylko mi\u0142y dodatek do atomowego charakteru.<\/p>\n\n\n\n<p><\/p>\n","protected":false},"excerpt":{"rendered":"Doda odwiedzi\u0142a dom rodzinny w Ciechanowie i pokaza\u0142a fanom co\u015b, czego dot\u0105d nie widzieli. W starym albumie odnalaz\u0142a zdj\u0119cie babki z Wilna. Ten \n<a class=\"moretag\" href=\"https:\/\/lifevery.biz.ua\/?p=1326\"> [...]<\/a>","protected":false},"author":1,"featured_media":1327,"comment_status":"open","ping_status":"open","sticky":false,"template":"","format":"standard","meta":{"footnotes":""},"categories":[1],"tags":[],"class_list":["post-1326","post","type-post","status-publish","format-standard","has-post-thumbnail","hentry","category-blog"],"_links":{"self":[{"href":"https:\/\/lifevery.biz.ua\/index.php?rest_route=\/wp\/v2\/posts\/1326","targetHints":{"allow":["GET"]}}],"collection":[{"href":"https:\/\/lifevery.biz.ua\/index.php?rest_route=\/wp\/v2\/posts"}],"about":[{"href":"https:\/\/lifevery.biz.ua\/index.php?rest_route=\/wp\/v2\/types\/post"}],"author":[{"embeddable":true,"href":"https:\/\/lifevery.biz.ua\/index.php?rest_route=\/wp\/v2\/users\/1"}],"replies":[{"embeddable":true,"href":"https:\/\/lifevery.biz.ua\/index.php?rest_route=%2Fwp%2Fv2%2Fcomments&post=1326"}],"version-history":[{"count":1,"href":"https:\/\/lifevery.biz.ua\/index.php?rest_route=\/wp\/v2\/posts\/1326\/revisions"}],"predecessor-version":[{"id":1328,"href":"https:\/\/lifevery.biz.ua\/index.php?rest_route=\/wp\/v2\/posts\/1326\/revisions\/1328"}],"wp:featuredmedia":[{"embeddable":true,"href":"https:\/\/lifevery.biz.ua\/index.php?rest_route=\/wp\/v2\/media\/1327"}],"wp:attachment":[{"href":"https:\/\/lifevery.biz.ua\/index.php?rest_route=%2Fwp%2Fv2%2Fmedia&parent=1326"}],"wp:term":[{"taxonomy":"category","embeddable":true,"href":"https:\/\/lifevery.biz.ua\/index.php?rest_route=%2Fwp%2Fv2%2Fcategories&post=1326"},{"taxonomy":"post_tag","embeddable":true,"href":"https:\/\/lifevery.biz.ua\/index.php?rest_route=%2Fwp%2Fv2%2Ftags&post=1326"}],"curies":[{"name":"wp","href":"https:\/\/api.w.org\/{rel}","templated":true}]}}