{"id":1320,"date":"2026-01-27T18:01:49","date_gmt":"2026-01-27T18:01:49","guid":{"rendered":"https:\/\/lifevery.biz.ua\/?p=1320"},"modified":"2026-01-27T18:01:49","modified_gmt":"2026-01-27T18:01:49","slug":"tragedia-w-radomiu-mrozi-krew-matka-noworodka-znalazla-zimne-cialo-nad-ranem","status":"publish","type":"post","link":"https:\/\/lifevery.biz.ua\/?p=1320","title":{"rendered":"Tragedia w Radomiu mrozi krew. Matka noworodka znalaz\u0142a zimne cia\u0142o nad ranem"},"content":{"rendered":"\n<p>Podczas gdy mieszka\u0144cy Radomia k\u0142adli si\u0119 spa\u0107 w ogrzanych domach, w jednym z lokali przy ul. Sienkiewicza rozgrywa\u0142 si\u0119 dramat, kt\u00f3ry nie mia\u0142 prawa si\u0119 wydarzy\u0107. Dwumiesi\u0119czne dziecko, szron na \u015bcianach i wygaszony piec \u2013 to obraz n\u0119dzy, kt\u00f3ra doprowadzi\u0142a do niewyobra\u017calnej tragedii.<\/p>\n\n\n\n<p>Dramat w samym sercu Radomia. Matka znalaz\u0142a zimne cia\u0142o nad ranem<br>Matka niemowl\u0119cia przyjecha\u0142a z Krakowa, by odwiedzi\u0107 babci\u0119 dziecka w mieszkaniu przy ulicy Sienkiewicza. Rodzinne spotkanie w centrum miasta zamieni\u0142o si\u0119 jednak w horror. Kobieta i jej male\u0144stwo zamiast ciep\u0142ego domu, trafi\u0142y do lodowatej pu\u0142apki. Noc z 24 na 25 stycznia okaza\u0142a si\u0119 dla dwumiesi\u0119cznego dziecka ostatni\u0105.<\/p>\n\n\n\n<p>Jeszcze w \u015brodku nocy nic nie zapowiada\u0142o najgorszego. O godzinie 3:00 nad ranem kobieta nakarmi\u0142a dziecko i od\u0142o\u017cy\u0142a je do snu. Cisza, kt\u00f3ra nasta\u0142a p\u00f3\u017aniej, by\u0142a z\u0142udna. Zaledwie trzy godziny p\u00f3\u017aniej, o 6:00 rano, matka dokona\u0142a tragicznego odkrycia.<\/p>\n\n\n\n<p>Niemowl\u0119 nie oddycha\u0142o. Zamiast ciep\u0142a, bij\u0105cego od ma\u0142ego cia\u0142ka, kobieta poczu\u0142a przera\u017aliwy ch\u0142\u00f3d. Zgon dziecka w Radomiu sta\u0142 si\u0119 faktem, zanim na miejsce dotar\u0142a jakakolwiek pomoc.<\/p>\n\n\n\n<p>O\u015bnie\u017cony rynek w Radomiufacebook.com\/RadomCity<\/p>\n\n\n\n<p>Warunki by\u0142y fatalne&#8221;. Szokuj\u0105ce relacje s\u0142u\u017cb o szronie na \u015bcianach<br>Ratownicy medyczni, kt\u00f3rzy przybyli na wezwanie, byli wstrz\u0105\u015bni\u0119ci tym, co zastali na miejscu. Nie chodzi\u0142o tylko o \u015bmier\u0107 dziecka, ale o nieludzkie warunki, w jakich przebywa\u0142o. Jak to mo\u017cliwe, \u017ce w XXI wieku, w sercu Radomia, noworodek musia\u0142 mierzy\u0107 si\u0119 z temperatur\u0105, kt\u00f3ra \u015bcina par\u0119 wodn\u0105 w szron na \u015bcianach? To nie metafora \u2014 \u015bciany wewn\u0105trz lokalu by\u0142y dos\u0142ownie pokryte lodem.<\/p>\n\n\n\n<blockquote class=\"wp-block-quote is-layout-flow wp-block-quote-is-layout-flow\">\n<p>Ratownicy po wej\u015bciu do mieszkania stwierdzili, \u017ce panuje w nim bardzo niska temperatura, m\u00f3wili o szronie na \u015bcianach. Niestety, stwierdzili zgon dziecka.<\/p>\n<\/blockquote>\n\n\n\n<p><img loading=\"lazy\" decoding=\"async\" src=\"https:\/\/img.styl.fm\/resize\/w1280\/newsy\/wp-content\/uploads\/2023\/10\/znicze-3.jpg\" alt=\"zapalone znicze\" width=\"1280\" height=\"720\">Canva<\/p>\n\n\n\n<p><\/p>\n\n\n\n<h2 class=\"wp-block-heading\">Prokuratura wkracza do akcji. Czy niemowl\u0119 zamarz\u0142o we w\u0142asnym \u0142\u00f3\u017ceczku?<\/h2>\n\n\n\n<p>Prokuratura Radom natychmiast zaj\u0119\u0142a si\u0119 spraw\u0105. \u015aledczy badaj\u0105, czy bezpo\u015bredni\u0105 przyczyn\u0105 \u015bmierci by\u0142o skrajne wych\u0142odzenie organizmu. Cho\u0107 w mieszkaniu przebywa\u0142y doros\u0142e osoby \u2014 matka i babcia \u2014 nikt nie zadba\u0142 o podstawowe ciep\u0142o dla bezbronnej istoty. Prokuratura nie ma w\u0105tpliwo\u015bci \u2013 w mieszkaniu by\u0142o piekielnie zimno, bo piec by\u0142 wygaszony.<\/p>\n\n\n\n<p>\u015aledztwo prowadzone jest w kierunku przest\u0119pstwa, jakim jest nieumy\u015blne spowodowanie \u015bmierci. Bieg\u0142y patomorfolog przeprowadzi\u0142 sekcj\u0119 zw\u0142ok 27 stycznia, jednak na ostateczne wyniki, w tym badania histopatologiczne, trzeba b\u0119dzie poczeka\u0107.<\/p>\n","protected":false},"excerpt":{"rendered":"Podczas gdy mieszka\u0144cy Radomia k\u0142adli si\u0119 spa\u0107 w ogrzanych domach, w jednym z lokali przy ul. Sienkiewicza rozgrywa\u0142 si\u0119 dramat, kt\u00f3ry nie mia\u0142 \n<a class=\"moretag\" href=\"https:\/\/lifevery.biz.ua\/?p=1320\"> [...]<\/a>","protected":false},"author":1,"featured_media":1321,"comment_status":"open","ping_status":"open","sticky":false,"template":"","format":"standard","meta":{"footnotes":""},"categories":[1],"tags":[],"class_list":["post-1320","post","type-post","status-publish","format-standard","has-post-thumbnail","hentry","category-blog"],"_links":{"self":[{"href":"https:\/\/lifevery.biz.ua\/index.php?rest_route=\/wp\/v2\/posts\/1320","targetHints":{"allow":["GET"]}}],"collection":[{"href":"https:\/\/lifevery.biz.ua\/index.php?rest_route=\/wp\/v2\/posts"}],"about":[{"href":"https:\/\/lifevery.biz.ua\/index.php?rest_route=\/wp\/v2\/types\/post"}],"author":[{"embeddable":true,"href":"https:\/\/lifevery.biz.ua\/index.php?rest_route=\/wp\/v2\/users\/1"}],"replies":[{"embeddable":true,"href":"https:\/\/lifevery.biz.ua\/index.php?rest_route=%2Fwp%2Fv2%2Fcomments&post=1320"}],"version-history":[{"count":1,"href":"https:\/\/lifevery.biz.ua\/index.php?rest_route=\/wp\/v2\/posts\/1320\/revisions"}],"predecessor-version":[{"id":1322,"href":"https:\/\/lifevery.biz.ua\/index.php?rest_route=\/wp\/v2\/posts\/1320\/revisions\/1322"}],"wp:featuredmedia":[{"embeddable":true,"href":"https:\/\/lifevery.biz.ua\/index.php?rest_route=\/wp\/v2\/media\/1321"}],"wp:attachment":[{"href":"https:\/\/lifevery.biz.ua\/index.php?rest_route=%2Fwp%2Fv2%2Fmedia&parent=1320"}],"wp:term":[{"taxonomy":"category","embeddable":true,"href":"https:\/\/lifevery.biz.ua\/index.php?rest_route=%2Fwp%2Fv2%2Fcategories&post=1320"},{"taxonomy":"post_tag","embeddable":true,"href":"https:\/\/lifevery.biz.ua\/index.php?rest_route=%2Fwp%2Fv2%2Ftags&post=1320"}],"curies":[{"name":"wp","href":"https:\/\/api.w.org\/{rel}","templated":true}]}}