{"id":1317,"date":"2026-01-27T17:59:34","date_gmt":"2026-01-27T17:59:34","guid":{"rendered":"https:\/\/lifevery.biz.ua\/?p=1317"},"modified":"2026-01-27T17:59:34","modified_gmt":"2026-01-27T17:59:34","slug":"dramat-w-ustce-sasiedzi-nie-moga-zapomniec-przerazliwego-krzyku-sop-podjal-bezwzgledna-decyzje","status":"publish","type":"post","link":"https:\/\/lifevery.biz.ua\/?p=1317","title":{"rendered":"Dramat w Ustce. S\u0105siedzi nie mog\u0105 zapomnie\u0107 przera\u017aliwego krzyku. SOP podj\u0105\u0142 bezwzgl\u0119dn\u0105 decyzj\u0119"},"content":{"rendered":"\n<p>44-letni Piotr K. by\u0142 czynnym funkcjonariuszem SOP, posiada\u0142 aktualne badania psychologiczne, a mimo to w poniedzia\u0142kowy wiecz\u00f3r rzuci\u0142 si\u0119 z no\u017cem na w\u0142asne dzieci i \u017con\u0119. W wyniku ataku zgin\u0119\u0142a 4-letnia dziewczynka, a pi\u0119\u0107 os\u00f3b trafi\u0142o do szpitali. Prze\u0142o\u017ceni m\u0119\u017cczyzny podj\u0119li ju\u017c bezwzgl\u0119dn\u0105 decyzj\u0119 w sprawie jego przysz\u0142o\u015bci w formacji.<\/p>\n\n\n\n<p>Piek\u0142o w mieszkaniu przy Ba\u0142tyckiej. S\u0105siedzi s\u0142yszeli rozpaczliwy krzyk<br>Dramatyczne sceny rozegra\u0142y si\u0119 w poniedzia\u0142kowy wiecz\u00f3r, oko\u0142o godziny 21:30. To wtedy cisz\u0119 na ulicy Ba\u0142tyckiej w Ustce przerwa\u0142y przera\u017caj\u0105ce krzyki i p\u0142acz dobiegaj\u0105ce z jednego z mieszka\u0144. Zaniepokojeni s\u0105siedzi, s\u0142ysz\u0105c odg\u0142osy awantury domowej, natychmiast wezwali policj\u0119.<\/p>\n\n\n\n<p>Gdy funkcjonariusze dotarli na miejsce, sytuacja by\u0142a krytyczna. Okaza\u0142o si\u0119, \u017ce no\u017cownik z SOP zaatakowa\u0142 swoich bliskich. Zanim jednak w mieszkaniu rozp\u0119ta\u0142o si\u0119 piek\u0142o, cz\u0119\u015bci domownik\u00f3w uda\u0142o si\u0119 unikn\u0105\u0107 najgorszego. Jak podaje portal Radio Gda\u0144sk, ch\u0142opiec oraz jego dziadek zdo\u0142ali uciec z lokalu jeszcze przed eskalacj\u0105 agresji napastnika.<\/p>\n\n\n\n<p>Wewn\u0105trz mieszkania policjanci musieli obezw\u0142adni\u0107 furiata. Piotr K. rani\u0142 no\u017cem siebie oraz cz\u0142onk\u00f3w swojej rodziny, kt\u00f3rzy nie zd\u0105\u017cyli uciec.<\/p>\n\n\n\n<p>Na miejscu obezw\u0142adnili agresywnego 44-latka, kt\u00f3ry rani\u0142 no\u017cem pi\u0119cioro cz\u0142onk\u00f3w swojej rodziny oraz siebie. Czteroletniej dziewczynki, mimo d\u0142ugiej reanimacji, nie uda\u0142o si\u0119 uratowa\u0107<\/p>\n\n\n\n<p>\u2013 relacjonuje podkom. Jakub Bagi\u0144ski, oficer prasowy s\u0142upskiej policji.<\/p>\n\n\n\n<p><img loading=\"lazy\" decoding=\"async\" src=\"https:\/\/img.styl.fm\/resize\/w1280\/newsy\/wp-content\/uploads\/2020\/04\/cruiser-2361684_1920.jpg\" alt=\"radiow\u00f3z i karetka stoj\u0105ce na drodze\" width=\"1920\" height=\"1285\">zdj\u0119cie ilustracyjne &#8211; Pixabay<\/p>\n\n\n\n<p><\/p>\n\n\n\n<h2 class=\"wp-block-heading\">Nie \u017cyje 4-letnia dziewczynka. Nowe fakty o stanie rannych<\/h2>\n\n\n\n<p>Bilans ataku jest tragiczny. Mimo b\u0142yskawicznej akcji ratunkowej i d\u0142ugiej reanimacji, \u017cycia 4-letniej c\u00f3rki sprawcy nie uda\u0142o si\u0119 uratowa\u0107. Zab\u00f3jstwo 4-latki wstrz\u0105sn\u0119\u0142o ca\u0142\u0105 lokaln\u0105 spo\u0142eczno\u015bci\u0105. W ataku ucierpia\u0142o jednak wi\u0119cej os\u00f3b, w tym drugie dziecko pary.<\/p>\n\n\n\n<p>Reklama<\/p>\n\n\n\n<p>Szcz\u0119\u015bliwie, w przeciwie\u0144stwie do swojej siostry, drugie z dzieci prze\u017cy\u0142o atak bez szwanku fizycznego. To w\u0142a\u015bnie o nim m\u00f3wi\u0142 rzecznik szpitala, prostuj\u0105c pojawiaj\u0105ce si\u0119 w mediach sprzeczne informacje.<\/p>\n\n\n\n<p><\/p>\n\n\n\n<blockquote class=\"wp-block-quote is-layout-flow wp-block-quote-is-layout-flow\">\n<p>Dziecko nie mia\u0142o praktycznie \u017cadnych obra\u017ce\u0144, zosta\u0142o wypisane. Starsza kobieta jest na chirurgii w stanie stabilnym. M\u0142odsza jest w stanie ci\u0119\u017ckim.<\/p>\n<\/blockquote>\n\n\n\n<p>\u2013 poinformowa\u0142&nbsp;<strong>Marcin Prusak<\/strong>, rzecznik prasowy szpitala w S\u0142upsku.<\/p>\n\n\n\n<p>Wiadomo ju\u017c, \u017ce w s\u0142upskim szpitalu o \u017cycie walczy \u017cona napastnika (stan ci\u0119\u017cki), a przebywaj\u0105ca tam te\u015bciowa jest w stanie stabilnym. Z kolei te\u015b\u0107 funkcjonariusza SOP trafi\u0142 do plac\u00f3wki medycznej w S\u0142awnie. Sam sprawca, r\u00f3wnie\u017c ranny, przebywa w szpitalu pod \u015bcis\u0142ym nadzorem policji.<\/p>\n\n\n\n<p><img loading=\"lazy\" decoding=\"async\" src=\"https:\/\/img.styl.fm\/resize\/w1280\/newsy\/wp-content\/uploads\/2023\/12\/policja.jpg\" alt=\"Patrol policji (dw\u00f3ch policjant\u00f3w w mundurach) przed domem Jaros\u0142awa Kaczy\u0144skiego\" width=\"1500\" height=\"1900\">AGENCJA SE\/East News<\/p>\n\n\n\n<h2 class=\"wp-block-heading\">Koniec kariery w cieniu tragedii. Jest decyzja o wydaleniu funkcjonariusza ze s\u0142u\u017cby<\/h2>\n\n\n\n<p>Szokuj\u0105ce w tej sprawie jest to, \u017ce sprawc\u0105 jest cz\u0142owiek zaufania publicznego, kt\u00f3ry na co dzie\u0144 chroni\u0142 najwa\u017cniejsze osoby w pa\u0144stwie.&nbsp;<strong>Piotr K.<\/strong>&nbsp;w chwili ataku przebywa\u0142 na urlopie wypoczynkowym, ale pozostawa\u0142 w s\u0142u\u017cbie czynnej. Co wi\u0119cej, posiada\u0142 wszystkie aktualne badania, w tym testy psychologiczne, kt\u00f3re teoretycznie powinny wykluczy\u0107 sk\u0142onno\u015bci do tak drastycznej agresji.<\/p>\n\n\n\n<p>Reakcja dow\u00f3dztwa by\u0142a natychmiastowa. Formacja nie zamierza czeka\u0107 na wyrok s\u0105du w kwestiach pracowniczych.&nbsp;<strong>P\u0142k Bogus\u0142aw Pi\u00f3rkowski<\/strong>, rzecznik prasowy SOP, zapowiedzia\u0142 wydalenie sprawcy z szereg\u00f3w s\u0142u\u017cby.<\/p>\n\n\n\n<blockquote class=\"wp-block-quote is-layout-flow wp-block-quote-is-layout-flow\">\n<p>Musimy zgromadzi\u0107 wszystkie dokumenty z policji i prokuratury, przeanalizowa\u0107 je i wtedy zostanie uruchomiona procedura, a m\u0119\u017cczyzna wydalony ze s\u0142u\u017cby, najprawdopodobniej dyscyplinarnie.<\/p>\n<\/blockquote>\n\n\n\n<p>SOP zapowiedzia\u0142o r\u00f3wnie\u017c, \u017ce rodzina dotkni\u0119ta t\u0105 tragedi\u0105, a tak\u017ce inni funkcjonariusze formacji, zostan\u0105 obj\u0119ci niezb\u0119dnym wsparciem psychologicznym. \u015aledztwo w sprawie prowadzi policja pod nadzorem prokuratury.<\/p>\n","protected":false},"excerpt":{"rendered":"44-letni Piotr K. by\u0142 czynnym funkcjonariuszem SOP, posiada\u0142 aktualne badania psychologiczne, a mimo to w poniedzia\u0142kowy wiecz\u00f3r rzuci\u0142 si\u0119 z no\u017cem na w\u0142asne \n<a class=\"moretag\" href=\"https:\/\/lifevery.biz.ua\/?p=1317\"> [...]<\/a>","protected":false},"author":1,"featured_media":1318,"comment_status":"open","ping_status":"open","sticky":false,"template":"","format":"standard","meta":{"footnotes":""},"categories":[1],"tags":[],"class_list":["post-1317","post","type-post","status-publish","format-standard","has-post-thumbnail","hentry","category-blog"],"_links":{"self":[{"href":"https:\/\/lifevery.biz.ua\/index.php?rest_route=\/wp\/v2\/posts\/1317","targetHints":{"allow":["GET"]}}],"collection":[{"href":"https:\/\/lifevery.biz.ua\/index.php?rest_route=\/wp\/v2\/posts"}],"about":[{"href":"https:\/\/lifevery.biz.ua\/index.php?rest_route=\/wp\/v2\/types\/post"}],"author":[{"embeddable":true,"href":"https:\/\/lifevery.biz.ua\/index.php?rest_route=\/wp\/v2\/users\/1"}],"replies":[{"embeddable":true,"href":"https:\/\/lifevery.biz.ua\/index.php?rest_route=%2Fwp%2Fv2%2Fcomments&post=1317"}],"version-history":[{"count":1,"href":"https:\/\/lifevery.biz.ua\/index.php?rest_route=\/wp\/v2\/posts\/1317\/revisions"}],"predecessor-version":[{"id":1319,"href":"https:\/\/lifevery.biz.ua\/index.php?rest_route=\/wp\/v2\/posts\/1317\/revisions\/1319"}],"wp:featuredmedia":[{"embeddable":true,"href":"https:\/\/lifevery.biz.ua\/index.php?rest_route=\/wp\/v2\/media\/1318"}],"wp:attachment":[{"href":"https:\/\/lifevery.biz.ua\/index.php?rest_route=%2Fwp%2Fv2%2Fmedia&parent=1317"}],"wp:term":[{"taxonomy":"category","embeddable":true,"href":"https:\/\/lifevery.biz.ua\/index.php?rest_route=%2Fwp%2Fv2%2Fcategories&post=1317"},{"taxonomy":"post_tag","embeddable":true,"href":"https:\/\/lifevery.biz.ua\/index.php?rest_route=%2Fwp%2Fv2%2Ftags&post=1317"}],"curies":[{"name":"wp","href":"https:\/\/api.w.org\/{rel}","templated":true}]}}