{"id":1296,"date":"2026-01-27T12:37:57","date_gmt":"2026-01-27T12:37:57","guid":{"rendered":"https:\/\/lifevery.biz.ua\/?p=1296"},"modified":"2026-01-27T12:37:57","modified_gmt":"2026-01-27T12:37:57","slug":"byla-zona-kazimierza-marcinkiewicza-nagle-przerwala-milczenie-naprawde-ma-zamiar-to-zrobic-bylemu-mezowi","status":"publish","type":"post","link":"https:\/\/lifevery.biz.ua\/?p=1296","title":{"rendered":"By\u0142a \u017cona Kazimierza Marcinkiewicza nagle przerwa\u0142a milczenie. Naprawd\u0119 ma zamiar to zrobi\u0107 by\u0142emu m\u0119\u017cowi"},"content":{"rendered":"\n<p>Kazimierz Marcinkiewicz poinformowa\u0142 w mediach spo\u0142eczno\u015bciowych o prawomocnym zako\u0144czeniu sprawy dotycz\u0105cej obowi\u0105zku alimentacyjnego wobec by\u0142ej \u017cony. By\u0142y premier przekaza\u0142, \u017ce s\u0105d oddali\u0142 apelacj\u0119, co oznacza utrzymanie w mocy wcze\u015bniejszego wyroku zwalniaj\u0105cego go z dalszych \u015bwiadcze\u0144. Jednocze\u015bnie pe\u0142nomocniczka by\u0142ej \u017cony zapowiedzia\u0142a mo\u017cliwo\u015b\u0107 podj\u0119cia kolejnych dzia\u0142a\u0144 prawnych.<\/p>\n\n\n\n<ul class=\"wp-block-list\">\n<li>Sprawd\u017a te\u017c:\u00a0<a href=\"https:\/\/wlocie.pl\/spoleczenstwo\/matka-madzi-z-sosnowca-szykuje-sie-do-wyjscia-na-wolnosc-to-co-zrobila-ulatwi-jej-zycie-na-wolnosci\">Matka Madzi z Sosnowca szykuje si\u0119 do wyj\u015bcia na wolno\u015b\u0107. To co zrobi\u0142a u\u0142atwi jej \u017cycie na wolno\u015bci<\/a><\/li>\n<\/ul>\n\n\n\n<h2 class=\"wp-block-heading\">Prawomocny wyrok s\u0105du w sprawie aliment\u00f3w<\/h2>\n\n\n\n<p>Sprawa alimentacyjna toczy\u0142a si\u0119 od blisko dziesi\u0119ciu lat. W czerwcu 2025 roku s\u0105d pierwszej instancji uchyli\u0142 obowi\u0105zek alimentacyjny na\u0142o\u017cony na Kazimierza Marcinkiewicza. Orzeczenie nie by\u0142o w\u00f3wczas prawomocne. By\u0142a \u017cona z\u0142o\u017cy\u0142a apelacj\u0119, jednak 20 stycznia 2026 roku warszawski S\u0105d Okr\u0119gowy oddali\u0142 jej wniosek. Tym samym wyrok z czerwca ubieg\u0142ego roku zosta\u0142 utrzymany w mocy.<\/p>\n\n\n\n<ul class=\"wp-block-list\">\n<li>Zobacz tak\u017ce:\u00a0<a href=\"https:\/\/wlocie.pl\/spoleczenstwo\/nagla-smierc-dziecka-12-letnia-karolinka-odeszla-cala-miejscowosc-pograzona-w-rozpaczy\">Nag\u0142a \u015bmier\u0107 dziecka. 12-letnia Karolinka odesz\u0142a. Ca\u0142a miejscowo\u015b\u0107 pogr\u0105\u017cona w rozpaczy<\/a><\/li>\n<\/ul>\n\n\n\n<p>Informacj\u0119 o rozstrzygni\u0119ciu Marcinkiewicz opublikowa\u0142 w serwisie Instagram, wskazuj\u0105c, \u017ce sprawa zosta\u0142a ostatecznie zako\u0144czona i \u017ce nie \u0142\u0105cz\u0105 go ju\u017c \u017cadne zobowi\u0105zania finansowe wobec by\u0142ej \u017cony.<\/p>\n\n\n\n<h2 class=\"wp-block-heading\">T\u0142o relacji i d\u0142ugoletni sp\u00f3r<\/h2>\n\n\n\n<p>Ma\u0142\u017ce\u0144stwo Kazimierza Marcinkiewicza z m\u0142odsz\u0105 o 21 lat partnerk\u0105 zosta\u0142o zawarte w 2009 roku. Para pozna\u0142a si\u0119 podczas pobytu by\u0142ego premiera w Londynie. Po \u015blubie, kt\u00f3ry odby\u0142 si\u0119 w polskim konsulacie w Barcelonie, ma\u0142\u017conkowie przez kr\u00f3tki czas mieszkali za granic\u0105. Po utracie przez Marcinkiewicza pracy w londy\u0144skim banku wr\u00f3cili do Polski.<\/p>\n\n\n\n<p>Relacja zako\u0144czy\u0142a si\u0119 po kilku latach, a w kolejnych latach rozpocz\u0105\u0142 si\u0119 sp\u00f3r dotycz\u0105cy obowi\u0105zku alimentacyjnego. By\u0142y premier utrzymywa\u0142, \u017ce przez d\u0142ugi czas ponosi\u0142 koszty utrzymania by\u0142ej \u017cony, mimo \u017ce ich ma\u0142\u017ce\u0144stwo trwa\u0142o stosunkowo kr\u00f3tko. Sprawa by\u0142a wielokrotnie rozpatrywana przez s\u0105dy.<\/p>\n\n\n\n<h2 class=\"wp-block-heading\">Stanowisko&nbsp; Marcinkiewicz po og\u0142oszeniu wyroku<\/h2>\n\n\n\n<p>Po uprawomocnieniu si\u0119 orzeczenia g\u0142os zabra\u0142a pe\u0142nomocniczka by\u0142ej \u017cony Marcinkiewicza. Mecenas Martyna Kalinowska-Chandu przekaza\u0142a w o\u015bwiadczeniu, \u017ce jej klientka nie zgadza si\u0119 z decyzj\u0105 s\u0105du i nie zamierza uzna\u0107 sprawy za definitywnie zako\u0144czon\u0105. Zapowiedzia\u0142a rozwa\u017cenie skorzystania z nadzwyczajnych \u015brodk\u00f3w prawnych.<\/p>\n\n\n\n<p>W\u015br\u00f3d mo\u017cliwych dzia\u0142a\u0144 wskazano z\u0142o\u017cenie skargi do Europejskiego Trybuna\u0142u Praw Cz\u0142owieka. Wed\u0142ug prawniczki podstaw\u0105 do takiego kroku ma by\u0107 spos\u00f3b, w jaki s\u0105d uzasadni\u0142 zniesienie obowi\u0105zku alimentacyjnego.<\/p>\n\n\n\n<h2 class=\"wp-block-heading\">Argumenty zapowiadane w ewentualnej skardze<\/h2>\n\n\n\n<p>Pe\u0142nomocniczka by\u0142ej \u017cony zwr\u00f3ci\u0142a uwag\u0119, \u017ce s\u0105d, wydaj\u0105c wyrok, nie kwestionowa\u0142 okoliczno\u015bci zwi\u0105zanych ze stanem zdrowia jej klientki. Kluczowym argumentem, kt\u00f3ry przes\u0105dzi\u0142 o uchyleniu aliment\u00f3w, mia\u0142 by\u0107 wy\u0142\u0105cznie up\u0142yw czasu od rozwi\u0105zania ma\u0142\u017ce\u0144stwa oraz d\u0142ugotrwa\u0142o\u015b\u0107 \u015bwiadcze\u0144 ju\u017c wyp\u0142acanych przez Marcinkiewicza.<\/p>\n\n\n\n<p>Zdaniem prawniczki takie podej\u015bcie stanowi jednostronn\u0105 ocen\u0119 sprawy i mo\u017ce by\u0107 przedmiotem dalszej analizy na forum mi\u0119dzynarodowym.&nbsp;<a href=\"http:\/\/wp.pl\/\">Na<\/a>&nbsp;obecnym etapie nie wskazano jednak terminu ani szczeg\u00f3\u0142\u00f3w ewentualnych dalszych dzia\u0142a\u0144.<\/p>\n","protected":false},"excerpt":{"rendered":"Kazimierz Marcinkiewicz poinformowa\u0142 w mediach spo\u0142eczno\u015bciowych o prawomocnym zako\u0144czeniu sprawy dotycz\u0105cej obowi\u0105zku alimentacyjnego wobec by\u0142ej \u017cony. By\u0142y premier przekaza\u0142, \u017ce s\u0105d oddali\u0142 apelacj\u0119, \n<a class=\"moretag\" href=\"https:\/\/lifevery.biz.ua\/?p=1296\"> [...]<\/a>","protected":false},"author":1,"featured_media":1297,"comment_status":"open","ping_status":"open","sticky":false,"template":"","format":"standard","meta":{"footnotes":""},"categories":[1],"tags":[],"class_list":["post-1296","post","type-post","status-publish","format-standard","has-post-thumbnail","hentry","category-blog"],"_links":{"self":[{"href":"https:\/\/lifevery.biz.ua\/index.php?rest_route=\/wp\/v2\/posts\/1296","targetHints":{"allow":["GET"]}}],"collection":[{"href":"https:\/\/lifevery.biz.ua\/index.php?rest_route=\/wp\/v2\/posts"}],"about":[{"href":"https:\/\/lifevery.biz.ua\/index.php?rest_route=\/wp\/v2\/types\/post"}],"author":[{"embeddable":true,"href":"https:\/\/lifevery.biz.ua\/index.php?rest_route=\/wp\/v2\/users\/1"}],"replies":[{"embeddable":true,"href":"https:\/\/lifevery.biz.ua\/index.php?rest_route=%2Fwp%2Fv2%2Fcomments&post=1296"}],"version-history":[{"count":1,"href":"https:\/\/lifevery.biz.ua\/index.php?rest_route=\/wp\/v2\/posts\/1296\/revisions"}],"predecessor-version":[{"id":1298,"href":"https:\/\/lifevery.biz.ua\/index.php?rest_route=\/wp\/v2\/posts\/1296\/revisions\/1298"}],"wp:featuredmedia":[{"embeddable":true,"href":"https:\/\/lifevery.biz.ua\/index.php?rest_route=\/wp\/v2\/media\/1297"}],"wp:attachment":[{"href":"https:\/\/lifevery.biz.ua\/index.php?rest_route=%2Fwp%2Fv2%2Fmedia&parent=1296"}],"wp:term":[{"taxonomy":"category","embeddable":true,"href":"https:\/\/lifevery.biz.ua\/index.php?rest_route=%2Fwp%2Fv2%2Fcategories&post=1296"},{"taxonomy":"post_tag","embeddable":true,"href":"https:\/\/lifevery.biz.ua\/index.php?rest_route=%2Fwp%2Fv2%2Ftags&post=1296"}],"curies":[{"name":"wp","href":"https:\/\/api.w.org\/{rel}","templated":true}]}}