{"id":1293,"date":"2026-01-27T12:36:23","date_gmt":"2026-01-27T12:36:23","guid":{"rendered":"https:\/\/lifevery.biz.ua\/?p=1293"},"modified":"2026-01-27T12:36:23","modified_gmt":"2026-01-27T12:36:23","slug":"tyle-zarabia-zona-owsiaka-wyciekly-konkretne-kwoty-wiele-osob-mocno-sie-zdziwi-2","status":"publish","type":"post","link":"https:\/\/lifevery.biz.ua\/?p=1293","title":{"rendered":"Tyle zarabia \u017cona Owsiaka. Wyciek\u0142y konkretne kwoty, wiele os\u00f3b mocno si\u0119 zdziwi"},"content":{"rendered":"\n<p>Wok\u00f3\u0142 Wielkiej Orkiestry \u015awi\u0105tecznej Pomocy od lat kr\u0105\u017cy nie tylko entuzjazm i emocje zwi\u0105zane z fina\u0142ami, ale te\u017c pytania o transparentno\u015b\u0107 i pieni\u0105dze. W tej dyskusji regularnie pojawia si\u0119 jedno nazwisko \u2013&nbsp;<strong>Lidia Nied\u017awiedzka-Owsiak<\/strong>. To w\u0142a\u015bnie jej rola w fundacji i wysoko\u015b\u0107 wynagrodzenia sta\u0142y si\u0119 tematem publicznej debaty, w kt\u00f3rej jedni widz\u0105 \u201enormalne realia\u201d, a inni punkt zapalny.<\/p>\n\n\n\n<ul class=\"wp-block-list\">\n<li>Czytaj te\u017c:\u00a0<a href=\"https:\/\/wlocie.pl\/gwiazdy\/partner-starszy-o-18-lat-romans-zszokowal-wszystkich-i-wywolal-ogromne-poruszenenie\">Partner starszy o 18 lat. Romans zszokowa\u0142 wszystkich i wywo\u0142a\u0142 ogromne poruszenenie<\/a><\/li>\n<\/ul>\n\n\n\n<h2 class=\"wp-block-heading\">Kim jest Lidia Nied\u017awiedzka-Owsiak w WO\u015aP i za co odpowiada<\/h2>\n\n\n\n<p>Z podanego materia\u0142u wynika, \u017ce&nbsp;<strong>Lidia Nied\u017awiedzka-Owsiak<\/strong>&nbsp;od wielu lat pe\u0142ni wa\u017cn\u0105 funkcj\u0119 w fundacji WO\u015aP i odpowiada za jeden z kluczowych obszar\u00f3w jej dzia\u0142alno\u015bci. Jako&nbsp;<strong>koordynatorka projekt\u00f3w medycznych<\/strong>&nbsp;ma nadzorowa\u0107 programy zdrowotne realizowane przez organizacj\u0119.<\/p>\n\n\n\n<p>W ramach tych obowi\u0105zk\u00f3w planuje zakupy nowoczesnego sprz\u0119tu dla szpitali w ca\u0142ej Polsce. W tek\u015bcie podkre\u015blono te\u017c, \u017ce jako&nbsp;<strong>dyrektorka ds. medycznych<\/strong>&nbsp;ma szeroki zakres odpowiedzialno\u015bci.<\/p>\n\n\n\n<h2 class=\"wp-block-heading\">To od tych decyzji zale\u017cy, gdzie trafiaj\u0105 pieni\u0105dze z fina\u0142\u00f3w<\/h2>\n\n\n\n<p>W materiale zaznaczono, \u017ce decyzje Lidii Nied\u017awiedzkiej-Owsiak wp\u0142ywaj\u0105 na to, gdzie ostatecznie trafi\u0105 \u015brodki zebrane podczas fina\u0142\u00f3w. Jednocze\u015bnie ma dba\u0107 o to, by pieni\u0105dze by\u0142y wydawane zgodnie z realnymi potrzebami plac\u00f3wek medycznych.<\/p>\n\n\n\n<p>To w\u0142a\u015bnie ten fragment cz\u0119sto buduje kontekst ca\u0142ej dyskusji \u2013 bo je\u015bli kto\u015b odpowiada za medyczny \u201ekrwiobieg\u201d WO\u015aP, naturalnie pojawia si\u0119 pytanie o warunki jego pracy i wynagrodzenie.<\/p>\n\n\n\n<h2 class=\"wp-block-heading\">Ile wynosi pensja Lidii Nied\u017awiedzkiej-Owsiak w WO\u015aP<\/h2>\n\n\n\n<p>W tek\u015bcie wskazano, \u017ce temat jej wynagrodzenia od dawna wywo\u0142uje emocje, dlatego kilka lat temu mia\u0142a podj\u0105\u0107 decyzj\u0119 o ujawnieniu wysoko\u015bci pensji. Ta informacja szybko obieg\u0142a media i sta\u0142a si\u0119 paliwem dla komentarzy.<\/p>\n\n\n\n<p>Najwa\u017cniejsze s\u0105 liczby. Wed\u0142ug podanego materia\u0142u miesi\u0119czne wynagrodzenie dyrektorki wynosi:<\/p>\n\n\n\n<p><strong>13 743 z\u0142 brutto<\/strong>.<\/p>\n\n\n\n<p>To kwota, kt\u00f3ra \u2013 jak sugeruje tekst \u2013 wywo\u0142uje skrajne reakcje. Dla jednych mo\u017ce by\u0107 zaskakuj\u0105co \u201ezwyczajna\u201d, dla&nbsp;<a href=\"http:\/\/interia.pl\/\">innych<\/a>&nbsp;wci\u0105\u017c zbyt wysoka jak na organizacj\u0119 charytatywn\u0105.<\/p>\n\n\n\n<h2 class=\"wp-block-heading\">\u201eZarabia mniej ni\u017c inni\u201d. W tle \u015brednia p\u0142ac w WO\u015aP<\/h2>\n\n\n\n<p>W materiale pojawia si\u0119 te\u017c istotne por\u00f3wnanie. Podano, \u017ce&nbsp;<strong>Lidia Nied\u017awiedzka-Owsiak zarabia mniej ni\u017c wielu innych dyrektor\u00f3w i kluczowych pracownik\u00f3w WO\u015aP<\/strong>. Jednocze\u015bnie wskazano, \u017ce jej pensja ma by\u0107&nbsp;<strong>ni\u017csza od \u015bredniej w fundacji<\/strong>, kt\u00f3r\u0105 okre\u015blono na poziomie oko\u0142o&nbsp;<strong>21 tys. z\u0142 brutto<\/strong>.<\/p>\n\n\n\n<p>To w\u0142a\u015bnie ten kontrast bywa najmocniejszym elementem ca\u0142ej uk\u0142adanki \u2013 bo przesuwa dyskusj\u0119 z prostego \u201eile zarabia\u201d na bardziej niewygodne \u201eile zarabiaj\u0105 inni\u201d.<\/p>\n\n\n\n<h2 class=\"wp-block-heading\">Reakcje po ujawnieniu kwoty. Jedni krytykuj\u0105, inni m\u00f3wi\u0105 o realiach<\/h2>\n\n\n\n<p>Z podanego materia\u0142u wynika, \u017ce ujawnienie wynagrodzenia wywo\u0142a\u0142o fal\u0119 komentarzy i skrajnych ocen dotycz\u0105cych transparentno\u015bci WO\u015aP. Cz\u0119\u015b\u0107 os\u00f3b mia\u0142a by\u0107 zaskoczona, \u017ce kwota jest ni\u017csza od \u015bredniej w organizacji. Inni uznali te zarobki za zbyt wysokie, bo fundacja dzia\u0142a w sektorze charytatywnym.<\/p>\n\n\n\n<p>W tek\u015bcie pojawia si\u0119 te\u017c obserwacja, \u017ce w sieci mo\u017cna by\u0142o znale\u017a\u0107 opinie, i\u017c spodziewano si\u0119 raczej wy\u017cszej pensji przy tak istotnym stanowisku. Jednocze\u015bnie zauwa\u017cano, \u017ce kilkana\u015bcie tysi\u0119cy z\u0142otych miesi\u0119cznie nie jest nadzwyczajne w sektorze non-profit.<\/p>\n\n\n\n<h2 class=\"wp-block-heading\">Dlaczego ta dyskusja wraca co roku<\/h2>\n\n\n\n<p>W materiale podkre\u015blono, \u017ce kwestie finansowe wp\u0142ywaj\u0105 na to, jak darczy\u0144cy postrzegaj\u0105 fundacj\u0119. Dla jednych ujawnione zarobki s\u0105 powodem do krytyki, dla innych \u2013 potwierdzeniem rzetelno\u015bci dzia\u0142a\u0144 organizacji.<\/p>\n\n\n\n<p>I dlatego temat nie znika. WO\u015aP jest jedn\u0105 z najbardziej rozpoznawalnych inicjatyw w Polsce, a tam, gdzie s\u0105 wielkie emocje i wielkie zbi\u00f3rki, zawsze wracaj\u0105 te\u017c pytania o to, jak wygl\u0105da zaplecze, kto podejmuje decyzje i ile zarabiaj\u0105 osoby stoj\u0105ce za kulisami.<\/p>\n","protected":false},"excerpt":{"rendered":"Wok\u00f3\u0142 Wielkiej Orkiestry \u015awi\u0105tecznej Pomocy od lat kr\u0105\u017cy nie tylko entuzjazm i emocje zwi\u0105zane z fina\u0142ami, ale te\u017c pytania o transparentno\u015b\u0107 i pieni\u0105dze. \n<a class=\"moretag\" href=\"https:\/\/lifevery.biz.ua\/?p=1293\"> [...]<\/a>","protected":false},"author":1,"featured_media":1294,"comment_status":"open","ping_status":"open","sticky":false,"template":"","format":"standard","meta":{"footnotes":""},"categories":[1],"tags":[],"class_list":["post-1293","post","type-post","status-publish","format-standard","has-post-thumbnail","hentry","category-blog"],"_links":{"self":[{"href":"https:\/\/lifevery.biz.ua\/index.php?rest_route=\/wp\/v2\/posts\/1293","targetHints":{"allow":["GET"]}}],"collection":[{"href":"https:\/\/lifevery.biz.ua\/index.php?rest_route=\/wp\/v2\/posts"}],"about":[{"href":"https:\/\/lifevery.biz.ua\/index.php?rest_route=\/wp\/v2\/types\/post"}],"author":[{"embeddable":true,"href":"https:\/\/lifevery.biz.ua\/index.php?rest_route=\/wp\/v2\/users\/1"}],"replies":[{"embeddable":true,"href":"https:\/\/lifevery.biz.ua\/index.php?rest_route=%2Fwp%2Fv2%2Fcomments&post=1293"}],"version-history":[{"count":1,"href":"https:\/\/lifevery.biz.ua\/index.php?rest_route=\/wp\/v2\/posts\/1293\/revisions"}],"predecessor-version":[{"id":1295,"href":"https:\/\/lifevery.biz.ua\/index.php?rest_route=\/wp\/v2\/posts\/1293\/revisions\/1295"}],"wp:featuredmedia":[{"embeddable":true,"href":"https:\/\/lifevery.biz.ua\/index.php?rest_route=\/wp\/v2\/media\/1294"}],"wp:attachment":[{"href":"https:\/\/lifevery.biz.ua\/index.php?rest_route=%2Fwp%2Fv2%2Fmedia&parent=1293"}],"wp:term":[{"taxonomy":"category","embeddable":true,"href":"https:\/\/lifevery.biz.ua\/index.php?rest_route=%2Fwp%2Fv2%2Fcategories&post=1293"},{"taxonomy":"post_tag","embeddable":true,"href":"https:\/\/lifevery.biz.ua\/index.php?rest_route=%2Fwp%2Fv2%2Ftags&post=1293"}],"curies":[{"name":"wp","href":"https:\/\/api.w.org\/{rel}","templated":true}]}}