{"id":1290,"date":"2026-01-27T12:35:03","date_gmt":"2026-01-27T12:35:03","guid":{"rendered":"https:\/\/lifevery.biz.ua\/?p=1290"},"modified":"2026-01-27T12:35:03","modified_gmt":"2026-01-27T12:35:03","slug":"posel-zawiadomi-prokurature-ws-wosp-powod-powala-ludzie-niedowierzaja","status":"publish","type":"post","link":"https:\/\/lifevery.biz.ua\/?p=1290","title":{"rendered":"Pose\u0142 zawiadomi prokuratur\u0119 ws. WO\u015aP. Pow\u00f3d powala. Ludzie niedowierzaj\u0105"},"content":{"rendered":"\n<p>W niedziel\u0119, gdy w ca\u0142ej Polsce trwa\u0142y licytacje i zbi\u00f3rki, jedna z aukcji wywo\u0142a\u0142a zupe\u0142nie inn\u0105 fal\u0119 emocji. Najpierw pojawi\u0142o si\u0119 nagranie w sieci, potem mocny wpis, a na ko\u0144cu zapowied\u017a krok\u00f3w prawnych. I nagle fina\u0142 WO\u015aP zacz\u0105\u0142 \u017cy\u0107 tak\u017ce politycznym sporem.<\/p>\n\n\n\n<p>Czytaj te\u017c: Tragedia w \u015brodku nocy. Zaton\u0105\u0142 prom pasa\u017cerski. Na pok\u0142adzie 300 os\u00f3b. Mn\u00f3stwo ofiar<br>Kontrowersyjna aukcja Tomczyka<br>25 stycznia, w ramach 34. Fina\u0142u Wielkiej Orkiestry \u015awi\u0105tecznej Pomocy, w akcj\u0119 w\u0142\u0105czy\u0142o si\u0119 wielu polityk\u00f3w i os\u00f3b publicznych. W\u015br\u00f3d nich znalaz\u0142 si\u0119 wiceszef Ministerstwa Obrony Narodowej Cezary Tomczyk z Koalicji Obywatelskiej.<\/p>\n\n\n\n<p><\/p>\n\n\n\n<p>Tomczyk wystawi\u0142 na aukcj\u0119&nbsp;<strong>wsp\u00f3lny trening strzelecki na symulatorze \u015anie\u017cnik<\/strong>. W nagraniu opublikowanym na platformie X zach\u0119ca\u0142 do licytacji, wskazuj\u0105c, \u017ce wydarzenie mia\u0142oby odby\u0107 si\u0119 w&nbsp;<strong>15. Sieradzkiej Brygadzie \u0141\u0105czno\u015bci<\/strong>.<\/p>\n\n\n\n<p>W materiale pad\u0142y te\u017c s\u0142owa o dodatkowych elementach spotkania.<\/p>\n\n\n\n<blockquote class=\"wp-block-quote is-layout-flow wp-block-quote-is-layout-flow\">\n<p>Przejdziesz kurs przetrwania albo kurs bezpiecze\u0144stwa, a dodatkowo b\u0119dziesz m\u00f3g\u0142 budowa\u0107 swoje umiej\u0119tno\u015bci, a, co najwa\u017cniejsze, pomo\u017cemy dzieciom<\/p>\n<\/blockquote>\n\n\n\n<h2 class=\"wp-block-heading\">B\u0142aszczak: \u201eSk\u0142adam zawiadomienie\u201d<\/h2>\n\n\n\n<p>Na t\u0119 inicjatyw\u0119 ostro zareagowa\u0142&nbsp;<strong>Mariusz B\u0142aszczak<\/strong>, by\u0142y minister obrony narodowej, obecnie pose\u0142 Prawa i Sprawiedliwo\u015bci. Zapowiedzia\u0142&nbsp;<strong>z\u0142o\u017cenie zawiadomienia do prokuratury<\/strong>&nbsp;w zwi\u0105zku z aukcj\u0105.<\/p>\n\n\n\n<ul class=\"wp-block-list\">\n<li><\/li>\n<\/ul>\n\n\n\n<p>W swoim wpisie na platformie X wskaza\u0142, \u017ce dzia\u0142ania wiceszefa MON mog\u0105 \u2013 w jego ocenie \u2013 budzi\u0107 powa\u017cne w\u0105tpliwo\u015bci. Chodzi\u0142o przede wszystkim o&nbsp;<strong>odp\u0142atne wykorzystanie mienia i infrastruktury wojskowej Skarbu Pa\u0144stwa<\/strong>. B\u0142aszczak napisa\u0142 te\u017c o mo\u017cliwym&nbsp;<strong>przekroczeniu uprawnie\u0144 funkcjonariusza publicznego<\/strong>&nbsp;oraz o naruszeniu zasad&nbsp;<strong>neutralno\u015bci politycznej Si\u0142 Zbrojnych RP<\/strong>.<\/p>\n\n\n\n<p>Wpis zawiera\u0142 r\u00f3wnie\u017c mocne podkre\u015blenie, \u017ce wojsko nie powinno pojawia\u0107 si\u0119 w takim kontek\u015bcie.<\/p>\n\n\n\n<blockquote class=\"wp-block-quote is-layout-flow wp-block-quote-is-layout-flow\">\n<p>Sprawa wymaga rzetelnego zbadania, poniewa\u017c wojsko nie mo\u017ce by\u0107 wykorzystywane jako \u201enagroda\u201d dost\u0119pna za pieni\u0105dze. Fakt, \u017ce \u201enagroda\u201d dotyczy jednostki z okr\u0119gu wyborczego wiceministra jest dodatkowo bulwersuj\u0105cy.<\/p>\n<\/blockquote>\n\n\n\n<p>Pose\u0142 PiS doda\u0142 te\u017c, \u017ce Tomczyk \u2013 jego zdaniem \u2013 uzyska dzi\u0119ki aukcji&nbsp;<strong>korzy\u015bci polityczne<\/strong>. Przy okazji por\u00f3wna\u0142 sytuacj\u0119 do w\u0142asnej sprawy, gdy otrzyma\u0142 zarzuty dotycz\u0105ce tzw.&nbsp;<strong>\u201elinii Wis\u0142a\u201d<\/strong>.<\/p>\n\n\n\n<h2 class=\"wp-block-heading\">Ostra odpowied\u017a polityk\u00f3w KO<\/h2>\n\n\n\n<p>Na odpowied\u017a nie trzeba by\u0142o d\u0142ugo czeka\u0107. Sam Cezary Tomczyk skomentowa\u0142 wpis B\u0142aszczaka pod jego postem i uderzy\u0142 w ton zdecydowany, ale jednocze\u015bnie odwo\u0142a\u0142 si\u0119 do idei fina\u0142u WO\u015aP.<\/p>\n\n\n\n<blockquote class=\"wp-block-quote is-layout-flow wp-block-quote-is-layout-flow\">\n<p>Pan ju\u017c do reszty straci\u0142 kontakt z rzeczywisto\u015bci\u0105. Wojsko gra z WO\u015aP! To \u017ce za Pana czas\u00f3w by\u0142 zakaz to Pana sumienie. Jedno Panu powiem. W tej wyj\u0105tkowy dzie\u0144 Panu \u017cycz\u0119 wszystkiego dobrego. I skupmy si\u0119 na pomocy dzieciom a nie walce politycznej.<\/p>\n<\/blockquote>\n\n\n\n<p>G\u0142os zabrali te\u017c inni politycy Koalicji Obywatelskiej, w tym Jan Grabiec i Borys Budka. W reakcji Budki pojawi\u0142 si\u0119 wyj\u0105tkowo ostry komentarz, kt\u00f3ry natychmiast zacz\u0105\u0142 kr\u0105\u017cy\u0107 w sieci.<\/p>\n\n\n\n<blockquote class=\"wp-block-quote is-layout-flow wp-block-quote-is-layout-flow\">\n<p>No i mam dylemat \u2013 czy on jest z\u0142y, czy tylko bezdennie g\u0142upi\u2026<\/p>\n<\/blockquote>\n\n\n\n<h2 class=\"wp-block-heading\">Sp\u00f3r o wojsko, pieni\u0105dze i granice polityki<\/h2>\n\n\n\n<p><\/p>\n\n\n\n<p>W tej historii \u015bcieraj\u0105 si\u0119 dwie opowie\u015bci. Z jednej strony \u2013 aukcja przedstawiana jako forma wsparcia WO\u015aP i zach\u0119ta do pomagania. Z drugiej \u2013 zarzut, \u017ce w gr\u0119 mog\u0142o wej\u015b\u0107&nbsp;<strong>wykorzystanie wojskowej infrastruktury<\/strong>&nbsp;w spos\u00f3b, kt\u00f3ry powinien podlega\u0107 jasnym regu\u0142om i ograniczeniom.<\/p>\n\n\n\n<p>B\u0142aszczak stawia spraw\u0119 na ostrzu no\u017ca i m\u00f3wi o potrzebie wyja\u015bnienia. \\odpowiada, \u017ce&nbsp;<strong>\u201eWojsko gra z WO\u015aP\u201d<\/strong>&nbsp;i apeluje, by nie przenosi\u0107 politycznej walki na dzie\u0144 zbi\u00f3rki.<\/p>\n\n\n\n<p>Na tym etapie \u2013 wed\u0142ug przedstawionych informacji \u2013 kluczowe pozostaje jedno: zapowiadane zawiadomienie do prokuratury i to, czy sprawa rzeczywi\u015bcie trafi na \u015bcie\u017ck\u0119 formalnego post\u0119powania.<\/p>\n\n\n\n<p>S\u0142owa posz\u0142y w \u015bwiat. Emocje tak\u017ce. A fina\u0142 WO\u015aP, zamiast wyciszy\u0107 sp\u00f3r, sta\u0142 si\u0119 dla niego nowym polem.<\/p>\n","protected":false},"excerpt":{"rendered":"W niedziel\u0119, gdy w ca\u0142ej Polsce trwa\u0142y licytacje i zbi\u00f3rki, jedna z aukcji wywo\u0142a\u0142a zupe\u0142nie inn\u0105 fal\u0119 emocji. Najpierw pojawi\u0142o si\u0119 nagranie w \n<a class=\"moretag\" href=\"https:\/\/lifevery.biz.ua\/?p=1290\"> [...]<\/a>","protected":false},"author":1,"featured_media":1291,"comment_status":"open","ping_status":"open","sticky":false,"template":"","format":"standard","meta":{"footnotes":""},"categories":[1],"tags":[],"class_list":["post-1290","post","type-post","status-publish","format-standard","has-post-thumbnail","hentry","category-blog"],"_links":{"self":[{"href":"https:\/\/lifevery.biz.ua\/index.php?rest_route=\/wp\/v2\/posts\/1290","targetHints":{"allow":["GET"]}}],"collection":[{"href":"https:\/\/lifevery.biz.ua\/index.php?rest_route=\/wp\/v2\/posts"}],"about":[{"href":"https:\/\/lifevery.biz.ua\/index.php?rest_route=\/wp\/v2\/types\/post"}],"author":[{"embeddable":true,"href":"https:\/\/lifevery.biz.ua\/index.php?rest_route=\/wp\/v2\/users\/1"}],"replies":[{"embeddable":true,"href":"https:\/\/lifevery.biz.ua\/index.php?rest_route=%2Fwp%2Fv2%2Fcomments&post=1290"}],"version-history":[{"count":1,"href":"https:\/\/lifevery.biz.ua\/index.php?rest_route=\/wp\/v2\/posts\/1290\/revisions"}],"predecessor-version":[{"id":1292,"href":"https:\/\/lifevery.biz.ua\/index.php?rest_route=\/wp\/v2\/posts\/1290\/revisions\/1292"}],"wp:featuredmedia":[{"embeddable":true,"href":"https:\/\/lifevery.biz.ua\/index.php?rest_route=\/wp\/v2\/media\/1291"}],"wp:attachment":[{"href":"https:\/\/lifevery.biz.ua\/index.php?rest_route=%2Fwp%2Fv2%2Fmedia&parent=1290"}],"wp:term":[{"taxonomy":"category","embeddable":true,"href":"https:\/\/lifevery.biz.ua\/index.php?rest_route=%2Fwp%2Fv2%2Fcategories&post=1290"},{"taxonomy":"post_tag","embeddable":true,"href":"https:\/\/lifevery.biz.ua\/index.php?rest_route=%2Fwp%2Fv2%2Ftags&post=1290"}],"curies":[{"name":"wp","href":"https:\/\/api.w.org\/{rel}","templated":true}]}}