{"id":1287,"date":"2026-01-27T09:52:59","date_gmt":"2026-01-27T09:52:59","guid":{"rendered":"https:\/\/lifevery.biz.ua\/?p=1287"},"modified":"2026-01-27T09:52:59","modified_gmt":"2026-01-27T09:52:59","slug":"tragedia-po-interwencji-szczesnego-nagla-smierc-na-stadionie","status":"publish","type":"post","link":"https:\/\/lifevery.biz.ua\/?p=1287","title":{"rendered":"Tragedia po interwencji Szcz\u0119snego. Nag\u0142a \u015bmier\u0107 na stadionie"},"content":{"rendered":"\n<p><strong>Prezydent Karol Nawrocki<\/strong>&nbsp;og\u0142osi\u0142 decyzj\u0119, kt\u00f3ra ucieszy\u0142a setki tysi\u0119cy rodzin w ca\u0142ym kraju. Podpisa\u0142 ustaw\u0119 wprowadzaj\u0105c\u0105&nbsp;<strong>PIT-0 dla rodzin<\/strong>, czyli&nbsp;<strong>zwolnienie z podatku dochodowego dla rodzic\u00f3w wychowuj\u0105cych co najmniej dwoje dzieci<\/strong>. Nowe rozwi\u0105zanie ma realnie odci\u0105\u017cy\u0107 domowe bud\u017cety i sta\u0107 si\u0119 jednym z najwa\u017cniejszych element\u00f3w polityki spo\u0142ecznej najbli\u017cszych lat.<\/p>\n\n\n\n<h2 class=\"wp-block-heading\">Karol Nawrocki w ostatnich tygodniach<\/h2>\n\n\n\n<p>Ostatnie tygodnie by\u0142y wyj\u0105tkowo intensywne dla Karola Nawrockiego i jego \u017cony&nbsp;<strong>Marty Nawrockiej<\/strong>. Para prezydencka uczestniczy\u0142a w dziesi\u0105tkach wydarze\u0144 publicznych \u2013 od wizyt zagranicznych po spotkania z obywatelami.<\/p>\n\n\n\n<p>W ci\u0105gu miesi\u0105ca prezydent odwiedzi\u0142&nbsp;<strong>Watykan, Stany Zjednoczone i Estoni\u0119<\/strong>, rozmawiaj\u0105c o bezpiecze\u0144stwie regionu, wsp\u00f3\u0142pracy militarnej i relacjach transatlantyckich. Z kolei pierwsza dama coraz \u015bmielej odnajduje si\u0119 w swojej roli \u2013 jej media spo\u0142eczno\u015bciowe pe\u0142ne s\u0105 ciep\u0142ych s\u0142\u00f3w kierowanych do Polak\u00f3w.<\/p>\n\n\n\n<blockquote class=\"wp-block-quote is-layout-flow wp-block-quote-is-layout-flow\">\n<p>\u201eDwa miesi\u0105ce w\u015br\u00f3d Polek i Polak\u00f3w \u2013 pe\u0142ne ciep\u0142a, serdeczno\u015bci i u\u015bmiechu. Ka\u017cde spotkanie jest wyj\u0105tkowe i zostaje w sercu na d\u0142ugo. Razem z Karolem dzi\u0119kujemy za ka\u017cdy gest i ka\u017cde dobre s\u0142owo\u201d \u2013 napisa\u0142a Marta Nawrocka.<\/p>\n<\/blockquote>\n\n\n\n<p>Publiczne wyst\u0105pienia pary prezydenckiej buduj\u0105 obraz&nbsp;<strong>otwarto\u015bci, empatii i dialogu z obywatelami<\/strong>, cho\u0107 sam prezydent nie unika kontrowersji \u2013 szczeg\u00f3lnie w kontek\u015bcie decyzji politycznych i spo\u0142ecznych.<\/p>\n\n\n\n<h2 class=\"wp-block-heading\">Karol Nawrocki podpisa\u0142 ustaw\u0119<\/h2>\n\n\n\n<p>Nowa ustawa, okre\u015blana przez media mianem&nbsp;<strong>\u201e\u015bwiadczenia 1000 plus\u201d<\/strong>, wprowadza&nbsp;<strong>zwolnienie z podatku PIT dla rodzic\u00f3w maj\u0105cych co najmniej dwoje dzieci<\/strong>. Rz\u0105d przekonuje, \u017ce reforma ma wesprze\u0107 polskie rodziny i&nbsp;<strong>wzmocni\u0107 klas\u0119 \u015bredni\u0105<\/strong>, a tak\u017ce zach\u0119ci\u0107 do posiadania potomstwa.<\/p>\n\n\n\n<p>Prezydent Nawrocki podczas podpisania aktu m\u00f3wi\u0142 o swoim zobowi\u0105zaniu wobec polskich rodzin:<\/p>\n\n\n\n<blockquote class=\"wp-block-quote is-layout-flow wp-block-quote-is-layout-flow\">\n<p>\u201ePolskie rodziny mog\u0105 liczy\u0107 na wsparcie polskiego Prezydenta. Zwolnienie z PIT rodzic\u00f3w dw\u00f3jki i wi\u0119cej dzieci jest nie tylko moj\u0105 obietnic\u0105, ale te\u017c obowi\u0105zkiem wobec trwania Polski i naszej niepodleg\u0142o\u015bci.\u201d<\/p>\n<\/blockquote>\n\n\n\n<p>Decyzja spotka\u0142a si\u0119 z du\u017cym odzewem \u2013 od entuzjastycznych g\u0142os\u00f3w rodzic\u00f3w po ostro\u017cne komentarze ekonomist\u00f3w, kt\u00f3rzy ostrzegaj\u0105, \u017ce&nbsp;<strong>wdro\u017cenie reformy mo\u017ce by\u0107 ogromnym wyzwaniem dla bud\u017cetu pa\u0144stwa<\/strong>.<\/p>\n\n\n\n<p>Ministerstwo Finans\u00f3w zapowiedzia\u0142o ju\u017c monitoring efekt\u00f3w programu w kolejnych latach, by oceni\u0107 jego realny wp\u0142yw na finanse publiczne.<\/p>\n\n\n\n<h2 class=\"wp-block-heading\">Kto skorzysta z nowych przepis\u00f3w?<\/h2>\n\n\n\n<p>Nie wszyscy rodzice b\u0119d\u0105 mogli liczy\u0107 na dodatkowe pieni\u0105dze. Aby otrzyma\u0107 ulg\u0119, trzeba spe\u0142ni\u0107 kilka warunk\u00f3w:<\/p>\n\n\n\n<ul class=\"wp-block-list\">\n<li>mie\u0107\u00a0<strong>co najmniej dwoje dzieci<\/strong>, w tym r\u00f3wnie\u017c studiuj\u0105ce do 25. roku \u017cycia lub doros\u0142e dzieci z niepe\u0142nosprawno\u015bci\u0105,<\/li>\n\n\n\n<li><strong>doch\u00f3d roczny<\/strong>\u00a0nie mo\u017ce przekroczy\u0107\u00a0<strong>140 tys. z\u0142 brutto<\/strong>, a w przypadku wsp\u00f3lnego rozliczenia z ma\u0142\u017conkiem \u2013\u00a0<strong>280 tys. z\u0142<\/strong>,<\/li>\n\n\n\n<li>ulga dotyczy wy\u0142\u0105cznie os\u00f3b rozliczaj\u0105cych si\u0119\u00a0<strong>na skali podatkowej<\/strong>,<\/li>\n\n\n\n<li>przedsi\u0119biorcy na podatku liniowym lub rycza\u0142cie\u00a0<strong>nie skorzystaj\u0105 z preferencji<\/strong>,<\/li>\n\n\n\n<li>pr\u00f3g podatkowy ma zosta\u0107\u00a0<strong>podniesiony ze 120 do 140 tys. z\u0142<\/strong>.<\/li>\n<\/ul>\n\n\n\n<p>Wed\u0142ug analiz, rodziny o niskich dochodach zyskaj\u0105 niewiele \u2013 oko\u0142o&nbsp;<strong>150 z\u0142 miesi\u0119cznie<\/strong>. Najwi\u0119ksze profity trafi\u0105 do os\u00f3b zarabiaj\u0105cych powy\u017cej \u015bredniej krajowej. Jak wskazuje portal Styl.fm,&nbsp;<strong>rodzice zarabiaj\u0105cy po 12 tys. z\u0142 brutto mog\u0105 zyska\u0107 nawet 913 z\u0142 miesi\u0119cznie<\/strong>.<\/p>\n\n\n\n<p>To w\u0142a\u015bnie ta rozbie\u017cno\u015b\u0107 sprawia, \u017ce niekt\u00f3rzy ekonomi\u015bci okre\u015blaj\u0105 program jako&nbsp;<strong>\u201epremi\u0119 dla zamo\u017cniejszych rodzin\u201d<\/strong>, a nie rozwi\u0105zanie prospo\u0142eczne w pe\u0142nym znaczeniu.<\/p>\n\n\n\n<h2 class=\"wp-block-heading\">Rodzice z nadziej\u0105, eksperci z rezerw\u0105<\/h2>\n\n\n\n<p>Nowa ustawa wzbudza ogromne emocje. Dla jednych to&nbsp;<strong>krok w stron\u0119 realnego wsparcia rodzin<\/strong>, dla innych \u2013 polityczna zagrywka, kt\u00f3rej skutki finansowe poznamy dopiero za kilka lat.<\/p>\n\n\n\n<p>Jedno jest pewne: decyzja Karola Nawrockiego otwiera nowy rozdzia\u0142 w polityce prorodzinnej, a jego s\u0142owa o&nbsp;<strong>\u201eobowi\u0105zku wobec trwania Polski\u201d<\/strong>&nbsp;wyznaczaj\u0105 ton nadchodz\u0105cych miesi\u0119cy<\/p>\n","protected":false},"excerpt":{"rendered":"Prezydent Karol Nawrocki&nbsp;og\u0142osi\u0142 decyzj\u0119, kt\u00f3ra ucieszy\u0142a setki tysi\u0119cy rodzin w ca\u0142ym kraju. Podpisa\u0142 ustaw\u0119 wprowadzaj\u0105c\u0105&nbsp;PIT-0 dla rodzin, czyli&nbsp;zwolnienie z podatku dochodowego dla rodzic\u00f3w \n<a class=\"moretag\" href=\"https:\/\/lifevery.biz.ua\/?p=1287\"> [...]<\/a>","protected":false},"author":1,"featured_media":1288,"comment_status":"open","ping_status":"open","sticky":false,"template":"","format":"standard","meta":{"footnotes":""},"categories":[1],"tags":[],"class_list":["post-1287","post","type-post","status-publish","format-standard","has-post-thumbnail","hentry","category-blog"],"_links":{"self":[{"href":"https:\/\/lifevery.biz.ua\/index.php?rest_route=\/wp\/v2\/posts\/1287","targetHints":{"allow":["GET"]}}],"collection":[{"href":"https:\/\/lifevery.biz.ua\/index.php?rest_route=\/wp\/v2\/posts"}],"about":[{"href":"https:\/\/lifevery.biz.ua\/index.php?rest_route=\/wp\/v2\/types\/post"}],"author":[{"embeddable":true,"href":"https:\/\/lifevery.biz.ua\/index.php?rest_route=\/wp\/v2\/users\/1"}],"replies":[{"embeddable":true,"href":"https:\/\/lifevery.biz.ua\/index.php?rest_route=%2Fwp%2Fv2%2Fcomments&post=1287"}],"version-history":[{"count":1,"href":"https:\/\/lifevery.biz.ua\/index.php?rest_route=\/wp\/v2\/posts\/1287\/revisions"}],"predecessor-version":[{"id":1289,"href":"https:\/\/lifevery.biz.ua\/index.php?rest_route=\/wp\/v2\/posts\/1287\/revisions\/1289"}],"wp:featuredmedia":[{"embeddable":true,"href":"https:\/\/lifevery.biz.ua\/index.php?rest_route=\/wp\/v2\/media\/1288"}],"wp:attachment":[{"href":"https:\/\/lifevery.biz.ua\/index.php?rest_route=%2Fwp%2Fv2%2Fmedia&parent=1287"}],"wp:term":[{"taxonomy":"category","embeddable":true,"href":"https:\/\/lifevery.biz.ua\/index.php?rest_route=%2Fwp%2Fv2%2Fcategories&post=1287"},{"taxonomy":"post_tag","embeddable":true,"href":"https:\/\/lifevery.biz.ua\/index.php?rest_route=%2Fwp%2Fv2%2Ftags&post=1287"}],"curies":[{"name":"wp","href":"https:\/\/api.w.org\/{rel}","templated":true}]}}