{"id":1272,"date":"2026-01-27T09:42:44","date_gmt":"2026-01-27T09:42:44","guid":{"rendered":"https:\/\/lifevery.biz.ua\/?p=1272"},"modified":"2026-01-27T09:42:44","modified_gmt":"2026-01-27T09:42:44","slug":"tragiczna-smierc-11-letniej-danusi-rodzice-uczniow-przerywaja-milczenie-i-mowia-wprost-to-nie-musial-byc-przypadek-2","status":"publish","type":"post","link":"https:\/\/lifevery.biz.ua\/?p=1272","title":{"rendered":"Tragiczna \u015bmier\u0107 11-letniej Danusi. Rodzice uczni\u00f3w przerywaj\u0105 milczenie i m\u00f3wi\u0105 wprost: &#8220;To nie musia\u0142 by\u0107 przypadek&#8221;"},"content":{"rendered":"\n<p>Jelenia G\u00f3ra wstrzyma\u0142a oddech, ale milczenie p\u0119k\u0142o. Wzorowa harcerka, kt\u00f3rej pasj\u0105 by\u0142a pomoc innym, nie \u017cyje, a o zbrodni\u0119 podejrzewana jest jej r\u00f3wie\u015bniczka. Podczas gdy prokuratura bada motywy, rodzice uczni\u00f3w Szko\u0142y Podstawowej nr 10 s\u0105 przera\u017ceni i sugeruj\u0105, \u017ce sygna\u0142y o nadchodz\u0105cej tragedii mog\u0142y by\u0107 widoczne znacznie wcze\u015bniej.<\/p>\n\n\n\n<p>Koszmar przy ulicy Wyspia\u0144skiego. Tak zgin\u0119\u0142a Danusia<br>Do zdarzenia, kt\u00f3re na zawsze zmieni\u0142o oblicze tego miasta, dosz\u0142o w poniedzia\u0142ek, 15 grudnia 2025 roku. Zaledwie 200-300 metr\u00f3w od Szko\u0142y Podstawowej nr 10, na skwerze mi\u0119dzy ulicami Wyspia\u0144skiego a S\u0142owackiego, rozegra\u0142 si\u0119 dramat. To tam znaleziono cia\u0142o 11-latki z ranami k\u0142utymi. Narz\u0119dziem zbrodni okaza\u0142 si\u0119 n\u00f3\u017c typu finka \u2013 przedmiot, kt\u00f3ry w r\u0119kach dziecka sta\u0142 si\u0119 narz\u0119dziem ostatecznym.<\/p>\n\n\n\n<p>&#8220;Hania bez powodu zaczepi\u0142a Danusi\u0119&#8221;. Rodzice uczni\u00f3w ujawniaj\u0105 drugie dno tragedii<br>Szok miesza si\u0119 z niedowierzaniem, a na korytarzach i w domach Jeleniej G\u00f3ry huczy od plotek. Rodzice uczni\u00f3w nie kryj\u0105 emocji, wskazuj\u0105c, \u017ce tragedia ta to zderzenie dw\u00f3ch kompletnie r\u00f3\u017cnych \u015bwiat\u00f3w. Z jednej strony 11-letnia Danusia, o kt\u00f3rej koledzy m\u00f3wi\u0105:<\/p>\n\n\n\n<p>Danusia nie interesowa\u0142a si\u0119 w og\u00f3le ch\u0142opakami. Ona by\u0142a skupiona na nauce<\/p>\n\n\n\n<p>Z drugiej strony zatrzymana 12-latka podejrzana o zab\u00f3jstwo, uczennica 7. klasy tej samej szko\u0142y. R\u00f3wie\u015bnicy wskazuj\u0105 na niepokoj\u0105ce zainteresowania sprawczyni \u2013 dziewczynka interesowa\u0142a si\u0119 militariami i planowa\u0142a kszta\u0142cenie w kierunku wojskowym. Fakt, \u017ce nosi\u0142a przy sobie n\u00f3\u017c, w tym kontek\u015bcie brzmi przera\u017caj\u0105co. Cho\u0107 dziewczynki nie by\u0142y bliskimi przyjaci\u00f3\u0142kami, losy ich rodzin splata\u0142y si\u0119 w s\u0105siedztwie.<\/p>\n\n\n\n<h2 class=\"wp-block-heading\">Co dalej z 12-latk\u0105? Prawo jest dla niej bezlitosne, ale inaczej ni\u017c my\u015blimy<\/h2>\n\n\n\n<p>Spo\u0142ecze\u0144stwo domaga si\u0119 sprawiedliwo\u015bci, ale&nbsp;<a href=\"http:\/\/%3Ca%20href=\/\">&#8220;&gt;polskie prawo w przypadku os\u00f3b poni\u017cej 13. roku \u017cycia dzia\u0142a specyficznie<\/a>.&nbsp;<strong>12-latka zatrzymana w sprawie zab\u00f3jstwa nie trafi do wi\u0119zienia<\/strong>, bo nie ponosi odpowiedzialno\u015bci karnej. Nie oznacza to jednak bezkarno\u015bci. Spraw\u0105 natychmiast zaj\u0105\u0142 si\u0119&nbsp;<strong>s\u0105d rodzinny<\/strong>, a posiedzenie odby\u0142o si\u0119 w trybie pilnym, za zamkni\u0119tymi drzwiami.<\/p>\n\n\n\n<blockquote class=\"wp-block-quote is-layout-flow wp-block-quote-is-layout-flow\">\n<p>W dniu dzisiejszym odby\u0142o si\u0119 posiedzenie z udzia\u0142em nieletniej, na kt\u00f3rej s\u0105d zastosowa\u0142 wobec nieletniej \u015brodek tymczasowy<\/p>\n<\/blockquote>\n\n\n\n<p>\u2013 poinformowa\u0142a ch\u0142odno Agnieszka Makowska, wiceprezes S\u0105du Rejonowego w Jeleniej G\u00f3rze.<\/p>\n\n\n\n<p>Cho\u0107 12-latka nie us\u0142yszy wyroku skazuj\u0105cego w sensie karnym, jej przysz\u0142o\u015b\u0107 rysuje si\u0119 w ciemnych barwach.&nbsp;<strong>Minister Sprawiedliwo\u015bci, Waldemar \u017burek, nie pozostawia z\u0142udze\u0144<\/strong>&nbsp;co do powagi sytuacji:<\/p>\n\n\n\n<blockquote class=\"wp-block-quote is-layout-flow wp-block-quote-is-layout-flow\">\n<p>prawdopodobnie, je\u015bli to si\u0119 wszystko potwierdzi, sprawczyni trafi do zak\u0142adu poprawczego. Wiemy, \u017ce ta odpowiedzialno\u015b\u0107 karna za tego typu czyn jest w Polsce od 14 lat, wi\u0119c tutaj b\u0119dziemy tylko mogli m\u00f3wi\u0107 o umieszczeniu w poprawczaku, ale to mo\u017ce by\u0107 bardzo dotkliwe<\/p>\n<\/blockquote>\n\n\n\n<p>Umieszczenie w zak\u0142adzie leczniczym lub m\u0142odzie\u017cowym o\u015brodku wychowawczym to izolacja, kt\u00f3ra dla dziecka w tym wieku jest drastycznym \u015brodkiem \u2013 adekwatnym jednak do niewyobra\u017calnej skali czynu.<\/p>\n\n\n\n<h2 class=\"wp-block-heading\">Jelenia G\u00f3ra uton\u0119\u0142a w zniczach. Szko\u0142a pod lup\u0105 kuratorium<\/h2>\n\n\n\n<p><strong>Prezydent Jerzy \u0141u\u017cniak og\u0142osi\u0142 \u017ca\u0142ob\u0119 w mie\u015bcie<\/strong>, a flagi opuszczono do po\u0142owy masztu. Ostatnie po\u017cegnanie ma\u0142ej harcerki odb\u0119dzie si\u0119 w najbli\u017csz\u0105 sobot\u0119 20 grudnia 2025 roku.<\/p>\n\n\n\n<blockquote class=\"wp-block-quote is-layout-flow wp-block-quote-is-layout-flow\">\n<p>Msza \u015awi\u0119ta za Dusz\u0119 Zmar\u0142ej odb\u0119dzie si\u0119 w sobot\u0119 o godz. 12:00 w kaplicy na Starym Cmentarzu Komunalnym w Jeleniej G\u00f3rze, natomiast pogrzeb odb\u0119dzie si\u0119 bezpo\u015brednio po zako\u0144czeniu ceremonii \u017ca\u0142obnej<\/p>\n<\/blockquote>\n\n\n\n<p>\u2013 przekaza\u0142 prezydent miasta.<\/p>\n\n\n\n<p>W\u0142adze pr\u00f3buj\u0105 teraz gasi\u0107 po\u017car w psychikach pozosta\u0142ych dzieci. Do&nbsp;<strong>Szko\u0142y Podstawowej nr 10<\/strong>&nbsp;wkroczy\u0142 sztab kryzysowy.&nbsp;<strong>Wiceminister Wies\u0142aw Szczepa\u0144ski<\/strong>&nbsp;poinformowa\u0142:<\/p>\n\n\n\n<blockquote class=\"wp-block-quote is-layout-flow wp-block-quote-is-layout-flow\">\n<p>W zwi\u0105zku z tragicznymi wydarzeniami w Jeleniej G\u00f3rze informuj\u0119, \u017ce szpital MSWiA deleguje 16 psycholog\u00f3w do wsparcia uczni\u00f3w oraz kadry szkolnej<\/p>\n<\/blockquote>\n\n\n\n<p>Dyrektor szko\u0142y, Pawe\u0142 Domaga\u0142a, zapewnia o pe\u0142nym wsparciu dla uczni\u00f3w i nauczycieli. Jednak w obliczu krwi na szkolnym chodniku i pustej \u0142awki w klasie, rodzi si\u0119 pytanie: czy nawet armia psycholog\u00f3w zdo\u0142a uleczy\u0107 traum\u0119 dzieci, kt\u00f3re zrozumia\u0142y, \u017ce \u015bmier\u0107 mo\u017ce przyj\u015b\u0107 z r\u0119ki kole\u017canki ze starszej klasy?<\/p>\n","protected":false},"excerpt":{"rendered":"Jelenia G\u00f3ra wstrzyma\u0142a oddech, ale milczenie p\u0119k\u0142o. Wzorowa harcerka, kt\u00f3rej pasj\u0105 by\u0142a pomoc innym, nie \u017cyje, a o zbrodni\u0119 podejrzewana jest jej r\u00f3wie\u015bniczka. \n<a class=\"moretag\" href=\"https:\/\/lifevery.biz.ua\/?p=1272\"> [...]<\/a>","protected":false},"author":1,"featured_media":1273,"comment_status":"open","ping_status":"open","sticky":false,"template":"","format":"standard","meta":{"footnotes":""},"categories":[1],"tags":[],"class_list":["post-1272","post","type-post","status-publish","format-standard","has-post-thumbnail","hentry","category-blog"],"_links":{"self":[{"href":"https:\/\/lifevery.biz.ua\/index.php?rest_route=\/wp\/v2\/posts\/1272","targetHints":{"allow":["GET"]}}],"collection":[{"href":"https:\/\/lifevery.biz.ua\/index.php?rest_route=\/wp\/v2\/posts"}],"about":[{"href":"https:\/\/lifevery.biz.ua\/index.php?rest_route=\/wp\/v2\/types\/post"}],"author":[{"embeddable":true,"href":"https:\/\/lifevery.biz.ua\/index.php?rest_route=\/wp\/v2\/users\/1"}],"replies":[{"embeddable":true,"href":"https:\/\/lifevery.biz.ua\/index.php?rest_route=%2Fwp%2Fv2%2Fcomments&post=1272"}],"version-history":[{"count":1,"href":"https:\/\/lifevery.biz.ua\/index.php?rest_route=\/wp\/v2\/posts\/1272\/revisions"}],"predecessor-version":[{"id":1274,"href":"https:\/\/lifevery.biz.ua\/index.php?rest_route=\/wp\/v2\/posts\/1272\/revisions\/1274"}],"wp:featuredmedia":[{"embeddable":true,"href":"https:\/\/lifevery.biz.ua\/index.php?rest_route=\/wp\/v2\/media\/1273"}],"wp:attachment":[{"href":"https:\/\/lifevery.biz.ua\/index.php?rest_route=%2Fwp%2Fv2%2Fmedia&parent=1272"}],"wp:term":[{"taxonomy":"category","embeddable":true,"href":"https:\/\/lifevery.biz.ua\/index.php?rest_route=%2Fwp%2Fv2%2Fcategories&post=1272"},{"taxonomy":"post_tag","embeddable":true,"href":"https:\/\/lifevery.biz.ua\/index.php?rest_route=%2Fwp%2Fv2%2Ftags&post=1272"}],"curies":[{"name":"wp","href":"https:\/\/api.w.org\/{rel}","templated":true}]}}