{"id":1269,"date":"2026-01-27T09:41:03","date_gmt":"2026-01-27T09:41:03","guid":{"rendered":"https:\/\/lifevery.biz.ua\/?p=1269"},"modified":"2026-01-27T09:41:03","modified_gmt":"2026-01-27T09:41:03","slug":"50-letni-enrique-iglesias-po-raz-czwarty-zostal-tata-anna-kurnikowa-do-konca-ukrywala-ciaze","status":"publish","type":"post","link":"https:\/\/lifevery.biz.ua\/?p=1269","title":{"rendered":"50-letni Enrique Iglesias po raz czwarty zosta\u0142 tat\u0105. Anna Kurnikowa do ko\u0144ca ukrywa\u0142a ci\u0105\u017c\u0119"},"content":{"rendered":"\n<p>Enrique Iglesias i Anna Kurnikowa to prawdziwy fenomen w show-biznesie, balansuj\u0105cy mi\u0119dzy statusem globalnych supergwiazd a niemal pustelniczym \u017cyciem w swojej twierdzy na Indian Creek. Para po raz kolejny wykaza\u0142a si\u0119 mistrzowsk\u0105 dyskrecj\u0105, ukrywaj\u0105c radosn\u0105 nowin\u0119 niemal do samego rozwi\u0105zania, czym wprawi\u0142a internaut\u00f3w w os\u0142upienie.<\/p>\n\n\n\n<h2 class=\"wp-block-heading\">Enrique Iglesias po raz czwarty zosta\u0142 tat\u0105<\/h2>\n\n\n\n<p>Poniedzia\u0142kowy wiecz\u00f3r, 22 grudnia 2025 roku, przyni\u00f3s\u0142 oficjalne potwierdzenie plotek, kt\u00f3re nie\u015bmia\u0142o kr\u0105\u017cy\u0142y w kuluarach od lata. Cho\u0107 magazyn &#8220;People&#8221; ju\u017c w sierpniu donosi\u0142 o mo\u017cliwym b\u0142ogos\u0142awionym stanie by\u0142ej tenisistki&nbsp;<strong>Anny Kurnikowej<\/strong>, zakochani konsekwentnie milczeli a\u017c do momentu, gdy na \u015bwiecie pojawi\u0142o si\u0119 ich male\u0144stwo.<\/p>\n\n\n\n<p>Na opublikowanym przez Enrique Iglesiasa zdj\u0119ciu widzimy noworodka w szpitalnym kocyku i czapeczce w paski, kt\u00f3remu towarzyszy pluszowy leniwiec.<\/p>\n\n\n\n<p>Podpis pod zdj\u0119ciem by\u0142 kr\u00f3tki, ale przepe\u0142niony emocjami:<\/p>\n\n\n\n<blockquote class=\"wp-block-quote is-layout-flow wp-block-quote-is-layout-flow\">\n<p>Moje s\u0142o\u0144ce. 12.17.2025.<\/p>\n<\/blockquote>\n\n\n\n<p><img loading=\"lazy\" decoding=\"async\" src=\"https:\/\/img.styl.fm\/resize\/w1280\/newsy\/wp-content\/uploads\/2025\/12\/enrique-iglesias-anna-kurnikowa3.jpg\" alt=\"Enrique Iglesias i Anna Kurnikowa\" width=\"1080\" height=\"1440\">instagram.com\/enriqueiglesias\/<\/p>\n\n\n\n<p>Zgodnie z tym opisem, czwarte dziecko pary przysz\u0142o na \u015bwiat 17 grudnia 2025 roku, a sekcja komentarzy natychmiast zap\u0142on\u0119\u0142a od ciep\u0142ych s\u0142\u00f3w. Fani z ca\u0142ego \u015bwiata ruszyli z gratulacjami, nie kryj\u0105c wzruszenia t\u0105 \u015bwi\u0105teczn\u0105 niespodziank\u0105.<\/p>\n\n\n\n<p>Gratulacje!<\/p>\n\n\n\n<p>Kto\u015b inny trafnie podsumowa\u0142 powi\u0119kszaj\u0105c\u0105 si\u0119 w ekspresowym tempie gromadk\u0119 gwiazdora:<\/p>\n\n\n\n<blockquote class=\"wp-block-quote is-layout-flow wp-block-quote-is-layout-flow\">\n<p>Bardzo ciesz\u0119 si\u0119 waszym szcz\u0119\u015bciem. Rodzinka si\u0119 rozrasta.<\/p>\n<\/blockquote>\n\n\n\n<p><img loading=\"lazy\" decoding=\"async\" src=\"https:\/\/img.styl.fm\/resize\/w1280\/newsy\/wp-content\/uploads\/2025\/12\/enrique-iglesias-anna-kurnikowa2.jpg\" alt=\"Enrique Iglesias i Anna Kurnikowa\" width=\"1031\" height=\"1031\">instagram.com\/annakournikova\/<\/p>\n\n\n\n<h2 class=\"wp-block-heading\">Od idola nastolatek do ojca czw\u00f3rki dzieci. Rodzina Iglesiasa w komplecie<\/h2>\n\n\n\n<p><a href=\"https:\/\/styl.fm\/newsy\/502723.enrique-iglesias-konczy-47-lat\" target=\"_blank\" rel=\"noreferrer noopener\">Najm\u0142odszy cz\u0142onek klanu do\u0142\u0105cza do weso\u0142ej gromadki: 8-letnich bli\u017aniak\u00f3w Lucy i Nicholasa oraz 5-letniej Mary, pieszczotliwie nazywanej przez mam\u0119 Masz\u0105.&nbsp;<\/a><\/p>\n\n\n\n<p><strong>Enrique Iglesias<\/strong>&nbsp;wielokrotnie podkre\u015bla\u0142 w wywiadach, jak starsze rodze\u0144stwo reaguje na pojawianie si\u0119 nowych domownik\u00f3w. Pytany o relacj\u0119 mi\u0119dzy dzie\u0107mi, artysta zapewnia\u0142, \u017ce jest ona lepsza, ni\u017c przypuszcza\u0142.<\/p>\n\n\n\n<p>Piosenkarz przyzna\u0142, \u017ce cho\u0107 obawia\u0142 si\u0119 r\u00f3\u017cnicy wieku i chaosu w domu pe\u0142nym ps\u00f3w i dzieci, starszaki przyj\u0119\u0142y zmiany z entuzjazmem. Latynoski gwiazdor w 2025 roku wyra\u017anie zwolni\u0142 tempo koncertowe, by ka\u017cd\u0105 woln\u0105 chwil\u0119 po\u015bwi\u0119ca\u0107 swoim pociechom, udowadniaj\u0105c, \u017ce rola ojca jest dla niego absolutnym priorytetem. Gratulujemy!<\/p>\n","protected":false},"excerpt":{"rendered":"Enrique Iglesias i Anna Kurnikowa to prawdziwy fenomen w show-biznesie, balansuj\u0105cy mi\u0119dzy statusem globalnych supergwiazd a niemal pustelniczym \u017cyciem w swojej twierdzy na \n<a class=\"moretag\" href=\"https:\/\/lifevery.biz.ua\/?p=1269\"> [...]<\/a>","protected":false},"author":1,"featured_media":1270,"comment_status":"open","ping_status":"open","sticky":false,"template":"","format":"standard","meta":{"footnotes":""},"categories":[1],"tags":[],"class_list":["post-1269","post","type-post","status-publish","format-standard","has-post-thumbnail","hentry","category-blog"],"_links":{"self":[{"href":"https:\/\/lifevery.biz.ua\/index.php?rest_route=\/wp\/v2\/posts\/1269","targetHints":{"allow":["GET"]}}],"collection":[{"href":"https:\/\/lifevery.biz.ua\/index.php?rest_route=\/wp\/v2\/posts"}],"about":[{"href":"https:\/\/lifevery.biz.ua\/index.php?rest_route=\/wp\/v2\/types\/post"}],"author":[{"embeddable":true,"href":"https:\/\/lifevery.biz.ua\/index.php?rest_route=\/wp\/v2\/users\/1"}],"replies":[{"embeddable":true,"href":"https:\/\/lifevery.biz.ua\/index.php?rest_route=%2Fwp%2Fv2%2Fcomments&post=1269"}],"version-history":[{"count":1,"href":"https:\/\/lifevery.biz.ua\/index.php?rest_route=\/wp\/v2\/posts\/1269\/revisions"}],"predecessor-version":[{"id":1271,"href":"https:\/\/lifevery.biz.ua\/index.php?rest_route=\/wp\/v2\/posts\/1269\/revisions\/1271"}],"wp:featuredmedia":[{"embeddable":true,"href":"https:\/\/lifevery.biz.ua\/index.php?rest_route=\/wp\/v2\/media\/1270"}],"wp:attachment":[{"href":"https:\/\/lifevery.biz.ua\/index.php?rest_route=%2Fwp%2Fv2%2Fmedia&parent=1269"}],"wp:term":[{"taxonomy":"category","embeddable":true,"href":"https:\/\/lifevery.biz.ua\/index.php?rest_route=%2Fwp%2Fv2%2Fcategories&post=1269"},{"taxonomy":"post_tag","embeddable":true,"href":"https:\/\/lifevery.biz.ua\/index.php?rest_route=%2Fwp%2Fv2%2Ftags&post=1269"}],"curies":[{"name":"wp","href":"https:\/\/api.w.org\/{rel}","templated":true}]}}