{"id":1263,"date":"2026-01-27T09:35:24","date_gmt":"2026-01-27T09:35:24","guid":{"rendered":"https:\/\/lifevery.biz.ua\/?p=1263"},"modified":"2026-01-27T09:35:24","modified_gmt":"2026-01-27T09:35:24","slug":"klaudia-el-dursi-z-corka-na-egzotycznej-plazy-rzadki-widok-pokazala-malutka-carmen-w-pelnej-krasie","status":"publish","type":"post","link":"https:\/\/lifevery.biz.ua\/?p=1263","title":{"rendered":"Klaudia El Dursi z c\u00f3rk\u0105 na egzotycznej pla\u017cy. Rzadki widok. Pokaza\u0142a malutk\u0105 Carmen w pe\u0142nej krasie"},"content":{"rendered":"\n<p><strong>Podczas gdy w Polsce panuje zima, Klaudia El Dursi wygrzewa si\u0119 w tropikach. Gwiazda &#8220;Hotelu Paradise&#8221; \u015bwi\u0119tuje tam ma\u0142e \u015bwi\u0119to swojej najm\u0142odszej pociechy. Cho\u0107 kadry z ma\u0142\u0105 Carmen chwytaj\u0105 za serce, internauci patrz\u0105 na co\u015b innego. Prezenterka pokaza\u0142a si\u0119 w bardzo rzadkiej ods\u0142onie.<\/strong><\/p>\n\n\n\n<p><\/p>\n\n\n\n<h2 class=\"wp-block-heading\">Klaudia El Dursi \u015bwi\u0119tuje &#8220;mini urodziny&#8221; c\u00f3rki. Rozczulaj\u0105cy gest obs\u0142ugi<\/h2>\n\n\n\n<p><a href=\"https:\/\/styl.fm\/newsy\/395047.klaudia-el-dursi-wzrost-wiek-dzieci-instagram-dowiedz-sie-wiecej\" target=\"_blank\" rel=\"noreferrer noopener\">Klaudia El Dursi<\/a>&nbsp;zamieni\u0142a puchow\u0105 kurtk\u0119 na bikini i zabra\u0142a rodzin\u0119 na egzotyczne ferie. Wyjazd zbieg\u0142 si\u0119 z wyj\u0105tkow\u0105 okazj\u0105 \u2013 jej c\u00f3reczka,&nbsp;<strong>Carmen<\/strong>, sko\u0144czy\u0142a w\u0142a\u015bnie p\u00f3\u0142 roku. Z tej okazji obs\u0142uga hotelowa przygotowa\u0142a dla &#8220;instamatki&#8221; i jej pociechy s\u0142odk\u0105 niespodziank\u0119.<\/p>\n\n\n\n<p>Dumna mama pochwali\u0142a si\u0119 na Instagramie zdj\u0119ciem specjalnego posi\u0142ku. Na talerzu wyl\u0105dowa\u0142y urocze pankejki, co wyra\u017anie wzruszy\u0142o gwiazd\u0119. Celebrytka nie kry\u0142a emocji zwi\u0105zanych z up\u0142ywaj\u0105cym czasem.<\/p>\n\n\n\n<p><\/p>\n\n\n\n<blockquote class=\"wp-block-quote is-layout-flow wp-block-quote-is-layout-flow\">\n<p>Carmenka ma dzisiaj swoje mini \u015bwi\u0119to i obs\u0142uga hotelowa tak mile nas zaskoczy\u0142a podczas \u015bniadania. Ju\u017c p\u00f3\u0142 roczku ta nasza dzielna i u\u015bmiechni\u0119ta dziewczynka jest z nami<\/p>\n<\/blockquote>\n\n\n\n<p>Internauci natychmiast pospieszyli z gratulacjami, zachwycaj\u0105c si\u0119 tempem, w jakim ro\u015bnie dziewczynka. &#8220;Jejku jak to szybko zlecia\u0142o, jak nasza kruszynka szybo ro\u015bnie&#8221; \u2013 czytamy w komentarzach.<\/p>\n\n\n\n<p><img loading=\"lazy\" decoding=\"async\" src=\"https:\/\/img.styl.fm\/resize\/w1280\/newsy\/wp-content\/uploads\/2026\/01\/klaudia-el-dursi4.jpg\" alt=\"klaudia el dursi z c\u00f3rk\u0105\" width=\"784\" height=\"979\">instagram.com\/klaudia_el_dursi<\/p>\n\n\n\n<p><\/p>\n\n\n\n<h2 class=\"wp-block-heading\">Naturalna ods\u0142ona gwiazdy &#8220;Hotelu Paradise&#8221;. Bez filtra i prostownicy<\/h2>\n\n\n\n<p>Jednak to nie rajskie widoki zrobi\u0142y najwi\u0119ksz\u0105 furor\u0119, ale wygl\u0105d samej gwiazdy.&nbsp;<a href=\"https:\/\/styl.fm\/newsy\/907945.klaudia-el-dursi-odslania-cialo-w-bikini-pol-roku-po-porodzie-zamiast-luksusow-promuje-darmowe-lekarstwo\" target=\"_blank\" rel=\"noreferrer noopener\">Klaudia El Dursi<\/a>, kt\u00f3r\u0105 z ekran\u00f3w kojarzymy z idealnie wyprostowanymi pasmami i perfekcyjnym makija\u017cem, tym razem zaprezentowa\u0142a si\u0119 w wersji saut\u00e9. Burza naturalnych lok\u00f3w to u niej niezwykle rzadki widok.<\/p>\n\n\n\n<p>Reklama<\/p>\n\n\n\n<p>Fani s\u0105 wniebowzi\u0119ci tak\u0105 naturaln\u0105 ods\u0142on\u0105 celebrytki. Pod zdj\u0119ciami, na kt\u00f3rych gwiazda pozuje w stroju k\u0105pielowym, zaroi\u0142o si\u0119 od komplement\u00f3w dotycz\u0105cych jej urody i formy po trzecim porodzie.<\/p>\n\n\n\n<p>Reklama<\/p>\n\n\n\n<blockquote class=\"wp-block-quote is-layout-flow wp-block-quote-is-layout-flow\">\n<p>Cudownie wygl\u0105dasz w naturalnych w\u0142osach<\/p>\n<\/blockquote>\n\n\n\n<blockquote class=\"wp-block-quote is-layout-flow wp-block-quote-is-layout-flow\">\n<p>To malutkie cudo to kopia mamusi. Pi\u0119kne<\/p>\n<\/blockquote>\n\n\n\n<p>Obserwatorzy doceniaj\u0105, \u017ce Klaudia El Dursi na wakacjach pozwala sobie na luz i swobod\u0119. &#8220;Bije od ciebie takie szcz\u0119\u015bcie&#8221; \u2013 pisz\u0105 fani, dodaj\u0105c: &#8220;Pi\u0119knie wygl\u0105dasz, promieniejesz po ci\u0105\u017cy&#8221;.<\/p>\n\n\n\n<p>Reklama<\/p>\n\n\n\n<h2 class=\"wp-block-heading\">B\u00f3l plec\u00f3w i &#8220;niezast\u0105piona babcia&#8221;. Rodzinne wsparcie w pracy<\/h2>\n\n\n\n<p>Sielanka na pla\u017cy to moment na na\u0142adowanie baterii przed intensywnym czasem. Klaudia El Dursi lada chwila wraca na plan &#8220;Hotelu Paradise&#8221;. To spore wyzwanie, zw\u0142aszcza \u017ce opieka nad wymagaj\u0105c\u0105 c\u00f3reczk\u0105 da\u0142a si\u0119 gwie\u017adzie we znaki fizycznie. Jeszcze niedawno w &#8220;Dzie\u0144 Dobry TVN&#8221; narzeka\u0142a na b\u00f3l plec\u00f3w.<\/p>\n\n\n\n<blockquote class=\"wp-block-quote is-layout-flow wp-block-quote-is-layout-flow\">\n<p>Macierzy\u0144stwo jest wyzwaniem, zw\u0142aszcza dla plec\u00f3w. Carmen bardzo lubi by\u0107 noszona na r\u0119kach. Ona jest tak\u0105 ksi\u0119\u017cniczk\u0105, kt\u00f3ra musi mie\u0107 wszystko pod kontrol\u0105 i widzie\u0107 wszystko z wysoko\u015bci rodzic\u00f3w<\/p>\n<\/blockquote>\n\n\n\n<p>Na szcz\u0119\u015bcie prezenterka nie zostaje z tym sama. Na egzotyczny plan zabiera ze sob\u0105 &#8220;niezast\u0105pion\u0105 babci\u0119&#8221;. Mama Klaudii b\u0119dzie czuwa\u0107 nad wnuczk\u0105, gdy gwiazda stanie przed kamerami.<\/p>\n\n\n\n<blockquote class=\"wp-block-quote is-layout-flow wp-block-quote-is-layout-flow\">\n<p>Jedziemy w komplecie, niech ma\u0142a zwiedza \u015bwiat, niech podr\u00f3\u017cuje (&#8230;). Jedziemy z niezast\u0105pion\u0105 babci\u0105, kt\u00f3ra b\u0119dzie d\u017awiga\u0142a ten ci\u0119\u017car opieki nad ma\u0142\u0105, kiedy ja b\u0119d\u0119 na planie. Wszystko da si\u0119 zrobi\u0107, absolutnie nie boj\u0119 si\u0119 tego wyzwania<\/p>\n<\/blockquote>\n\n\n\n<p>P\u00f3ki co gwiazda korzysta z ostatnich chwil b\u0142ogiego lenistwa, \u017cartuj\u0105c: &#8220;Przepraszam, przez najbli\u017csze dni mo\u017cecie si\u0119 do mnie nie dodzwoni\u0107. Mam tu wa\u017cne sprawy na g\u0142owie&#8221;.<\/p>\n","protected":false},"excerpt":{"rendered":"Podczas gdy w Polsce panuje zima, Klaudia El Dursi wygrzewa si\u0119 w tropikach. Gwiazda &#8220;Hotelu Paradise&#8221; \u015bwi\u0119tuje tam ma\u0142e \u015bwi\u0119to swojej najm\u0142odszej pociechy. \n<a class=\"moretag\" href=\"https:\/\/lifevery.biz.ua\/?p=1263\"> [...]<\/a>","protected":false},"author":1,"featured_media":1264,"comment_status":"open","ping_status":"open","sticky":false,"template":"","format":"standard","meta":{"footnotes":""},"categories":[1],"tags":[],"class_list":["post-1263","post","type-post","status-publish","format-standard","has-post-thumbnail","hentry","category-blog"],"_links":{"self":[{"href":"https:\/\/lifevery.biz.ua\/index.php?rest_route=\/wp\/v2\/posts\/1263","targetHints":{"allow":["GET"]}}],"collection":[{"href":"https:\/\/lifevery.biz.ua\/index.php?rest_route=\/wp\/v2\/posts"}],"about":[{"href":"https:\/\/lifevery.biz.ua\/index.php?rest_route=\/wp\/v2\/types\/post"}],"author":[{"embeddable":true,"href":"https:\/\/lifevery.biz.ua\/index.php?rest_route=\/wp\/v2\/users\/1"}],"replies":[{"embeddable":true,"href":"https:\/\/lifevery.biz.ua\/index.php?rest_route=%2Fwp%2Fv2%2Fcomments&post=1263"}],"version-history":[{"count":1,"href":"https:\/\/lifevery.biz.ua\/index.php?rest_route=\/wp\/v2\/posts\/1263\/revisions"}],"predecessor-version":[{"id":1265,"href":"https:\/\/lifevery.biz.ua\/index.php?rest_route=\/wp\/v2\/posts\/1263\/revisions\/1265"}],"wp:featuredmedia":[{"embeddable":true,"href":"https:\/\/lifevery.biz.ua\/index.php?rest_route=\/wp\/v2\/media\/1264"}],"wp:attachment":[{"href":"https:\/\/lifevery.biz.ua\/index.php?rest_route=%2Fwp%2Fv2%2Fmedia&parent=1263"}],"wp:term":[{"taxonomy":"category","embeddable":true,"href":"https:\/\/lifevery.biz.ua\/index.php?rest_route=%2Fwp%2Fv2%2Fcategories&post=1263"},{"taxonomy":"post_tag","embeddable":true,"href":"https:\/\/lifevery.biz.ua\/index.php?rest_route=%2Fwp%2Fv2%2Ftags&post=1263"}],"curies":[{"name":"wp","href":"https:\/\/api.w.org\/{rel}","templated":true}]}}