{"id":1260,"date":"2026-01-27T09:32:50","date_gmt":"2026-01-27T09:32:50","guid":{"rendered":"https:\/\/lifevery.biz.ua\/?p=1260"},"modified":"2026-01-27T09:32:50","modified_gmt":"2026-01-27T09:32:50","slug":"karol-nawrocki-zostal-zapytany-o-wosp-tego-co-odpowiedzial-nikt-sie-nie-spodziewal","status":"publish","type":"post","link":"https:\/\/lifevery.biz.ua\/?p=1260","title":{"rendered":"Karol Nawrocki zosta\u0142 zapytany o WO\u015aP. Tego co odpowiedzia\u0142 nikt si\u0119 nie spodziewa\u0142"},"content":{"rendered":"\n<p>Jedno pytanie, a po nim cisza, kt\u00f3ra brzmi g\u0142o\u015bniej ni\u017c deklaracje. Gdy w tle trwa\u0142 34. Fina\u0142 WO\u015aP, temat zaanga\u017cowania prezydenta wr\u00f3ci\u0142 jak bumerang. I tym razem odpowied\u017a nie pad\u0142a wprost \u2013 przynajmniej nie od razu.<\/p>\n\n\n\n<ul class=\"wp-block-list\">\n<li>Czytaj te\u017c:\u00a0<a href=\"https:\/\/wlocie.pl\/polityka\/czarzasty-nagle-uderzyl-w-nawrockiego-padly-bardzo-mocne-slowa\">Czarzasty nagle uderzy\u0142 w Nawrockiego. Pad\u0142y bardzo mocne s\u0142owa<\/a><\/li>\n<\/ul>\n\n\n\n<h2 class=\"wp-block-heading\">O WO\u015aP: skala dzia\u0142a\u0144 i pow\u00f3d, dla kt\u00f3rego temat zawsze wraca<\/h2>\n\n\n\n<p>WO\u015aP od ponad 30 lat kojarzy si\u0119 w Polsce z zakupem sprz\u0119tu medycznego i programami profilaktycznymi, szczeg\u00f3lnie w obszarze pediatrii. Fundacja prowadzi te\u017c dzia\u0142ania edukacyjne i projekty og\u00f3lnopolskie.<\/p>\n\n\n\n<p>W opisie dzia\u0142a\u0144 WO\u015aP pojawiaj\u0105 si\u0119 konkretne liczby: mowa jest o ponad 2 miliardach z\u0142otych zebranych od pierwszego Fina\u0142u i o ponad 71 500 urz\u0105dzeniach medycznych przekazanych do plac\u00f3wek. To samo zestawienie zawiera te\u017c informacj\u0119, \u017ce wed\u0142ug danych z 2020 roku co pi\u0105ty sprz\u0119t w szpitalach mia\u0142 pochodzi\u0107 z darowizn fundacji.<\/p>\n\n\n\n<p>W materiale przywo\u0142ano r\u00f3wnie\u017c przyk\u0142ady dodatkowych akcji pomocowych: zbi\u00f3rk\u0119 \u201eStop Powodziom\u201d w 2010 roku oraz wsparcie jednostek OSP po nawa\u0142nicach w 2017 roku. W czasie pandemii COVID-19 WO\u015aP mia\u0142a przekaza\u0107 sprz\u0119t o warto\u015bci ok. 70 mln z\u0142 do setek plac\u00f3wek medycznych i opieku\u0144czych.<\/p>\n\n\n\n<h2 class=\"wp-block-heading\">Kancelaria Prezydenta i pytanie o 34. Fina\u0142. Odpowied\u017a, kt\u00f3ra nie m\u00f3wi \u201etak\u201d ani \u201enie\u201d<\/h2>\n\n\n\n<p>W grudniu redakcja Gazeta.pl skierowa\u0142a do Kancelarii Prezydenta pytanie o ewentualne zaanga\u017cowanie Karola Nawrockiego w 34. Fina\u0142 WO\u015aP. Konkretnie, czy planuje przekaza\u0107 przedmiot na aukcj\u0119 charytatywn\u0105.<\/p>\n\n\n\n<p>Odpowied\u017a Kancelarii mia\u0142a charakter formalny. Wskazano, \u017ce ta kwestia pozostaje poza zakresem ustawy o dost\u0119pie do informacji publicznej, poniewa\u017c dotyczy zdarze\u0144 przysz\u0142ych i plan\u00f3w, a nie fakt\u00f3w.<\/p>\n\n\n\n<blockquote class=\"wp-block-quote is-layout-flow wp-block-quote-is-layout-flow\">\n<p>\u201eInformacja, o kt\u00f3r\u0105 pan pyta, pozostaje poza zakresem ustawy o dost\u0119pie do informacji publicznej\u201d.<\/p>\n<\/blockquote>\n\n\n\n<p>W stanowisku doprecyzowano tak\u017ce, \u017ce pytania o przysz\u0142e dzia\u0142ania nie stanowi\u0105 informacji publicznej dotycz\u0105cej fakt\u00f3w. Efekt by\u0142 prosty: Kancelaria nie potwierdzi\u0142a ani nie zaprzeczy\u0142a, czy prezydent we\u017amie udzia\u0142 w dzia\u0142aniach WO\u015aP.<\/p>\n\n\n\n<h2 class=\"wp-block-heading\">W\u0105tek gr\u00f3\u017ab wobec Owsiaka i pytanie w Polsat News. Nawrocki odpowiedzia\u0142 kr\u00f3tko<\/h2>\n\n\n\n<p>W styczniu 2025 roku, gdy Jerzy Owsiak informowa\u0142 publicznie o fali agresywnych&nbsp;<a href=\"http:\/\/wp.pl\/\">komentarzy<\/a>&nbsp;i gr\u00f3\u017ab, temat wr\u00f3ci\u0142 w rozmowie z Polsat News. Karol Nawrocki m\u00f3wi\u0142 wtedy o przekraczaniu granic j\u0119zyka debaty publicznej i o tym, \u017ce takie sytuacje budz\u0105 w nim niepok\u00f3j.<\/p>\n\n\n\n<blockquote class=\"wp-block-quote is-layout-flow wp-block-quote-is-layout-flow\">\n<p>\u201eZawsze, gdy przekraczamy j\u0119zyk publicznej debaty w kierunku agresji, to jestem zaniepokojony. I staram si\u0119 raczej tonowa\u0107 te nastroje\u201d.<\/p>\n<\/blockquote>\n\n\n\n<p>W tej samej rozmowie pad\u0142o pytanie o osobiste decyzje dotycz\u0105ce wspierania inicjatyw spo\u0142ecznych. Dziennikarz zapyta\u0142 wprost, czy zamierza przekazywa\u0107 \u015brodki na WO\u015aP, czy na TV Republik\u0119. Odpowied\u017a prezydenta by\u0142a jednozdaniowa.<\/p>\n\n\n\n<blockquote class=\"wp-block-quote is-layout-flow wp-block-quote-is-layout-flow\">\n<p>\u201eNa Caritas\u201d.<\/p>\n<\/blockquote>\n\n\n\n<h2 class=\"wp-block-heading\">Co wynika z tej historii<\/h2>\n\n\n\n<p>W oficjalnej korespondencji dotycz\u0105cej WO\u015aP Kancelaria skupi\u0142a si\u0119 na wyk\u0142adni prawnej i nie rozstrzygn\u0119\u0142a, czy prezydent w\u0142\u0105czy si\u0119 w aukcje i dzia\u0142ania Fina\u0142u. Natomiast w rozmowie medialnej Karol Nawrocki wskaza\u0142 jasno, \u017ce wspiera&nbsp;<strong>Caritas<\/strong>.<\/p>\n\n\n\n<p>To w\u0142a\u015bnie ten kontrast, formalna odpowied\u017a bez deklaracji i p\u00f3\u017aniejsze jedno zdanie w telewizji, sprawi\u0142, \u017ce temat zacz\u0105\u0142 \u017cy\u0107 w\u0142asnym \u017cyciem. Bo w Polsce WO\u015aP od dawna jest nie tylko zbi\u00f3rk\u0105. Jest te\u017c symbolem, do kt\u00f3rego politycy s\u0105 nieustannie dopisywani, nawet gdy pr\u00f3buj\u0105 m\u00f3wi\u0107 o czym\u015b innym.<\/p>\n","protected":false},"excerpt":{"rendered":"Jedno pytanie, a po nim cisza, kt\u00f3ra brzmi g\u0142o\u015bniej ni\u017c deklaracje. Gdy w tle trwa\u0142 34. Fina\u0142 WO\u015aP, temat zaanga\u017cowania prezydenta wr\u00f3ci\u0142 jak \n<a class=\"moretag\" href=\"https:\/\/lifevery.biz.ua\/?p=1260\"> [...]<\/a>","protected":false},"author":1,"featured_media":1262,"comment_status":"open","ping_status":"open","sticky":false,"template":"","format":"standard","meta":{"footnotes":""},"categories":[1],"tags":[],"class_list":["post-1260","post","type-post","status-publish","format-standard","has-post-thumbnail","hentry","category-blog"],"_links":{"self":[{"href":"https:\/\/lifevery.biz.ua\/index.php?rest_route=\/wp\/v2\/posts\/1260","targetHints":{"allow":["GET"]}}],"collection":[{"href":"https:\/\/lifevery.biz.ua\/index.php?rest_route=\/wp\/v2\/posts"}],"about":[{"href":"https:\/\/lifevery.biz.ua\/index.php?rest_route=\/wp\/v2\/types\/post"}],"author":[{"embeddable":true,"href":"https:\/\/lifevery.biz.ua\/index.php?rest_route=\/wp\/v2\/users\/1"}],"replies":[{"embeddable":true,"href":"https:\/\/lifevery.biz.ua\/index.php?rest_route=%2Fwp%2Fv2%2Fcomments&post=1260"}],"version-history":[{"count":1,"href":"https:\/\/lifevery.biz.ua\/index.php?rest_route=\/wp\/v2\/posts\/1260\/revisions"}],"predecessor-version":[{"id":1261,"href":"https:\/\/lifevery.biz.ua\/index.php?rest_route=\/wp\/v2\/posts\/1260\/revisions\/1261"}],"wp:featuredmedia":[{"embeddable":true,"href":"https:\/\/lifevery.biz.ua\/index.php?rest_route=\/wp\/v2\/media\/1262"}],"wp:attachment":[{"href":"https:\/\/lifevery.biz.ua\/index.php?rest_route=%2Fwp%2Fv2%2Fmedia&parent=1260"}],"wp:term":[{"taxonomy":"category","embeddable":true,"href":"https:\/\/lifevery.biz.ua\/index.php?rest_route=%2Fwp%2Fv2%2Fcategories&post=1260"},{"taxonomy":"post_tag","embeddable":true,"href":"https:\/\/lifevery.biz.ua\/index.php?rest_route=%2Fwp%2Fv2%2Ftags&post=1260"}],"curies":[{"name":"wp","href":"https:\/\/api.w.org\/{rel}","templated":true}]}}