{"id":1248,"date":"2026-01-26T21:47:59","date_gmt":"2026-01-26T21:47:59","guid":{"rendered":"https:\/\/lifevery.biz.ua\/?p=1248"},"modified":"2026-01-26T21:47:59","modified_gmt":"2026-01-26T21:47:59","slug":"czarzasty-nagle-uderzyl-w-nawrockiego-padly-bardzo-mocne-slowa","status":"publish","type":"post","link":"https:\/\/lifevery.biz.ua\/?p=1248","title":{"rendered":"Czarzasty nagle uderzy\u0142 w Nawrockiego. Pad\u0142y bardzo mocne s\u0142owa"},"content":{"rendered":"\n<p>Jedno wyst\u0105pienie prezydenta Stan\u00f3w Zjednoczonych wystarczy\u0142o, by w Polsce dosz\u0142o do gwa\u0142townej politycznej konfrontacji na najwy\u017cszym szczeblu. W centrum sporu znale\u017ali si\u0119&nbsp;<strong>Donald Trump<\/strong>,&nbsp;<strong>Karol Nawrocki<\/strong>, a tak\u017ce liderzy polskiego rz\u0105du i opozycji. Teraz do dyskusji do\u0142\u0105czy\u0142 marsza\u0142ek Sejmu&nbsp;<strong>W\u0142odzimierz Czarzasty<\/strong>, kt\u00f3ry nie kry\u0142 oburzenia i u\u017cy\u0142 wyj\u0105tkowo ostrych s\u0142\u00f3w.<\/p>\n\n\n\n<ul class=\"wp-block-list\">\n<li>Czytaj te\u017c:\u00a0<a href=\"https:\/\/wlocie.pl\/spoleczenstwo\/matka-madzi-z-sosnowca-szykuje-sie-do-wyjscia-na-wolnosc-to-co-zrobila-ulatwi-jej-zycie-na-wolnosci\">Matka Madzi z Sosnowca szykuje si\u0119 do wyj\u015bcia na wolno\u015b\u0107. To co zrobi\u0142a u\u0142atwi jej \u017cycie na wolno\u015bci<\/a><\/li>\n<\/ul>\n\n\n\n<h2 class=\"wp-block-heading\">S\u0142owa Donalda Trumpa o NATO i Afganistanie<\/h2>\n\n\n\n<p>W swoim wyst\u0105pieniu Donald Trump odni\u00f3s\u0142 si\u0119 do zaanga\u017cowania europejskich armii w misje NATO, w tym do dzia\u0142a\u0144 w Afganistanie. Prezydent USA stwierdzi\u0142, \u017ce pa\u0144stwa europejskie mia\u0142y jedynie symbolicznie uczestniczy\u0107 w operacjach wojskowych, pozostaj\u0105c \u2013 jak to uj\u0105\u0142 \u2013 \u201ez ty\u0142u\u201d i poza realn\u0105 lini\u0105 frontu.<\/p>\n\n\n\n<ul class=\"wp-block-list\">\n<li>Zobacz r\u00f3wnie\u017c:\u00a0\u00a0<a href=\"https:\/\/wlocie.pl\/polityka\/wyciekly-szczegoly-rozmowy-nawrockiego-z-trumpem-nie-do-wiary-co-ustalono\">Wyciek\u0142y szczeg\u00f3\u0142y rozmowy Nawrockiego z Trumpem. Nie do wiary co ustalono<\/a><\/li>\n<\/ul>\n\n\n\n<p>Trump m\u00f3wi\u0142, \u017ce Europa \u201ewysy\u0142a\u0142a wojska\u201d, ale nie ponosi\u0142a ci\u0119\u017caru dzia\u0142a\u0144 bojowych. Te s\u0142owa szybko odbi\u0142y si\u0119 szerokim echem, zw\u0142aszcza w Polsce, gdzie misja w Afganistanie wi\u0105za\u0142a si\u0119 z realnymi stratami \u2013 \u015bmierci\u0105 kilkudziesi\u0119ciu polskich \u017co\u0142nierzy i wieloletnim zaanga\u017cowaniem wojska.<\/p>\n\n\n\n<p>W tym kontek\u015bcie wypowied\u017a ameryka\u0144skiego prezydenta zosta\u0142a odebrana jako umniejszaj\u0105ca po\u015bwi\u0119cenie sojusznik\u00f3w USA, w tym Polski.<\/p>\n\n\n\n<h2 class=\"wp-block-heading\">Reakcje w Polsce. Sp\u00f3r po wpisie prezydenta Karola Nawrockiego<\/h2>\n\n\n\n<p>Na s\u0142owa Trumpa niemal natychmiast zareagowali przedstawiciele polskich w\u0142adz. Minister spraw zagranicznych&nbsp;<strong>Rados\u0142aw Sikorski<\/strong>&nbsp;oraz premier&nbsp;<strong>Donald Tusk<\/strong>&nbsp;w ostrych wypowiedziach podkre\u015blili, \u017ce deprecjonowanie roli polskich \u017co\u0142nierzy jest nie do przyj\u0119cia.<\/p>\n\n\n\n<p>G\u0142os zabra\u0142 r\u00f3wnie\u017c prezydent Karol Nawrocki. W swoim wpisie zaznaczy\u0142, \u017ce polscy \u017co\u0142nierze zas\u0142uguj\u0105 na szacunek, jednak nie odni\u00f3s\u0142 si\u0119 wprost do s\u0142\u00f3w Donalda Trumpa. Ta ostro\u017cna forma wypowiedzi szybko sta\u0142a si\u0119 kolejnym punktem zapalnym.<\/p>\n\n\n\n<p>Donald Tusk publicznie zaapelowa\u0142 do prezydenta i prezesa PiS&nbsp;<strong>Jaros\u0142aw Kaczy\u0144ski<\/strong>, pisz\u0105c, \u017ce \u201eczas wsta\u0107 z kolan\u201d. Odpowied\u017a Karola Nawrockiego by\u0142a natychmiastowa i bardzo ostra \u2013 prezydent zarzuci\u0142 premierowi wieloletnie \u201ekl\u0119czenie\u201d wobec Berlina, Brukseli, a nawet Moskwy. Wymiana zda\u0144 tylko spot\u0119gowa\u0142a napi\u0119cie.<\/p>\n\n\n\n<h2 class=\"wp-block-heading\">Czarzasty: \u201eNa kolanach niczego dla Polski nie za\u0142atwi\u201d<\/h2>\n\n\n\n<p>Do debaty w\u0142\u0105czy\u0142 si\u0119 teraz marsza\u0142ek Sejmu W\u0142odzimierz Czarzasty. W rozmowie z TVN24 jednoznacznie pot\u0119pi\u0142 s\u0142owa Donalda Trumpa, nazywaj\u0105c je skandalicznymi, i podkre\u015bli\u0142 pe\u0142en szacunek dla polskich \u017co\u0142nierzy walcz\u0105cych zar\u00f3wno w Afganistanie, jak i w Iraku.<\/p>\n\n\n\n<p>Czarzasty skrytykowa\u0142 tak\u017ce postaw\u0119 prezydenta Polski. Jego zdaniem reakcja Karola Nawrockiego by\u0142a zbyt zachowawcza i nie odpowiada\u0142a randze sytuacji.<\/p>\n\n\n\n<p>\u2013&nbsp;<strong>Trump powiedzia\u0142 fataln\u0105 rzecz i to powinien powiedzie\u0107 prezydent Polski wprost<\/strong>&nbsp;\u2013 stwierdzi\u0142 marsza\u0142ek Sejmu, podkre\u015blaj\u0105c, \u017ce w takich momentach potrzebna jest jednoznaczno\u015b\u0107, a nie dyplomatyczna p\u00f3\u0142\u015brodki.<\/p>\n\n\n\n<p>Polityk Lewicy odwo\u0142a\u0142 si\u0119 r\u00f3wnie\u017c do przyk\u0142adu Wielkiej Brytanii, gdzie tamtejszy premier otwarcie skrytykowa\u0142 wypowied\u017a Trumpa, co \u2013 jak przypomnia\u0142 Czarzasty \u2013 zako\u0144czy\u0142o si\u0119 przeprosinami ze strony ameryka\u0144skiego prezydenta.<\/p>\n\n\n\n<p>\u2013&nbsp;<strong>Panie prezydencie, na kolanach niczego dla Polski nie za\u0142atwi<\/strong>&nbsp;\u2013 powiedzia\u0142, jasno wskazuj\u0105c, \u017ce w&nbsp;<a href=\"http:\/\/wp.pl\/\">relacjach<\/a>&nbsp;mi\u0119dzynarodowych liczy si\u0119 stanowczo\u015b\u0107 i obrona w\u0142asnych interes\u00f3w.<\/p>\n\n\n\n<h2 class=\"wp-block-heading\">Sp\u00f3r, kt\u00f3ry pokazuje g\u0142\u0119bokie podzia\u0142y<\/h2>\n\n\n\n<p>Sprawa jednej wypowiedzi Donalda Trumpa przerodzi\u0142a si\u0119 w wielowymiarowy konflikt polityczny, ods\u0142aniaj\u0105cy r\u00f3\u017cnice w podej\u015bciu do relacji z USA i sposobu obrony honoru polskich \u017co\u0142nierzy. W tle pojawia si\u0119 pytanie, czy Polska powinna reagowa\u0107 twardo nawet wobec najwa\u017cniejszego sojusznika, czy te\u017c stawia\u0107 na dyplomatyczn\u0105 pow\u015bci\u0105gliwo\u015b\u0107.<\/p>\n\n\n\n<p>Jedno jest pewne \u2013 ta wymiana zda\u0144 jeszcze d\u0142ugo b\u0119dzie wykorzystywana w krajowej debacie politycznej, a temat pozycji Polski w NATO i relacji z Waszyngtonem zn\u00f3w znalaz\u0142 si\u0119 w samym centrum publicznej dyskusji.<\/p>\n","protected":false},"excerpt":{"rendered":"Jedno wyst\u0105pienie prezydenta Stan\u00f3w Zjednoczonych wystarczy\u0142o, by w Polsce dosz\u0142o do gwa\u0142townej politycznej konfrontacji na najwy\u017cszym szczeblu. W centrum sporu znale\u017ali si\u0119&nbsp;Donald Trump,&nbsp;Karol \n<a class=\"moretag\" href=\"https:\/\/lifevery.biz.ua\/?p=1248\"> [...]<\/a>","protected":false},"author":1,"featured_media":1249,"comment_status":"open","ping_status":"open","sticky":false,"template":"","format":"standard","meta":{"footnotes":""},"categories":[1],"tags":[],"class_list":["post-1248","post","type-post","status-publish","format-standard","has-post-thumbnail","hentry","category-blog"],"_links":{"self":[{"href":"https:\/\/lifevery.biz.ua\/index.php?rest_route=\/wp\/v2\/posts\/1248","targetHints":{"allow":["GET"]}}],"collection":[{"href":"https:\/\/lifevery.biz.ua\/index.php?rest_route=\/wp\/v2\/posts"}],"about":[{"href":"https:\/\/lifevery.biz.ua\/index.php?rest_route=\/wp\/v2\/types\/post"}],"author":[{"embeddable":true,"href":"https:\/\/lifevery.biz.ua\/index.php?rest_route=\/wp\/v2\/users\/1"}],"replies":[{"embeddable":true,"href":"https:\/\/lifevery.biz.ua\/index.php?rest_route=%2Fwp%2Fv2%2Fcomments&post=1248"}],"version-history":[{"count":1,"href":"https:\/\/lifevery.biz.ua\/index.php?rest_route=\/wp\/v2\/posts\/1248\/revisions"}],"predecessor-version":[{"id":1250,"href":"https:\/\/lifevery.biz.ua\/index.php?rest_route=\/wp\/v2\/posts\/1248\/revisions\/1250"}],"wp:featuredmedia":[{"embeddable":true,"href":"https:\/\/lifevery.biz.ua\/index.php?rest_route=\/wp\/v2\/media\/1249"}],"wp:attachment":[{"href":"https:\/\/lifevery.biz.ua\/index.php?rest_route=%2Fwp%2Fv2%2Fmedia&parent=1248"}],"wp:term":[{"taxonomy":"category","embeddable":true,"href":"https:\/\/lifevery.biz.ua\/index.php?rest_route=%2Fwp%2Fv2%2Fcategories&post=1248"},{"taxonomy":"post_tag","embeddable":true,"href":"https:\/\/lifevery.biz.ua\/index.php?rest_route=%2Fwp%2Fv2%2Ftags&post=1248"}],"curies":[{"name":"wp","href":"https:\/\/api.w.org\/{rel}","templated":true}]}}