{"id":1230,"date":"2026-01-26T18:50:38","date_gmt":"2026-01-26T18:50:38","guid":{"rendered":"https:\/\/lifevery.biz.ua\/?p=1230"},"modified":"2026-01-26T18:50:38","modified_gmt":"2026-01-26T18:50:38","slug":"joanna-koroniewska-po-latach-przerywa-milczenie-o-ojcu-zostawil-ja-gdy-miala-2-lata","status":"publish","type":"post","link":"https:\/\/lifevery.biz.ua\/?p=1230","title":{"rendered":"Joanna Koroniewska po latach przerywa milczenie o ojcu. Zostawi\u0142 j\u0105, gdy mia\u0142a 2 lata"},"content":{"rendered":"\n<p><strong>W socialach zara\u017ca energi\u0105, a jej humorystyczne filmy z m\u0119\u017cem bawi\u0105 miliony Polak\u00f3w. Jednak za tym promiennym wizerunkiem kryje si\u0119 historia, kt\u00f3ra mrozi krew w \u017cy\u0142ach. Joanna Koroniewska, zanim sta\u0142a si\u0119 gwiazd\u0105 serialu &#8220;M jak mi\u0142o\u015b\u0107&#8221; i stworzy\u0142a szcz\u0119\u015bliwy dom, przesz\u0142a przez piek\u0142o odrzucenia. Porzucona przez ojca jako ma\u0142a dziewczynka i osierocona przez matk\u0119 u progu doros\u0142o\u015bci, musia\u0142a walczy\u0107 o przetrwanie w kompletnej samotno\u015bci.<\/strong><\/p>\n\n\n\n<p>Dzieci\u0144stwo w cieniu porzucenia. Ojciec odszed\u0142, gdy Joanna by\u0142a dzieckiem<br>Dzi\u015b Joanna Koroniewska ma 47 lat i status jednej z najbardziej lubianych gwiazd w Polsce, ale jej start w \u017cycie by\u0142 naznaczony traum\u0105. Urodzi\u0142a si\u0119 w Toruniu jako jedyne dziecko Teresy i Leszka Koroniewskiego. Niestety, iluzja pe\u0142nej rodziny prys\u0142a b\u0142yskawicznie. Gdy przysz\u0142a aktorka mia\u0142a zaledwie dwa lata, jej ojciec spakowa\u0142 walizki i znikn\u0105\u0142, zostawiaj\u0105c \u017con\u0119 i c\u00f3rk\u0119 na pastw\u0119 losu.<\/p>\n\n\n\n<p>Oficjalnie t\u0142umaczy\u0142 sw\u00f3j wyjazd do Niemiec wzgl\u0119dami politycznymi pod koniec lat 70. Prawda okaza\u0142a si\u0119 jednak brutalna.\u00a0<strong>Leszek Koroniewski<\/strong>\u00a0prowadzi\u0142 podw\u00f3jne \u017cycie. Okaza\u0142o si\u0119, \u017ce za granic\u0105 czeka\u0142a na niego\u00a0<strong>nie tylko nowa partnerka, ale tak\u017ce 4-letni syn<\/strong>. M\u0119\u017cczyzna zerwa\u0142 kontakt z rodzin\u0105 w Polsce, a ma\u0142a Asia\u00a0<strong>zosta\u0142a sama z mam\u0105, Teres\u0105<\/strong>. To ona sta\u0142a si\u0119 dla niej ca\u0142ym \u015bwiatem, matk\u0105 i ojcem w jednym, staraj\u0105c si\u0119 wype\u0142ni\u0107 pustk\u0119 po m\u0119\u017cczy\u017anie, kt\u00f3ry wybra\u0142 inne \u017cycie.<\/p>\n\n\n\n<p><img loading=\"lazy\" decoding=\"async\" src=\"https:\/\/img.styl.fm\/resize\/w1280\/newsy\/wp-content\/uploads\/2026\/01\/mama-joanny-koroniewskiej2.jpg\" alt=\"Teresa Koroniewska, Mama Joanny Koroniewskiej\" width=\"1080\" height=\"1440\">Teresa Koroniewska \/ Fot. instagram.com\/joannakoroniewska<\/p>\n\n\n\n<h2 class=\"wp-block-heading\">\u015amier\u0107 matki i bolesna samotno\u015b\u0107. \u201eW wieku 22 lat zosta\u0142am bez rodziny\u201d<\/h2>\n\n\n\n<p>Najwi\u0119kszy dramat rozegra\u0142 si\u0119 w momencie, kt\u00f3ry powinien by\u0107 dla niej najszcz\u0119\u015bliwszy. W 2000 roku&nbsp;<strong>Joanna Koroniewska<\/strong>&nbsp;zaczyna\u0142a swoj\u0105 wielk\u0105 karier\u0119. Podczas gdy ca\u0142a Polska poznawa\u0142a j\u0105 i kocha\u0142a jako&nbsp;<strong>Gosi\u0119 Mostowiak<\/strong>&nbsp;z &#8220;<a href=\"https:\/\/styl.fm\/newsy\/900446.wielka-gala-m-jak-milosc-cichopek-w-zlocie-chciala-blyszczec-ale-to-gorniak-skradla-show-mamy-zdjecia\">M jak mi\u0142o\u015b\u0107<\/a>&#8220;, ona w prywatnym \u017cyciu przechodzi\u0142a przez koszmar. U jej mamy zdiagnozowano zaawansowany nowotw\u00f3r piersi.<\/p>\n\n\n\n<p>Reklama<\/p>\n\n\n\n<p>Kontrast mi\u0119dzy sukcesem zawodowym a tragedi\u0105 osobist\u0105 by\u0142 druzgoc\u0105cy. M\u0142oda aktorka kursowa\u0142a mi\u0119dzy planem zdj\u0119ciowym a hospicjum, patrz\u0105c na odchodzenie jedynej bliskiej osoby.&nbsp;<a href=\"https:\/\/styl.fm\/newsy\/907437.joanna-koroniewska-pokazala-zmarla-mame-niesamowite-jak-jest-do-niej-podobna-porownujemy\">Pani Teresa zmar\u0142a, gdy Joanna mia\u0142a zaledwie 22 lata<\/a>. W tamtym momencie \u015bwiat m\u0142odej dziewczyny run\u0105\u0142 \u2013 zosta\u0142a bez ojca, bez rodze\u0144stwa i bez matki.<\/p>\n\n\n\n<p>Reklama<\/p>\n\n\n\n<blockquote class=\"wp-block-quote is-layout-flow wp-block-quote-is-layout-flow\">\n<p>M\u00f3j \u015bwiat si\u0119 zawali\u0142. &#8220;Po co \u017cy\u0107?&#8221; &#8211; my\u015bla\u0142am. By\u0142am m\u0142od\u0105 kobiet\u0105 potrzebuj\u0105c\u0105 wsparcia, rady, obecno\u015bci matki.<\/p>\n<\/blockquote>\n\n\n\n<p>Trauma ta wraca do niej ka\u017cdego roku, dlatego aktorka tak mocno anga\u017cuje si\u0119 w profilaktyk\u0119 raka piersi. Wspomnienie tamtej samotno\u015bci jest wci\u0105\u017c \u017cywe:<\/p>\n\n\n\n<p>Reklama<\/p>\n\n\n\n<blockquote class=\"wp-block-quote is-layout-flow wp-block-quote-is-layout-flow\">\n<p>W wieku 22 lat zosta\u0142am sama. Bez rodziny. (&#8230;) Min\u0119\u0142o dok\u0142adnie 20 lat i 11 dni od jej \u015bmierci. I jednej z najwi\u0119kszych tragedii w moim \u017cyciu. To tak strasznie dawno temu. Tak wiele si\u0119 zmieni\u0142o, a mimo wszystko b\u00f3l nadal pozosta\u0142.<\/p>\n<\/blockquote>\n\n\n\n<p><img loading=\"lazy\" decoding=\"async\" src=\"https:\/\/img.styl.fm\/resize\/w1280\/newsy\/wp-content\/uploads\/2023\/04\/koroniewska-2.jpg\" alt=\"Joanna Koroniewska\" width=\"1280\" height=\"720\">instagram.com\/joannakoroniewska<\/p>\n\n\n\n<p>Reklama<\/p>\n\n\n\n<h2 class=\"wp-block-heading\">Publiczne pranie brud\u00f3w i bolesna riposta. &#8220;Ojciec to stan emocji, a nie wsp\u00f3lny kod DNA&#8221;<\/h2>\n\n\n\n<p>Przez lata temat ojca by\u0142 w \u017cyciu aktorki bolesn\u0105 ran\u0105, kt\u00f3r\u0105 pr\u00f3bowa\u0142a uleczy\u0107. Ma\u0142o kto wie, \u017ce&nbsp;<strong>Joanna Koroniewska<\/strong>&nbsp;wyci\u0105gn\u0119\u0142a r\u0119k\u0119 na zgod\u0119 \u2013 zaprosi\u0142a nawet&nbsp;<strong>Leszka Koroniewskiego<\/strong>&nbsp;na plan serialu &#8220;M jak mi\u0142o\u015b\u0107&#8221;, pr\u00f3buj\u0105c odbudowa\u0107 relacj\u0119. Niestety, te starania spe\u0142z\u0142y na niczym. Konflikt wybuch\u0142 z now\u0105 si\u0142\u0105, gdy ojciec postanowi\u0142 wr\u00f3ci\u0107 do jej \u017cycia, ale za po\u015brednictwem medi\u00f3w.<\/p>\n\n\n\n<p>W 2021 roku&nbsp;<a href=\"https:\/\/styl.fm\/newsy\/401651.joanna-koroniewska-reaguje-na-wywiad-ojca-powiedziala-wprost-co-mysli\">w wywiadzie dla pisma Dobry Tydzie\u0144 m\u0119\u017cczyzna przedstawi\u0142 si\u0119 jako ofiara sytuacji<\/a>. Zarzuci\u0142 c\u00f3rce, \u017ce nie zaprosi\u0142a go na \u015blub, uniemo\u017cliwia mu kontakt z wnuczkami oraz rzekomo nie opiekowa\u0142a si\u0119 jego te\u015bciow\u0105.<\/p>\n\n\n\n<blockquote class=\"wp-block-quote is-layout-flow wp-block-quote-is-layout-flow\">\n<p>Mia\u0142em do Asi troch\u0119 \u017calu. Gdy jej mama by\u0142a w hospicjum, to pomaga\u0142a jej moja te\u015bciowa z pobliskiego Raszyna. Asia sp\u0119dza\u0142a u niej weekendy i obiecywa\u0142a, \u017ce te\u017c b\u0119dzie j\u0105 wspiera\u0107. Nie robi\u0142a tego.<\/p>\n<\/blockquote>\n\n\n\n<p>Dla aktorki, kt\u00f3ra przez lata chroni\u0142a swoj\u0105 prywatno\u015b\u0107, to by\u0142o za wiele.&nbsp;<strong>Instagram Joanny Koroniewskiej<\/strong>&nbsp;sta\u0142 si\u0119 miejscem, gdzie opublikowa\u0142a ostateczn\u0105 i mia\u017cd\u017c\u0105c\u0105 odpowied\u017a, ucinaj\u0105c spekulacje.<\/p>\n\n\n\n<blockquote class=\"wp-block-quote is-layout-flow wp-block-quote-is-layout-flow\">\n<p>Drogi Tato, ten samolot ju\u017c odlecia\u0142. Wiele lat temu. \u017bycz\u0119 ci wszystkiego dobrego, po raz kolejny przypominaj\u0105c, \u017ce najlepiej kontaktowa\u0107 si\u0119 z bliskimi osobi\u015bcie, nie przez publikacje w gazetach, bo to najdobitniej \u015bwiadczy o prawdziwych intencjach cz\u0142owieka. (&#8230;) Ojciec to stan emocji, a nie wsp\u00f3lny kod DNA.<\/p>\n<\/blockquote>\n\n\n\n<p>Gwiazda odnios\u0142a si\u0119 do sprawy r\u00f3wnie\u017c w podca\u015bcie &#8220;Zdanowicz pomi\u0119dzy wersami&#8221;, punktuj\u0105c nieszczere intencje ojca:<\/p>\n\n\n\n<blockquote class=\"wp-block-quote is-layout-flow wp-block-quote-is-layout-flow\">\n<p>Mimo wszystko jednak bym pozosta\u0142a przy tym, \u017ce jak komu\u015b zale\u017cy na kontakcie, to zna m\u00f3j numer, a nie idzie do medi\u00f3w.<\/p>\n<\/blockquote>\n\n\n\n<p><img loading=\"lazy\" decoding=\"async\" src=\"https:\/\/img.styl.fm\/resize\/w1280\/newsy\/wp-content\/uploads\/2022\/04\/smieszne-zdjecia-koroniewskiej-2.jpg\" alt=\"Joanna Koroniewska w r\u00f3\u017cowej czapce i Maciej Dowbor w fioletowej czapce\" width=\"750\" height=\"867\">instagram.com\/joannakoroniewska<\/p>\n\n\n\n<h2 class=\"wp-block-heading\">Nowe \u017cycie i lekcja z przesz\u0142o\u015bci. Dom, kt\u00f3rego sama nigdy nie mia\u0142a<\/h2>\n\n\n\n<p>Mimo startu w doros\u0142o\u015b\u0107 z poczuciem g\u0142\u0119bokiego osierocenia, aktorka wygra\u0142a walk\u0119 o swoje szcz\u0119\u015bcie. Dzi\u015b, u boku&nbsp;<strong>Macieja Dowbora<\/strong>, stworzy\u0142a dom pe\u0142en ciep\u0142a \u2013 taki, o jakim zawsze marzy\u0142a, a kt\u00f3rego sama zosta\u0142a pozbawiona. Para wychowuje&nbsp;<strong>dwie c\u00f3rki: Janin\u0119<\/strong>&nbsp;(urodzon\u0105 w 2009 roku) oraz&nbsp;<strong>Helen\u0119<\/strong>&nbsp;(urodzon\u0105 w 2018 roku).<\/p>\n\n\n\n<p>To w\u0142a\u015bnie rodzina jest jej najwi\u0119kszym sukcesem. Cho\u0107 Dzie\u0144 Babci zawsze wywo\u0142uje u niej smutek, bo pani Teresa nie doczeka\u0142a wnuczek, Joanna Koroniewska czerpie si\u0142\u0119 z tego, co zbudowa\u0142a z m\u0119\u017cem.<\/p>\n\n\n\n<blockquote class=\"wp-block-quote is-layout-flow wp-block-quote-is-layout-flow\">\n<p>Dzie\u0144 Babci nie jest wi\u0119c moim ulubionym \u015bwi\u0119tem, ale jedno wiem na pewno \u2013 nigdy nie mamy w \u017cyciu wszystkiego, a ja MAM swoj\u0105 rodzin\u0119. Tak\u0105 o jakiej nawet nie \u015bni\u0142am.<\/p>\n<\/blockquote>\n","protected":false},"excerpt":{"rendered":"W socialach zara\u017ca energi\u0105, a jej humorystyczne filmy z m\u0119\u017cem bawi\u0105 miliony Polak\u00f3w. Jednak za tym promiennym wizerunkiem kryje si\u0119 historia, kt\u00f3ra mrozi \n<a class=\"moretag\" href=\"https:\/\/lifevery.biz.ua\/?p=1230\"> [...]<\/a>","protected":false},"author":1,"featured_media":1231,"comment_status":"open","ping_status":"open","sticky":false,"template":"","format":"standard","meta":{"footnotes":""},"categories":[1],"tags":[],"class_list":["post-1230","post","type-post","status-publish","format-standard","has-post-thumbnail","hentry","category-blog"],"_links":{"self":[{"href":"https:\/\/lifevery.biz.ua\/index.php?rest_route=\/wp\/v2\/posts\/1230","targetHints":{"allow":["GET"]}}],"collection":[{"href":"https:\/\/lifevery.biz.ua\/index.php?rest_route=\/wp\/v2\/posts"}],"about":[{"href":"https:\/\/lifevery.biz.ua\/index.php?rest_route=\/wp\/v2\/types\/post"}],"author":[{"embeddable":true,"href":"https:\/\/lifevery.biz.ua\/index.php?rest_route=\/wp\/v2\/users\/1"}],"replies":[{"embeddable":true,"href":"https:\/\/lifevery.biz.ua\/index.php?rest_route=%2Fwp%2Fv2%2Fcomments&post=1230"}],"version-history":[{"count":1,"href":"https:\/\/lifevery.biz.ua\/index.php?rest_route=\/wp\/v2\/posts\/1230\/revisions"}],"predecessor-version":[{"id":1232,"href":"https:\/\/lifevery.biz.ua\/index.php?rest_route=\/wp\/v2\/posts\/1230\/revisions\/1232"}],"wp:featuredmedia":[{"embeddable":true,"href":"https:\/\/lifevery.biz.ua\/index.php?rest_route=\/wp\/v2\/media\/1231"}],"wp:attachment":[{"href":"https:\/\/lifevery.biz.ua\/index.php?rest_route=%2Fwp%2Fv2%2Fmedia&parent=1230"}],"wp:term":[{"taxonomy":"category","embeddable":true,"href":"https:\/\/lifevery.biz.ua\/index.php?rest_route=%2Fwp%2Fv2%2Fcategories&post=1230"},{"taxonomy":"post_tag","embeddable":true,"href":"https:\/\/lifevery.biz.ua\/index.php?rest_route=%2Fwp%2Fv2%2Ftags&post=1230"}],"curies":[{"name":"wp","href":"https:\/\/api.w.org\/{rel}","templated":true}]}}