{"id":1221,"date":"2026-01-26T18:16:43","date_gmt":"2026-01-26T18:16:43","guid":{"rendered":"https:\/\/lifevery.biz.ua\/?p=1221"},"modified":"2026-01-26T18:16:43","modified_gmt":"2026-01-26T18:16:43","slug":"owsiak-zaczal-podsumowywac-wplaty-polakow-nagle-puscily-mu-nerwy-i-sie-rozplakal-wszyscy-byli-swiadkami","status":"publish","type":"post","link":"https:\/\/lifevery.biz.ua\/?p=1221","title":{"rendered":"Owsiak zacz\u0105\u0142 podsumowywa\u0107 wp\u0142aty Polak\u00f3w. Nagle pu\u015bci\u0142y mu nerwy i si\u0119 rozp\u0142aka\u0142 \u2013 wszyscy byli \u015bwiadkami\u2026"},"content":{"rendered":"\n<p>Fina\u0142 si\u0119 sko\u0144czy\u0142, transmisje ucich\u0142y, a w sieci zosta\u0142a jeszcze jedna rzecz \u2013 kr\u00f3tki, nocny film, w kt\u00f3rym Jerzy Owsiak m\u00f3wi ju\u017c bez sceny, bez muzyki i bez wielkich hase\u0142. To by\u0142 moment bardziej osobisty ni\u017c oficjalny. I w\u0142a\u015bnie dlatego wywo\u0142a\u0142 tyle emocji.<\/p>\n\n\n\n<ul class=\"wp-block-list\">\n<li>Czytaj te\u017c:\u00a0<a href=\"https:\/\/wlocie.pl\/polityka\/wyciekly-szczegoly-rozmowy-nawrockiego-z-trumpem-nie-do-wiary-co-ustalono\">Wyciek\u0142y szczeg\u00f3\u0142y rozmowy Nawrockiego z Trumpem. Nie do wiary co ustalono<\/a><\/li>\n<\/ul>\n\n\n\n<h2 class=\"wp-block-heading\">Nocne nagranie pe\u0142ne osobistych refleksji<\/h2>\n\n\n\n<p>Tu\u017c po zako\u0144czeniu niedzielnych wej\u015b\u0107 antenowych w mediach spo\u0142eczno\u015bciowych pojawi\u0142o si\u0119 nagranie, na kt\u00f3rym Jerzy Owsiak skre\u015bla ostatnie punkty na swojej li\u015bcie. Prezes Fundacji WO\u015aP nie ukrywa\u0142 wzruszenia. Dzi\u0119kowa\u0142 wszystkim, kt\u00f3rzy zaanga\u017cowali si\u0119 w tegoroczny fina\u0142 i pomoc dzieciom zmagaj\u0105cym si\u0119 z chorobami uk\u0142adu pokarmowego.<\/p>\n\n\n\n<ul class=\"wp-block-list\">\n<li>Zobacz r\u00f3wnie\u017c:\u00a0<a href=\"https:\/\/wlocie.pl\/spoleczenstwo\/potezna-afera-wokol-aukcji-wosp-stracil-pan-kontakt-z-rzeczywistoscia\">Pot\u0119\u017cna afera wok\u00f3\u0142 aukcji WO\u015aP. \u201eStraci\u0142 Pan kontakt z rzeczywisto\u015bci\u0105\u201d<\/a><\/li>\n<\/ul>\n\n\n\n<p>W nagraniu pojawi\u0142 si\u0119 te\u017c charakterystyczny dla niego humor. Owsiak zwr\u00f3ci\u0142 uwag\u0119, \u017ce przy ogromnym wysi\u0142ku tym razem nie straci\u0142 g\u0142osu, co nazwa\u0142 swoim osobistym sukcesem.<\/p>\n\n\n\n<p>Wed\u0142ug organizator\u00f3w 34. Fina\u0142 przebieg\u0142 w atmosferze nowoczesno\u015bci i wzajemnego szacunku, a w akcj\u0119 w\u0142\u0105czy\u0142y si\u0119 tysi\u0105ce wolontariuszy w Polsce i na \u015bwiecie.<\/p>\n\n\n\n<h2 class=\"wp-block-heading\">Apel o dostrze\u017cenie niematerialnych warto\u015bci<\/h2>\n\n\n\n<p>Najmocniejszy fragment tego wyst\u0105pienia dotyczy\u0142 tego, jak patrze\u0107 na sukces Orkiestry. Owsiak apelowa\u0142, by nie skupia\u0107 si\u0119 wy\u0142\u0105cznie na kwocie, ale na energii spo\u0142ecznej i tym, co wydarzy\u0142o si\u0119 mi\u0119dzy lud\u017ami.<\/p>\n\n\n\n<blockquote class=\"wp-block-quote is-layout-flow wp-block-quote-is-layout-flow\">\n<p>\u201eNie patrzcie w og\u00f3le na to, ile pieni\u0119dzy zbierzemy. Zrobili\u015bmy co\u015b, co jest czym\u015b nieprawdopodobnym\u201d<\/p>\n<\/blockquote>\n\n\n\n<p>W tym samym wyst\u0105pieniu por\u00f3wna\u0142 fina\u0142 do bezpiecznej \u0142odzi p\u0142yn\u0105cej po spokojnym morzu. Ten obraz mia\u0142 symbolizowa\u0107 stabilno\u015b\u0107 i dojrza\u0142o\u015b\u0107 akcji. Owsiak m\u00f3wi\u0142 te\u017c o przestrzeni, kt\u00f3r\u0105 fundacja zbudowa\u0142a po to, by Polacy mogli poczu\u0107 dum\u0119 z nowoczesno\u015bci i braku kompleks\u00f3w wobec najwi\u0119kszych \u015bwiatowych produkcji telewizyjnych czy charytatywnych.<\/p>\n\n\n\n<h2 class=\"wp-block-heading\">Walka z negatywnymi emocjami i hejtem<\/h2>\n\n\n\n<p>Owsiak odni\u00f3s\u0142 si\u0119 tak\u017ce do emocji, kt\u00f3re narastaj\u0105 wok\u00f3\u0142 fina\u0142u. Podkre\u015bli\u0142, \u017ce nie chce podzia\u0142\u00f3w ani ponurej atmosfery. Wprost zach\u0119ca\u0142, by odcina\u0107 si\u0119 od nakr\u0119cania negatywnych nastroj\u00f3w i robi\u0107 swoje.<\/p>\n\n\n\n<p>\u201eNie dajcie si\u0119 ponie\u015b\u0107 tym, kt\u00f3rzy nas namawiaj\u0105 do jakich\u015b ponurych spraw. Po prostu si\u0119 nie dajcie. Odwr\u00f3\u0107cie si\u0119 do tego ty\u0142em i r\u00f3bmy swoje\u201d<\/p>\n\n\n\n<p>W dalszej cz\u0119\u015bci m\u00f3wi\u0142 o autentyczno\u015bci przekazu. Podkre\u015bli\u0142, \u017ce najpi\u0119kniejsze momenty transmisji powsta\u0142y dlatego, \u017ce by\u0142y szczere, pe\u0142ne emocji i pokazywa\u0142y \u201enormalnie\u201d polsk\u0105 codzienno\u015b\u0107.<\/p>\n\n\n\n<p>\u201eZrobili\u015bmy najpi\u0119kniejsze momenty transmisji medialnej, poniewa\u017c zrobili\u015bmy je szczerze, z wielkimi emocjami [\u2026] po prostu normalnie pokazali\u015bmy nasze cudowne polskie podw\u00f3rko\u201d<\/p>\n\n\n\n<p>W materiale przywo\u0142ano te\u017c opini\u0119 Lidii Nied\u017awiedzkiej-Owsiak, kt\u00f3ra w TVN oceni\u0142a, \u017ce 34. Fina\u0142 by\u0142 wyj\u0105tkowo radosny i pozbawiony stresu.<\/p>\n\n\n\n<p>Wielkie liczenie i plany na przysz\u0142o\u015b\u0107<br>Zako\u0144czenie fina\u0142u nie zamyka pracy fundacji. W tek\u015bcie podkre\u015blono, \u017ce teraz zaczyna si\u0119 okres weryfikacji i rozliczania zebranych \u015brodk\u00f3w. Owsiak zapowiedzia\u0142, \u017ce zesp\u00f3\u0142 wraca do intensywnej pracy ju\u017c we wtorek, a celem pozostaje mo\u017cliwie szybkie domkni\u0119cie zakup\u00f3w nowoczesnego sprz\u0119tu diagnostycznego dla oddzia\u0142\u00f3w gastroenterologii dzieci\u0119cej.<\/p>\n\n\n\n<p>Pad\u0142o te\u017c wa\u017cne zdanie o zapleczu WO\u015aP. Owsiak zaznaczy\u0142, \u017ce fundamentem Orkiestry jest profesjonalna za\u0142oga, kt\u00f3ra wykonuje swoj\u0105 prac\u0119 tak, by misja mog\u0142a trwa\u0107 niezale\u017cnie od personalnych okoliczno\u015bci. Przekaz mia\u0142 uspokoi\u0107 darczy\u0144c\u00f3w i podkre\u015bli\u0107 ci\u0105g\u0142o\u015b\u0107 oraz transparentno\u015b\u0107 organizacji.<\/p>\n","protected":false},"excerpt":{"rendered":"Fina\u0142 si\u0119 sko\u0144czy\u0142, transmisje ucich\u0142y, a w sieci zosta\u0142a jeszcze jedna rzecz \u2013 kr\u00f3tki, nocny film, w kt\u00f3rym Jerzy Owsiak m\u00f3wi ju\u017c bez \n<a class=\"moretag\" href=\"https:\/\/lifevery.biz.ua\/?p=1221\"> [...]<\/a>","protected":false},"author":1,"featured_media":1222,"comment_status":"open","ping_status":"open","sticky":false,"template":"","format":"standard","meta":{"footnotes":""},"categories":[1],"tags":[],"class_list":["post-1221","post","type-post","status-publish","format-standard","has-post-thumbnail","hentry","category-blog"],"_links":{"self":[{"href":"https:\/\/lifevery.biz.ua\/index.php?rest_route=\/wp\/v2\/posts\/1221","targetHints":{"allow":["GET"]}}],"collection":[{"href":"https:\/\/lifevery.biz.ua\/index.php?rest_route=\/wp\/v2\/posts"}],"about":[{"href":"https:\/\/lifevery.biz.ua\/index.php?rest_route=\/wp\/v2\/types\/post"}],"author":[{"embeddable":true,"href":"https:\/\/lifevery.biz.ua\/index.php?rest_route=\/wp\/v2\/users\/1"}],"replies":[{"embeddable":true,"href":"https:\/\/lifevery.biz.ua\/index.php?rest_route=%2Fwp%2Fv2%2Fcomments&post=1221"}],"version-history":[{"count":1,"href":"https:\/\/lifevery.biz.ua\/index.php?rest_route=\/wp\/v2\/posts\/1221\/revisions"}],"predecessor-version":[{"id":1223,"href":"https:\/\/lifevery.biz.ua\/index.php?rest_route=\/wp\/v2\/posts\/1221\/revisions\/1223"}],"wp:featuredmedia":[{"embeddable":true,"href":"https:\/\/lifevery.biz.ua\/index.php?rest_route=\/wp\/v2\/media\/1222"}],"wp:attachment":[{"href":"https:\/\/lifevery.biz.ua\/index.php?rest_route=%2Fwp%2Fv2%2Fmedia&parent=1221"}],"wp:term":[{"taxonomy":"category","embeddable":true,"href":"https:\/\/lifevery.biz.ua\/index.php?rest_route=%2Fwp%2Fv2%2Fcategories&post=1221"},{"taxonomy":"post_tag","embeddable":true,"href":"https:\/\/lifevery.biz.ua\/index.php?rest_route=%2Fwp%2Fv2%2Ftags&post=1221"}],"curies":[{"name":"wp","href":"https:\/\/api.w.org\/{rel}","templated":true}]}}