{"id":1199,"date":"2026-01-26T11:03:47","date_gmt":"2026-01-26T11:03:47","guid":{"rendered":"https:\/\/lifevery.biz.ua\/?p=1199"},"modified":"2026-01-26T11:03:47","modified_gmt":"2026-01-26T11:03:47","slug":"joanna-jablczynska-konczy-z-prawem-aktorka-mowi-wprost-to-nieoplacalne-zyciowo","status":"publish","type":"post","link":"https:\/\/lifevery.biz.ua\/?p=1199","title":{"rendered":"Joanna Jab\u0142czy\u0144ska ko\u0144czy z prawem? Aktorka m\u00f3wi wprost: &#8220;To nieop\u0142acalne \u017cyciowo&#8221;"},"content":{"rendered":"\n<p>Joanna Jab\u0142czy\u0144ska przez lata prowadzi\u0142a podw\u00f3jne \u017cycie, kt\u00f3re niemal j\u0105 spali\u0142o. Z jednej strony b\u0142yszcza\u0142a na ekranie w kultowym &#8220;Klanie&#8221; czy produkcji &#8220;Nigdy w \u017cyciu!&#8221;, z drugiej \u2014 w todze walczy\u0142a na salach s\u0105dowych, udaj\u0105c, \u017ce doba jest z gumy. Maska &#8220;perfekcyjnej pani mecenas&#8221; jednak p\u0119k\u0142a. Gwiazda w\u0142a\u015bnie og\u0142osi\u0142a kapitulacj\u0119 w walce o prawnicz\u0105 karier\u0119, a jej szczere wyznanie w programie &#8220;halo tu polsat&#8221; to koniec pewnej ery w polskim show-biznesie.<\/p>\n\n\n\n<p>Joanna Jab\u0142czy\u0144ska przerywa milczenie. Prawo sta\u0142o si\u0119 dla niej ci\u0119\u017carem<br>Podczas szczerej rozmowy w &#8220;halo tu polsat&#8221;, wyemitowanej 24 stycznia, Joanna Jab\u0142czy\u0144ska w ko\u0144cu zrzuci\u0142a tog\u0119 \u2014 metaforycznie i dos\u0142ownie. Aktorka, kt\u00f3ra przez lata budowa\u0142a wizerunek profesjonalistki nie do zdarcia, przyzna\u0142a, \u017ce ta \u015bcie\u017cka zawodowa sta\u0142a si\u0119 dla niej kul\u0105 u nogi. Dlaczego w og\u00f3le wesz\u0142a w ten \u015bwiat? Okazuje si\u0119, \u017ce to klasyczny przyk\u0142ad &#8220;kl\u0105twy porz\u0105dnego wykszta\u0142cenia&#8221;.<\/p>\n\n\n\n<p>Zawsze mi rodzice m\u00f3wili, \u017ce trzeba mie\u0107 porz\u0105dne wykszta\u0142cenie<\/p>\n\n\n\n<p>\u2014 wyzna\u0142a gwiazda, sugeruj\u0105c, \u017ce realizowanie ambicji bliskich mia\u0142o swoj\u0105 ukryt\u0105 cen\u0119. A kancelaria prawna Jab\u0142czy\u0144skiej w Warszawie to nie by\u0142a zabawa. To powa\u017cny biznes, kt\u00f3ry wymaga\u0142 stalowych nerw\u00f3w. Jak czytamy na stronie jej kancelarii, zakres obowi\u0105zk\u00f3w by\u0142 przyt\u0142aczaj\u0105cy:<\/p>\n\n\n\n<p>specjalizacja w obs\u0142udze korporacyjnej;<br>szeroko poj\u0119te prawo medi\u00f3w (z naciskiem na ochron\u0119 d\u00f3br osobistych);<br>skomplikowane prawne aspekty inwestycji.<\/p>\n\n\n\n<ul class=\"wp-block-list\">\n<li>.<\/li>\n<\/ul>\n\n\n\n<p><img loading=\"lazy\" decoding=\"async\" src=\"https:\/\/img.styl.fm\/resize\/w1280\/newsy\/wp-content\/uploads\/2025\/04\/joanna-jablczynska-7.jpg\" alt=\"Joanna Jab\u0142czy\u0144ska w kr\u00f3tkiej mini\" width=\"1000\" height=\"1500\">AKPA<\/p>\n\n\n\n<h2 class=\"wp-block-heading\">&#8220;Za du\u017co mnie to kosztuje&#8221;. Gwiazda wyjawia prawd\u0119 o pracy w kancelarii<\/h2>\n\n\n\n<p>Mimo renomy,&nbsp;<strong>aktorka i prawniczka<\/strong>&nbsp;powiedzia\u0142a &#8220;do\u015b\u0107&#8221;. Gwiazda zrozumia\u0142a, \u017ce wy\u015bcig szczur\u00f3w w kancelarii to gra, w kt\u00f3rej nie chce ju\u017c bra\u0107 udzia\u0142u. Presti\u017c przesta\u0142 rekompensowa\u0107 stres.&nbsp;<strong>Kariera prawnicza<\/strong>, kt\u00f3ra mia\u0142a by\u0107 bezpiecznym &#8220;planem B&#8221;, sta\u0142a si\u0119 emocjonalnym ci\u0119\u017carem nie do uniesienia.<\/p>\n\n\n\n<blockquote class=\"wp-block-quote is-layout-flow wp-block-quote-is-layout-flow\">\n<p>Tak szczerze, po latach to ju\u017c bardzo odchodz\u0119 od kancelarii i od pracy prawnika. Jest to taki fajny plan B, ale za du\u017co mnie to kosztuje. Jest to nieop\u0142acalne \u017cyciowo<\/p>\n<\/blockquote>\n\n\n\n<p>S\u0142owa&nbsp;<strong>&#8220;nieop\u0142acalne \u017cyciowo&#8221;<\/strong>&nbsp;uderzaj\u0105 najmocniej. To jasny sygna\u0142: pieni\u0105dze i status nie s\u0105 warte utraty spokoju ducha.&nbsp;<a href=\"https:\/\/styl.fm\/newsy\/903567.joanna-jablczynska-w-nagraniu-z-dziecinstwa-ten-niewinny-zwyczaj-zna-kazda-polska-rodzina-to-patologia\" target=\"_blank\" rel=\"noreferrer noopener\"><strong>Joanna Jab\u0142czy\u0144ska<\/strong><\/a>&nbsp;wybiera siebie.<\/p>\n\n\n\n<h2 class=\"wp-block-heading\">Nie tylko aktorstwo. Jab\u0142czy\u0144ska ma now\u0105, zaskakuj\u0105c\u0105 pasj\u0119<\/h2>\n\n\n\n<p>Czy to oznacza emerytur\u0119? Absolutnie nie.&nbsp;<strong>Joanna Jab\u0142czy\u0144ska<\/strong>&nbsp;zamieni\u0142a paragrafy na szpachl\u0119. Gwiazda znalaz\u0142a now\u0105 drog\u0119, kt\u00f3ra daje jej to, co zabra\u0142o prawo \u2014 rado\u015b\u0107 i luz. Zosta\u0142a gospodyni\u0105 programu&nbsp;<strong>&#8220;Dzie\u0144 dobry, remoncie!&#8221;<\/strong>&nbsp;na kanale&nbsp;<strong>Remonty TV<\/strong>.<\/p>\n\n\n\n<p>To nie jest skok na g\u0142\u0119bok\u0105 wod\u0119 \u2014 fani pami\u0119taj\u0105 j\u0105 z formatu &#8220;Dach na 5+&#8221;. Teraz jednak u jej boku stanie&nbsp;<strong>Sebastian Stankiewicz<\/strong>. Ten duet to mieszanka wybuchowa: jej budowlany profesjonalizm kontra jego komediowy chaos.<\/p>\n\n\n\n<blockquote class=\"wp-block-quote is-layout-flow wp-block-quote-is-layout-flow\">\n<p>Pierwsze, historyczne wydanie programu poprowadzi wyj\u0105tkowy duet, gwarantuj\u0105cy po\u0142\u0105czenie profesjonalizmu z humorem: Joanna Jab\u0142czy\u0144ska &#8211; aktorka i pasjonatka budownictwa, znana widzom stacji Remonty TV z programu &#8216;Dach na 5+&#8217; oraz Sebastian Stankiewicz &#8211; aktor charakterystyczny i komediowy, kt\u00f3ry zadba o to, by poranki z wiertark\u0105 i p\u0119dzlem by\u0142y pe\u0142ne u\u015bmiechu<\/p>\n<\/blockquote>\n\n\n\n<p>Decyzja Jab\u0142czy\u0144skiej to co\u015b wi\u0119cej ni\u017c&nbsp;<strong>plotki o gwiazdach<\/strong>. To dow\u00f3d na to, \u017ce nawet b\u0119d\u0105c na szczycie, mo\u017cna \u2014 i trzeba \u2014 mie\u0107 odwag\u0119, by wysi\u0105\u015b\u0107 z p\u0119dz\u0105cego poci\u0105gu, je\u015bli jedzie on w z\u0142ym kierunku.<\/p>\n","protected":false},"excerpt":{"rendered":"Joanna Jab\u0142czy\u0144ska przez lata prowadzi\u0142a podw\u00f3jne \u017cycie, kt\u00f3re niemal j\u0105 spali\u0142o. Z jednej strony b\u0142yszcza\u0142a na ekranie w kultowym &#8220;Klanie&#8221; czy produkcji &#8220;Nigdy \n<a class=\"moretag\" href=\"https:\/\/lifevery.biz.ua\/?p=1199\"> [...]<\/a>","protected":false},"author":1,"featured_media":1200,"comment_status":"open","ping_status":"open","sticky":false,"template":"","format":"standard","meta":{"footnotes":""},"categories":[1],"tags":[],"class_list":["post-1199","post","type-post","status-publish","format-standard","has-post-thumbnail","hentry","category-blog"],"_links":{"self":[{"href":"https:\/\/lifevery.biz.ua\/index.php?rest_route=\/wp\/v2\/posts\/1199","targetHints":{"allow":["GET"]}}],"collection":[{"href":"https:\/\/lifevery.biz.ua\/index.php?rest_route=\/wp\/v2\/posts"}],"about":[{"href":"https:\/\/lifevery.biz.ua\/index.php?rest_route=\/wp\/v2\/types\/post"}],"author":[{"embeddable":true,"href":"https:\/\/lifevery.biz.ua\/index.php?rest_route=\/wp\/v2\/users\/1"}],"replies":[{"embeddable":true,"href":"https:\/\/lifevery.biz.ua\/index.php?rest_route=%2Fwp%2Fv2%2Fcomments&post=1199"}],"version-history":[{"count":1,"href":"https:\/\/lifevery.biz.ua\/index.php?rest_route=\/wp\/v2\/posts\/1199\/revisions"}],"predecessor-version":[{"id":1201,"href":"https:\/\/lifevery.biz.ua\/index.php?rest_route=\/wp\/v2\/posts\/1199\/revisions\/1201"}],"wp:featuredmedia":[{"embeddable":true,"href":"https:\/\/lifevery.biz.ua\/index.php?rest_route=\/wp\/v2\/media\/1200"}],"wp:attachment":[{"href":"https:\/\/lifevery.biz.ua\/index.php?rest_route=%2Fwp%2Fv2%2Fmedia&parent=1199"}],"wp:term":[{"taxonomy":"category","embeddable":true,"href":"https:\/\/lifevery.biz.ua\/index.php?rest_route=%2Fwp%2Fv2%2Fcategories&post=1199"},{"taxonomy":"post_tag","embeddable":true,"href":"https:\/\/lifevery.biz.ua\/index.php?rest_route=%2Fwp%2Fv2%2Ftags&post=1199"}],"curies":[{"name":"wp","href":"https:\/\/api.w.org\/{rel}","templated":true}]}}