{"id":1184,"date":"2026-01-26T10:52:29","date_gmt":"2026-01-26T10:52:29","guid":{"rendered":"https:\/\/lifevery.biz.ua\/?p=1184"},"modified":"2026-01-26T10:52:29","modified_gmt":"2026-01-26T10:52:29","slug":"87-letni-bohdan-lazuka-przerywa-milczenie-w-sprawie-swojej-emerytury-gwiazdor-nie-zamierza-rezygnowac-z-kariery","status":"publish","type":"post","link":"https:\/\/lifevery.biz.ua\/?p=1184","title":{"rendered":"87-letni Bohdan \u0141azuka przerywa milczenie w sprawie swojej emerytury. Gwiazdor nie zamierza rezygnowa\u0107 z kariery"},"content":{"rendered":"\n<p><a href=\"https:\/\/news.google.com\/publications\/CAAqBwgKMLWAlQswj9eqAw?oc=3&amp;ceid=PL:pl\" target=\"_blank\" rel=\"noreferrer noopener\"><\/a><\/p>\n\n\n\n<p>Bohdan \u0141azuka to absolutna legenda polskiej sceny, obecna na niej od ponad sze\u015bciu dekad. Podczas gdy media regularnie obiegaj\u0105 narzekania celebryt\u00f3w, 87-letni gwiazdor filmu &#8220;Nie lubi\u0119 poniedzia\u0142ku&#8221; nie zamierza do\u0142\u0105cza\u0107 do ch\u00f3ru malkontent\u00f3w. W dobie powszechnego narzekania na g\u0142odowe stawki, szczere wyznanie aktora wprawia w os\u0142upienie. Czy naprawd\u0119 ma a\u017c tak dobrze?<\/p>\n\n\n\n<p>Bohdan \u0141azuka szczerze o finansach. Nie narzeka na ZUS?<br>Wi\u0119kszo\u015b\u0107 polskich gwiazd grzmi w mediach o niskich \u015bwiadczeniach. Bohdan \u0141azuka? On idzie pod pr\u0105d. 87-letni gwiazdor, kt\u00f3rego znamy z takich hit\u00f3w jak &#8220;Ch\u0142opaki nie p\u0142acz\u0105&#8221; czy &#8220;Brunet wieczorow\u0105 por\u0105&#8221;, ma zupe\u0142nie inne podej\u015bcie.<\/p>\n\n\n\n<p>Aktor otwarcie przyznaje, \u017ce jego portfel zasilaj\u0105 nie tylko pieni\u0105dze z ZUS. Kluczowe s\u0105 tutaj tantiemy za liczne powt\u00f3rki telewizyjne jego kultowych r\u00f3l.<\/p>\n\n\n\n<p>W kwestii zarobk\u00f3w Bohdan \u0141azuka zachowuje klas\u0119 i humor. Cz\u0119sto przywo\u0142uje s\u0142owa, kt\u00f3re wypowiedzia\u0142a Maria Czubaszek, \u017ce &#8220;za du\u017co za ma\u0142o zarabia&#8221;. Artysta postawi\u0142 spraw\u0119 jasno.<\/p>\n\n\n\n<p>Nie dorabiam do emerytury, bo mi wystarcza to, co mam. Oczywi\u015bcie, \u017ce narzekam jak ka\u017cdy Polak, ale nie narzekam na to, co mam. Uruchamia si\u0119 wyobra\u017ania i pojawia si\u0119 pytanie w g\u0142owie: gdzie odbywa si\u0119 akcja sztuki? W Polsce! No i ju\u017c wtedy odpowied\u017a jest jednoznaczna<\/p>\n\n\n\n<p>Dla \u0141azuki aktywno\u015b\u0107 zawodowa senior\u00f3w to spos\u00f3b na zachowanie witalno\u015bci, a nie walka o przetrwanie. Artysta wci\u0105\u017c koncertuje, a niedawno w Telewizji Polskiej odby\u0142 si\u0119 nawet jego benefis. Jak sam twierdzi, praca jest dla niego lekarstwem na nud\u0119.<\/p>\n\n\n\n<p>T\u0119skni\u0119 te\u017c, ju\u017c bardziej jako widz, bo odpad\u0142 pewien rodzaj sztuki i boj\u0119 si\u0119, \u017ce ludzie mog\u0105 go nie pami\u0119ta\u0107. Mam na my\u015bli Kabaret Starszych Pan\u00f3w &#8211; zosta\u0142em w\u0142a\u015bciwie sam z tego starego, klasycznego kabaretu. Jako ostatni jeszcze \u017cyj\u0119, wi\u0119c jest mi troch\u0119 g\u0142upawo w tej samotno\u015bci<\/p>\n\n\n\n<p>Samotno\u015b\u0107 doskwiera mu tak\u017ce w \u017cyciu rodzinnym. Jego dzieci rozjecha\u0142y si\u0119 po \u015bwiecie. C\u00f3rka od pi\u0119ciu lat uk\u0142ada sobie \u017cycie na s\u0142onecznej Florydzie.<\/p>\n\n\n\n<p>Syn aktora wybra\u0142 \u017cycie w Polsce, ale z dala od ojca. Osiad\u0142 w Janowie Podlaskim, gdzie na co dzie\u0144 upaja si\u0119 widokiem koni.<\/p>\n\n\n\n<p>Na g\u0142ow\u0119 mi nie cieknie, g\u0142odny nie chodz\u0119, w domu mam ciep\u0142o &#8211; wi\u0119c og\u00f3lnie jest w porz\u0105dku. Jedyna rzecz, jak\u0105 odczuwam, to pewien rodzaj t\u0119sknoty. C\u00f3rka mieszka ju\u017c pi\u0105ty rok na Florydzie, syn co prawda nie na Florydzie, ale te\u017c daleko, bo w Janowie Podlaskim. (\u015bmiech) No wi\u0119c upaja si\u0119 tam widokiem koni i krajobraz\u00f3w, a ja, no c\u00f3\u017c &#8211; jak na starszego pana, nie jest najgorzej<\/p>\n\n\n\n<p>Pytany o zdrowie, Bohdan \u0141azuka ponownie si\u0119ga po sw\u00f3j niezawodny humor. Cytuje Kazimierza Krukowskiego: &#8220;jak na garbatego &#8211; nie\u017ale&#8221;.<\/p>\n\n\n\n<p>Aktor zapewnia, \u017ce wci\u0105\u017c czuje si\u0119 na si\u0142ach, by stawa\u0107 przed publiczno\u015bci\u0105. Obecnie fani mog\u0105 go ogl\u0105da\u0107 w recitalu &#8220;Za kulisami kabaretu&#8221;, w kt\u00f3rym towarzyszy mu Czes\u0142aw Majewski. 87-latek udowadnia, \u017ce wiek to tylko liczba.<\/p>\n\n\n\n<p>Je\u017cd\u017c\u0119 jednak po ca\u0142ej Polsce. Niedawno byli\u015bmy w Katowicach &#8211; m\u00f3wi\u0119 &#8220;byli\u015bmy&#8221;, bo wyst\u0119puj\u0119 razem z Czesiem Majewskim. Mamy kilka wersji recitalu, a ta podstawowa nosi tytu\u0142 &#8220;Za kulisami kabaretu&#8221;. Wkr\u00f3tce kolejne wyst\u0119py, wi\u0119c nudziarstwa specjalnego nie ma<\/p>\n\n\n\n<p>A Wy co s\u0105dzicie o postawie Bohdana \u0141azuki? Czy inne gwiazdy powinny bra\u0107 z niego przyk\u0142ad i przesta\u0107 narzeka\u0107 na emerytury? Dajcie zna\u0107 w komentarzach!<\/p>\n","protected":false},"excerpt":{"rendered":"Bohdan \u0141azuka to absolutna legenda polskiej sceny, obecna na niej od ponad sze\u015bciu dekad. Podczas gdy media regularnie obiegaj\u0105 narzekania celebryt\u00f3w, 87-letni gwiazdor \n<a class=\"moretag\" href=\"https:\/\/lifevery.biz.ua\/?p=1184\"> [...]<\/a>","protected":false},"author":1,"featured_media":1188,"comment_status":"open","ping_status":"open","sticky":false,"template":"","format":"standard","meta":{"footnotes":""},"categories":[1],"tags":[],"class_list":["post-1184","post","type-post","status-publish","format-standard","has-post-thumbnail","hentry","category-blog"],"_links":{"self":[{"href":"https:\/\/lifevery.biz.ua\/index.php?rest_route=\/wp\/v2\/posts\/1184","targetHints":{"allow":["GET"]}}],"collection":[{"href":"https:\/\/lifevery.biz.ua\/index.php?rest_route=\/wp\/v2\/posts"}],"about":[{"href":"https:\/\/lifevery.biz.ua\/index.php?rest_route=\/wp\/v2\/types\/post"}],"author":[{"embeddable":true,"href":"https:\/\/lifevery.biz.ua\/index.php?rest_route=\/wp\/v2\/users\/1"}],"replies":[{"embeddable":true,"href":"https:\/\/lifevery.biz.ua\/index.php?rest_route=%2Fwp%2Fv2%2Fcomments&post=1184"}],"version-history":[{"count":1,"href":"https:\/\/lifevery.biz.ua\/index.php?rest_route=\/wp\/v2\/posts\/1184\/revisions"}],"predecessor-version":[{"id":1189,"href":"https:\/\/lifevery.biz.ua\/index.php?rest_route=\/wp\/v2\/posts\/1184\/revisions\/1189"}],"wp:featuredmedia":[{"embeddable":true,"href":"https:\/\/lifevery.biz.ua\/index.php?rest_route=\/wp\/v2\/media\/1188"}],"wp:attachment":[{"href":"https:\/\/lifevery.biz.ua\/index.php?rest_route=%2Fwp%2Fv2%2Fmedia&parent=1184"}],"wp:term":[{"taxonomy":"category","embeddable":true,"href":"https:\/\/lifevery.biz.ua\/index.php?rest_route=%2Fwp%2Fv2%2Fcategories&post=1184"},{"taxonomy":"post_tag","embeddable":true,"href":"https:\/\/lifevery.biz.ua\/index.php?rest_route=%2Fwp%2Fv2%2Ftags&post=1184"}],"curies":[{"name":"wp","href":"https:\/\/api.w.org\/{rel}","templated":true}]}}