{"id":1181,"date":"2026-01-26T05:53:48","date_gmt":"2026-01-26T05:53:48","guid":{"rendered":"https:\/\/lifevery.biz.ua\/?p=1181"},"modified":"2026-01-26T05:53:48","modified_gmt":"2026-01-26T05:53:48","slug":"cos-bezsensownego-idiotycznego-owsiak-nie-wytrzymal-na-konferencji","status":"publish","type":"post","link":"https:\/\/lifevery.biz.ua\/?p=1181","title":{"rendered":"&#8220;Co\u015b bezsensownego, idiotycznego&#8221;. Owsiak nie wytrzyma\u0142 na konferencji"},"content":{"rendered":"\n<p>Pozornie drobny gest sprzed kilkunastu miesi\u0119cy ponownie sta\u0142 si\u0119 paliwem dla ostrej debaty publicznej. W tle pojawiaj\u0105 si\u0119 wielkie pieni\u0105dze, emocjonalne wypowiedzi polityk\u00f3w i apel o opami\u0119tanie, kt\u00f3ry wybrzmia\u0142 na konferencji prasowej.<\/p>\n\n\n\n<p>Symboliczny protest i jego polityczne znaczenie<br>Miliony z kawy i mocna riposta Jerzego Owsiaka<br>WO\u015aP mi\u0119dzy filantropi\u0105 a politycznym konfliktem<br>Symboliczny protest z 2024 roku. Gest, kt\u00f3ry wr\u00f3ci\u0142 jak bumerang<br>Cho\u0107 samo zdarzenie mia\u0142o miejsce jeszcze w 2024 roku, jego konsekwencje i echo medialne s\u0105 odczuwalne do dzi\u015b. Pose\u0142 Prawa i Sprawiedliwo\u015bci Jan Kanthak opublikowa\u0142 w\u00f3wczas nagranie, na kt\u00f3rym demonstracyjnie wylewa kaw\u0119 kupion\u0105 na jednej ze stacji Orlenu. Gest ten mia\u0142 by\u0107 wyrazem sprzeciwu wobec zaanga\u017cowania koncernu w akcj\u0119 wsparcia Wielkiej Orkiestry \u015awi\u0105tecznej Pomocy.<\/p>\n\n\n\n<p>W nagraniu polityk ostro atakowa\u0142 zar\u00f3wno fundacj\u0119 Jerzego Owsiaka, jak i rz\u0105d Donalda Tuska. Twierdzi\u0142, \u017ce mechanizm przekazywania cz\u0119\u015bci dochodu ze sprzeda\u017cy kawy na cele charytatywne jest w istocie form\u0105 politycznego \u201esp\u0142acania d\u0142ug\u00f3w\u201d. Podkre\u015bla\u0142 sw\u00f3j ambiwalentny stosunek do za\u0142o\u017cyciela WO\u015aP i nawi\u0105zywa\u0142 do kampanii billboardowej sprzed wybor\u00f3w parlamentarnych.<\/p>\n\n\n\n<p>Cho\u0107 w\u00f3wczas sprawa szybko sta\u0142a si\u0119 g\u0142o\u015bna, z czasem zesz\u0142a na dalszy plan. Wr\u00f3ci\u0142a jednak ze zdwojon\u0105 si\u0142\u0105 wraz z ujawnieniem konkretnych danych finansowych oraz komentarzem samego Jerzego Owsiaka, kt\u00f3ry odni\u00f3s\u0142 si\u0119 do wydarze\u0144 z wyra\u017an\u0105 ironi\u0105, ale i apelem o rozs\u0105dek.<br><\/p>\n\n\n\n<p>3,5 mln z\u0142 z kawy Orlenu. Owsiak odpowiada bez politycznej agresji<br>Podczas popo\u0142udniowej konferencji prasowej Jerzy Owsiak poinformowa\u0142, \u017ce dzi\u0119ki akcji sprzeda\u017cy kawy na stacjach Orlenu na konto Wielkiej Orkiestry \u015awi\u0105tecznej Pomocy trafi\u0142o 3,5 miliona z\u0142otych. Kwota ta zosta\u0142a zebrana wy\u0142\u0105cznie dzi\u0119ki decyzjom konsument\u00f3w, kt\u00f3rzy dobrowolnie kupowali kaw\u0119, wiedz\u0105c, \u017ce cz\u0119\u015b\u0107 ceny zasili cele medyczne.<\/p>\n\n\n\n<p>Szef WO\u015aP nie unika\u0142 odniesienia do gestu pos\u0142a PiS, cho\u0107 zrobi\u0142 to w charakterystyczny dla siebie spos\u00f3b. \u2013 Pami\u0119tajcie tak\u017ce o tym, \u017ce pij\u0105c ten kubek kawy, kto\u015b go w zesz\u0142ym roku wyla\u0142, a tak na samym ko\u0144cu zap\u0142aci\u0142 za t\u0119 kaw\u0119, w zwi\u0105zku z tym zrobi\u0142 co\u015b bezsensownego, idiotycznego \u2013 powiedzia\u0142, wyra\u017anie nawi\u0105zuj\u0105c do nagrania Jana Kanthaka z 2024 roku.<\/p>\n\n\n\n<p>Wypowied\u017a Owsiaka nie by\u0142a jednak wy\u0142\u0105cznie krytyk\u0105. Przede wszystkim podkre\u015bla\u0142 on sens i realny wymiar pomocy, kt\u00f3ra \u2013 niezale\u017cnie od spor\u00f3w politycznych \u2013 przek\u0142ada si\u0119 na sprz\u0119t ratuj\u0105cy zdrowie i \u017cycie pacjent\u00f3w. Zwraca\u0142 te\u017c uwag\u0119, \u017ce protesty oparte na symbolicznych gestach nie uderzaj\u0105 w fundacj\u0119, lecz w ide\u0119 racjonalnej debaty publicznej.<br><\/p>\n\n\n\n<p>WO\u015aP jako pole politycznej walki. Kiedy pomoc przestaje \u0142\u0105czy\u0107<br>Sprawa wylanej kawy i p\u00f3\u017aniejszych komentarzy unaocznia, jak bardzo dzia\u0142alno\u015b\u0107 charytatywna w Polsce zosta\u0142a uwik\u0142ana w spory polityczne. Wielka Orkiestra \u015awi\u0105tecznej Pomocy od lat funkcjonuje nie tylko jako organizacja filantropijna, ale r\u00f3wnie\u017c jako symbol \u2013 dla jednych solidarno\u015bci spo\u0142ecznej, dla innych ideologicznego przeciwnika.<\/p>\n\n\n\n<p>Krytycy WO\u015aP cz\u0119sto podnosz\u0105 argumenty o rzekomej polityczno\u015bci fundacji i osobistych pogl\u0105dach jej za\u0142o\u017cyciela. Zwolennicy odpowiadaj\u0105 liczbami, sprz\u0119tem w szpitalach i realnymi efektami zbi\u00f3rek. W tym kontek\u015bcie akcja Orlenu, oparta na prostym mechanizmie \u201ez\u0142ot\u00f3wka od kawy\u201d, sta\u0142a si\u0119 zapalnikiem do kolejnej ods\u0142ony tego samego konfliktu.<\/p>\n\n\n\n<p>Eksperci od \u017cycia publicznego zauwa\u017caj\u0105, \u017ce upolitycznianie dobroczynno\u015bci prowadzi do erozji zaufania spo\u0142ecznego. Gdy gesty symboliczne zaczynaj\u0105 dominowa\u0107 nad faktami, a pomoc potrzebuj\u0105cym staje si\u0119 narz\u0119dziem walki partyjnej, trac\u0105 wszyscy \u2013 niezale\u017cnie od pogl\u0105d\u00f3w. Dane o 3,5 mln z\u0142 zebranych dzi\u0119ki kawie pokazuj\u0105 jednak, \u017ce znaczna cz\u0119\u015b\u0107 spo\u0142ecze\u0144stwa potrafi oddzieli\u0107 emocje polityczne od realnej potrzeby niesienia pomocy.<\/p>\n\n\n\n<p>Historia sprzed 2024 roku, kt\u00f3ra dzi\u015b zn\u00f3w wybrzmiewa w debacie publicznej, pokazuje jedno: nawet najmniejszy gest mo\u017ce sta\u0107 si\u0119 symbolem wi\u0119kszego problemu. Pytanie pozostaje otwarte \u2013 czy w przysz\u0142o\u015bci filantropia w Polsce zn\u00f3w b\u0119dzie mog\u0142a funkcjonowa\u0107 ponad podzia\u0142ami, czy na sta\u0142e pozostanie elementem politycznej wojny.&nbsp;<\/p>\n\n\n\n<p><\/p>\n","protected":false},"excerpt":{"rendered":"Pozornie drobny gest sprzed kilkunastu miesi\u0119cy ponownie sta\u0142 si\u0119 paliwem dla ostrej debaty publicznej. W tle pojawiaj\u0105 si\u0119 wielkie pieni\u0105dze, emocjonalne wypowiedzi polityk\u00f3w \n<a class=\"moretag\" href=\"https:\/\/lifevery.biz.ua\/?p=1181\"> [...]<\/a>","protected":false},"author":1,"featured_media":0,"comment_status":"open","ping_status":"open","sticky":false,"template":"","format":"standard","meta":{"footnotes":""},"categories":[1],"tags":[],"class_list":["post-1181","post","type-post","status-publish","format-standard","hentry","category-blog"],"_links":{"self":[{"href":"https:\/\/lifevery.biz.ua\/index.php?rest_route=\/wp\/v2\/posts\/1181","targetHints":{"allow":["GET"]}}],"collection":[{"href":"https:\/\/lifevery.biz.ua\/index.php?rest_route=\/wp\/v2\/posts"}],"about":[{"href":"https:\/\/lifevery.biz.ua\/index.php?rest_route=\/wp\/v2\/types\/post"}],"author":[{"embeddable":true,"href":"https:\/\/lifevery.biz.ua\/index.php?rest_route=\/wp\/v2\/users\/1"}],"replies":[{"embeddable":true,"href":"https:\/\/lifevery.biz.ua\/index.php?rest_route=%2Fwp%2Fv2%2Fcomments&post=1181"}],"version-history":[{"count":1,"href":"https:\/\/lifevery.biz.ua\/index.php?rest_route=\/wp\/v2\/posts\/1181\/revisions"}],"predecessor-version":[{"id":1182,"href":"https:\/\/lifevery.biz.ua\/index.php?rest_route=\/wp\/v2\/posts\/1181\/revisions\/1182"}],"wp:attachment":[{"href":"https:\/\/lifevery.biz.ua\/index.php?rest_route=%2Fwp%2Fv2%2Fmedia&parent=1181"}],"wp:term":[{"taxonomy":"category","embeddable":true,"href":"https:\/\/lifevery.biz.ua\/index.php?rest_route=%2Fwp%2Fv2%2Fcategories&post=1181"},{"taxonomy":"post_tag","embeddable":true,"href":"https:\/\/lifevery.biz.ua\/index.php?rest_route=%2Fwp%2Fv2%2Ftags&post=1181"}],"curies":[{"name":"wp","href":"https:\/\/api.w.org\/{rel}","templated":true}]}}