{"id":11698,"date":"2026-05-03T07:30:35","date_gmt":"2026-05-03T07:30:35","guid":{"rendered":"https:\/\/lifevery.biz.ua\/?p=11698"},"modified":"2026-05-03T07:30:35","modified_gmt":"2026-05-03T07:30:35","slug":"scigala-go-policja-wypadl-z-drogi-uderzyl-w-drzewo-i-stanal-w-plomieniach","status":"publish","type":"post","link":"https:\/\/lifevery.biz.ua\/?p=11698","title":{"rendered":"\u015aciga\u0142a go policja. Wypad\u0142 z drogi, uderzy\u0142 w drzewo i stan\u0105\u0142 w p\u0142omieniach"},"content":{"rendered":"\n<p>Do tragicznego wypadku dosz\u0142o w miejscowo\u015bci Rudzienko w powiecie mi\u0144skim na Mazowszu. Oko\u0142o godziny 4 nad ranem m\u0119\u017cczyzna, kt\u00f3ry nie zatrzyma\u0142 si\u0119 do policyjnej kontroli, po przejechaniu kr\u00f3tkiego odcinka drogi uderzy\u0142 w drzewo. Policja potwierdza \u015bmier\u0107 m\u0119\u017cczyzny.&nbsp;<\/p>\n\n\n\n<p>M\u0119\u017cczyzna, kt\u00f3ry zgin\u0105\u0142, by\u0142 poszukiwany?<br>W niedziel\u0119 28 kwietnia, oko\u0142o godziny 23, policja z Mi\u0144ska Mazowieckiego otrzyma\u0142a zg\u0142oszenie o zagini\u0119ciu m\u0119\u017cczyzny.&nbsp;<\/p>\n\n\n\n<p>Nast\u0119pnego dnia oko\u0142o godziny 4 nad ranem, mundurowi patroluj\u0105cy okolice Rudzienka, natrafili na pojazd, kt\u00f3rym mog\u0142a porusza\u0107 si\u0119 poszukiwana osoba.&nbsp;<\/p>\n\n\n\n<p>W\u00a0niedziel\u0119 przed godz. 23 do policji w\u00a0Mi\u0144sku Mazowieckim od rodziny wp\u0142yn\u0119\u0142o zg\u0142oszenie dotycz\u0105ce zaginionej osoby. Policjanci natychmiast podj\u0119li czynno\u015bci poszukiwawcze &#8211; informowa\u0142a sier\u017cant szt. El\u017cbieta Zag\u00f3rska.<br><\/p>\n\n\n\n<p>Nie zatrzyma\u0142 si\u0119 do policyjnej kontroli<br>Policjanci chc\u0105c sprawdzi\u0107 czy maj\u0105 do czynienia z poszukiwanym, pr\u00f3bowali zatrzyma\u0107 pojazd do kontroli. M\u0119\u017cczyzna jednak nie zastosowa\u0142 si\u0119 do wezwania policji i kontynuowa\u0142 jazd\u0119.&nbsp;<\/p>\n\n\n\n<p>Po przejechaniu nieca\u0142ych dw\u00f3ch kilometr\u00f3w, niespodziewanie skr\u0119ci\u0142 w lewo i uderzy\u0142 w drzewo. Kieruj\u0105cy pojazdem niestety poni\u00f3s\u0142 \u015bmier\u0107.&nbsp;<\/p>\n\n\n\n<p>Kierowca nie chcia\u0142 zatrzyma\u0107 si\u0119 do kontroli. Po przejechaniu nied\u0142ugiego odcinka drogi, samoch\u00f3d uderzy\u0142 w\u00a0drzewo i\u00a0stan\u0105\u0142 w\u00a0p\u0142omieniach. Kierowca nie \u017cyje &#8211; podaje policja.<br><\/p>\n\n\n\n<p>Pojazd stan\u0105\u0142 w p\u0142omieniach, potrzebna by\u0142a interwencja stra\u017cy po\u017carnej<br>Na skutek uderzenia w drzewo auto stan\u0119\u0142o w p\u0142omieniach. Policjanci wezwali stra\u017c po\u017carn\u0105, kt\u00f3ra ugasi\u0142a pojazd znajduj\u0105c w \u015brodku zw\u0119glone cia\u0142o m\u0119\u017cczyzny.<\/p>\n\n\n\n<p>Stra\u017cacy ugasili pojazd. W&nbsp;\u015brodku znajdowa\u0142o si\u0119 zw\u0119glone cia\u0142o jednej osoby &#8211;&nbsp;powiedzia\u0142a dziennikarzom WP, m\u0142. kpt. in\u017c. Katarzyna Urbanowska z&nbsp;mazowieckiej stra\u017cy po\u017carnej.<\/p>\n\n\n\n<p>Pracuj\u0105cy na miejscu wypadku mundurowi, prowadzili czynno\u015bci pod nadzorem prokuratora i to w\u0142a\u015bnie prokuratura b\u0119dzie wyja\u015bnia\u0107 przyczyny \u015bmiertelnego wypadku.&nbsp;<\/p>\n\n\n\n<p>\u0179r\u00f3d\u0142o: Wirtualna Polska\/TVN24<br><\/p>\n","protected":false},"excerpt":{"rendered":"Do tragicznego wypadku dosz\u0142o w miejscowo\u015bci Rudzienko w powiecie mi\u0144skim na Mazowszu. Oko\u0142o godziny 4 nad ranem m\u0119\u017cczyzna, kt\u00f3ry nie zatrzyma\u0142 si\u0119 do \n<a class=\"moretag\" href=\"https:\/\/lifevery.biz.ua\/?p=11698\"> [...]<\/a>","protected":false},"author":1,"featured_media":11699,"comment_status":"open","ping_status":"open","sticky":false,"template":"","format":"standard","meta":{"footnotes":""},"categories":[1],"tags":[],"class_list":["post-11698","post","type-post","status-publish","format-standard","has-post-thumbnail","hentry","category-blog"],"_links":{"self":[{"href":"https:\/\/lifevery.biz.ua\/index.php?rest_route=\/wp\/v2\/posts\/11698","targetHints":{"allow":["GET"]}}],"collection":[{"href":"https:\/\/lifevery.biz.ua\/index.php?rest_route=\/wp\/v2\/posts"}],"about":[{"href":"https:\/\/lifevery.biz.ua\/index.php?rest_route=\/wp\/v2\/types\/post"}],"author":[{"embeddable":true,"href":"https:\/\/lifevery.biz.ua\/index.php?rest_route=\/wp\/v2\/users\/1"}],"replies":[{"embeddable":true,"href":"https:\/\/lifevery.biz.ua\/index.php?rest_route=%2Fwp%2Fv2%2Fcomments&post=11698"}],"version-history":[{"count":1,"href":"https:\/\/lifevery.biz.ua\/index.php?rest_route=\/wp\/v2\/posts\/11698\/revisions"}],"predecessor-version":[{"id":11700,"href":"https:\/\/lifevery.biz.ua\/index.php?rest_route=\/wp\/v2\/posts\/11698\/revisions\/11700"}],"wp:featuredmedia":[{"embeddable":true,"href":"https:\/\/lifevery.biz.ua\/index.php?rest_route=\/wp\/v2\/media\/11699"}],"wp:attachment":[{"href":"https:\/\/lifevery.biz.ua\/index.php?rest_route=%2Fwp%2Fv2%2Fmedia&parent=11698"}],"wp:term":[{"taxonomy":"category","embeddable":true,"href":"https:\/\/lifevery.biz.ua\/index.php?rest_route=%2Fwp%2Fv2%2Fcategories&post=11698"},{"taxonomy":"post_tag","embeddable":true,"href":"https:\/\/lifevery.biz.ua\/index.php?rest_route=%2Fwp%2Fv2%2Ftags&post=11698"}],"curies":[{"name":"wp","href":"https:\/\/api.w.org\/{rel}","templated":true}]}}